{"id":993,"date":"2022-12-21T11:41:10","date_gmt":"2022-12-21T10:41:10","guid":{"rendered":"https:\/\/parafiazalesie.org\/?p=993"},"modified":"2022-12-21T11:41:10","modified_gmt":"2022-12-21T10:41:10","slug":"ogloszenia-uroczystosc-swietej-bozej-rodzicielki-maryi-1-01-2023-r","status":"publish","type":"post","link":"https:\/\/parafiazalesie.org\/index.php\/2022\/12\/21\/ogloszenia-uroczystosc-swietej-bozej-rodzicielki-maryi-1-01-2023-r\/","title":{"rendered":"OG\u0141OSZENIA  Uroczysto\u015b\u0107 \u015awi\u0119tej Bo\u017cej Rodzicielki Maryi 1.01.2023 r."},"content":{"rendered":"<ol>\n<li><strong>Dzi\u015b<\/strong>:\n<ul>\n<li>w <strong>pierwszy dzie\u0144 Nowego Roku<\/strong> modlimy si\u0119 o pok\u00f3j na ca\u0142ym \u015bwiecie, a szczeg\u00f3lnie o pok\u00f3j w Ukrainie,<\/li>\n<li>za od\u015bpiewanie hymnu do Ducha \u015awi\u0119tego \u201eO Stworzycielu Duchu Przyjd\u017a \u2026\u201d, mo\u017cna zyska\u0107 odpust pod zwyk\u0142ymi warunkami,<\/li>\n<li>Msze \u015bw. w parafii jak w ka\u017cd\u0105 niedziel\u0119,<\/li>\n<li>o godz. 14:00 na <strong>Msz\u0119 \u015bw. kol\u0119dow\u0105<\/strong> zapraszamy mieszka\u0144c\u00f3w ulic: Robotniczej, \u0141ukasiewicza, Kacze\u0144cowej, Krokusowej, Wrzosowej, Czajkowskiego i Osterwy.<\/li>\n<\/ul>\n<\/li>\n<li><strong>W \u015brod\u0119 <\/strong>4 stycznia:\n<ul>\n<li>po Mszy \u015bw. Nowenna do Matki Bo\u017cej Nieustaj\u0105cej Pomocy, Pani Zaleskiej,<\/li>\n<li>po Nowennie adoracja Naj\u015bwi\u0119tszego Sakramentu do godz. 20:00.<\/li>\n<\/ul>\n<\/li>\n<li>W tym tygodniu wypada <strong>pierwszy czwartek, pierwszy pi\u0105tek i pierwsza sobota miesi\u0105ca<\/strong>. Zapraszamy na nabo\u017ce\u0144stwa. Jeste\u015bmy po spowiedzi \u015bwi\u0105tecznej, gdyby by\u0142a potrzeba skorzystania z sakramentu pokuty i pojednania, s\u0142u\u017cymy spowiedzi\u0105 codziennie przed Msz\u0105 \u015bw. porann\u0105 i wieczorn\u0105.<\/li>\n<li><strong>W pi\u0105tek <\/strong>6 stycznia:\n<ul>\n<li><strong>Uroczysto\u015b\u0107 Objawienia Pa\u0144skiego (Trzech Kr\u00f3li),<\/strong><\/li>\n<li>Msze \u015bw. w naszej parafii jak w ka\u017cd\u0105 niedziel\u0119,<\/li>\n<li>sk\u0142adka przeznaczona b\u0119dzie na misje,<\/li>\n<li>rocznica konsekracji Bp\u00f3w Kazimierza i Edwarda, polecamy ich Bogu w modlitwie,<\/li>\n<li>po Mszach \u015bw. po\u015bwi\u0119cenie kadzid\u0142a i kredy,<\/li>\n<li>o godz. 14:00 na <strong>Msz\u0119 \u015bw. kol\u0119dow\u0105<\/strong> zapraszamy mieszka\u0144c\u00f3w ulic: Spacerowej, Spacerowej \u2013 szereg\u00f3wki, Sikorskiego, Sikorskiego \u2013 szereg\u00f3wki, Stra\u017cackiej, Stra\u017cackiej \u2013 bloki i \u0141an\u00f3w.<\/li>\n<\/ul>\n<\/li>\n<li><strong>W niedziel\u0119<\/strong> 8 stycznia:\n<ul>\n<li><strong>\u015awi\u0119to Chrztu Pa\u0144skiego<\/strong>,<\/li>\n<li>koniec okresu Narodzenia Pa\u0144skiego, tradycyjny \u015bpiew kol\u0119d do 2 lutego,<\/li>\n<li>R\u00f3\u017caniec poprowadzi R\u00f3\u017ca \u015bw. Jana Paw\u0142a II,<\/li>\n<li>o godz. 14:00 na <strong>Msz\u0119 \u015bw. kol\u0119dow\u0105<\/strong> zapraszamy mieszka\u0144c\u00f3w ulic: Irysowej, Frezji, Bernackiego, Bernackiego \u2013 szereg\u00f3wki, Dunikowskiego, Dunikowskiego \u2013 bloki, Forsycji, Forsycji \u2013 bloki.<\/li>\n<\/ul>\n<\/li>\n<li><strong>Kontynuacja kol\u0119dy <\/strong>od godz. 16:00:\n<ul>\n<li><strong>poniedzia\u0142ek <\/strong>(2 stycznia) \u2013 ul. Zelwerowicza &#8211; blok 20 D i 20 E,<\/li>\n<li><strong>wtorek<\/strong> (3 stycznia) &#8211; ul.: Zelwerowicza 8 D i Zelwerowicza 11 od C do J, \u0106wikli\u0144skiej szereg\u00f3wka 6 od I do M i Sikorskiego szereg\u00f3wka 124 od D do M,<\/li>\n<li><strong>\u015broda<\/strong> (4 stycznia) &#8211; ul. Sikorskiego szereg\u00f3wka 144 od A do Z,<\/li>\n<li><strong>czwartek<\/strong> (5 stycznia) &#8211; ul. \u0106wikli\u0144skiej 17 tzw. Osiedle Profesorskie.<\/li>\n<\/ul>\n<\/li>\n<\/ol>\n","protected":false},"excerpt":{"rendered":"<p>Dzi\u015b: w pierwszy dzie\u0144 Nowego Roku modlimy si\u0119 o pok\u00f3j na ca\u0142ym \u015bwiecie, a szczeg\u00f3lnie o pok\u00f3j w Ukrainie, za od\u015bpiewanie hymnu do Ducha \u015awi\u0119tego \u201eO Stworzycielu Duchu Przyjd\u017a \u2026\u201d, mo\u017cna zyska\u0107 odpust pod zwyk\u0142ymi warunkami, Msze \u015bw. w parafii jak w ka\u017cd\u0105 niedziel\u0119, o godz. 14:00 na Msz\u0119 \u015bw. kol\u0119dow\u0105 zapraszamy mieszka\u0144c\u00f3w ulic: Robotniczej, <a class=\"read-more\" href=\"https:\/\/parafiazalesie.org\/index.php\/2022\/12\/21\/ogloszenia-uroczystosc-swietej-bozej-rodzicielki-maryi-1-01-2023-r\/\"><\/p>\n<p>Zobacz wi\u0119cej<\/a><\/p>\n","protected":false},"author":1,"featured_media":656,"comment_status":"closed","ping_status":"closed","sticky":false,"template":"","format":"standard","meta":{"ngg_post_thumbnail":0,"footnotes":""},"categories":[3],"tags":[],"class_list":["post-993","post","type-post","status-publish","format-standard","has-post-thumbnail","hentry","category-ogloszenia"],"_links":{"self":[{"href":"https:\/\/parafiazalesie.org\/index.php\/wp-json\/wp\/v2\/posts\/993","targetHints":{"allow":["GET"]}}],"collection":[{"href":"https:\/\/parafiazalesie.org\/index.php\/wp-json\/wp\/v2\/posts"}],"about":[{"href":"https:\/\/parafiazalesie.org\/index.php\/wp-json\/wp\/v2\/types\/post"}],"author":[{"embeddable":true,"href":"https:\/\/parafiazalesie.org\/index.php\/wp-json\/wp\/v2\/users\/1"}],"replies":[{"embeddable":true,"href":"https:\/\/parafiazalesie.org\/index.php\/wp-json\/wp\/v2\/comments?post=993"}],"version-history":[{"count":0,"href":"https:\/\/parafiazalesie.org\/index.php\/wp-json\/wp\/v2\/posts\/993\/revisions"}],"wp:featuredmedia":[{"embeddable":true,"href":"https:\/\/parafiazalesie.org\/index.php\/wp-json\/wp\/v2\/media\/656"}],"wp:attachment":[{"href":"https:\/\/parafiazalesie.org\/index.php\/wp-json\/wp\/v2\/media?parent=993"}],"wp:term":[{"taxonomy":"category","embeddable":true,"href":"https:\/\/parafiazalesie.org\/index.php\/wp-json\/wp\/v2\/categories?post=993"},{"taxonomy":"post_tag","embeddable":true,"href":"https:\/\/parafiazalesie.org\/index.php\/wp-json\/wp\/v2\/tags?post=993"}],"curies":[{"name":"wp","href":"https:\/\/api.w.org\/{rel}","templated":true}]}}