{"id":991,"date":"2022-12-21T11:38:21","date_gmt":"2022-12-21T10:38:21","guid":{"rendered":"https:\/\/parafiazalesie.org\/?p=991"},"modified":"2022-12-21T11:38:21","modified_gmt":"2022-12-21T10:38:21","slug":"intencje-mszalne-02-08-01-2023r","status":"publish","type":"post","link":"https:\/\/parafiazalesie.org\/index.php\/2022\/12\/21\/intencje-mszalne-02-08-01-2023r\/","title":{"rendered":"INTENCJE MSZALNE  02 \u2013 08.01.2023r."},"content":{"rendered":"<table width=\"744\">\n<tbody>\n<tr>\n<td rowspan=\"2\" width=\"108\">\n<p>02.01.2023r.<\/p>\n<p>Poniedzia\u0142ek<\/p>\n<\/td>\n<td width=\"48\">\n<p>7.00<\/p>\n<\/td>\n<td width=\"588\">\n<p>1. + Andrzej Rak gr.2<br \/>\n2. + J\u00f3zef Surdel \u2013 z int. koleg\u00f3w Grzegorza z boiska<br \/>\n3. + Stanis\u0142aw Pilch \u2013 z int. Tomasza Lisowicz z Rodzin\u0105<br \/>\n4. + Piotr K\u0119dzior \u2013 z int. rodziny Rak<\/p>\n<\/td>\n<\/tr>\n<tr>\n<td width=\"48\">\n<p>18.00<\/p>\n<\/td>\n<td width=\"588\">\n<p>1. ++ Emilia i Andrzej Skiba<br \/>\n2. + Stanis\u0142awa (f) Rze\u017anikiewicz \u2013 z int. pracownik\u00f3w Sanepidu<\/p>\n<\/td>\n<\/tr>\n<tr>\n<td rowspan=\"2\" width=\"108\">\n<p>03.01.2023r.<\/p>\n<p>Wtorek<\/p>\n<\/td>\n<td width=\"48\">\n<p>7.00<\/p>\n<\/td>\n<td width=\"588\">\n<p>1. Dzi\u0119kczynna w 70r. urodzin Bo\u017ceny z pro\u015bb\u0105 o dalsze Bo\u017ce b\u0142ogos\u0142awie\u0144stwo,\u00a0zdrowie, potrzebne \u0142aski i opiek\u0119 Matki Bo\u017cej Pani Zaleskiej<br \/>\n2. + Andrzej Rak gr.3<br \/>\n3. + J\u00f3zef Surdel \u2013 z int. pracownik\u00f3w Izby Administracji Skarbowej w Rzeszowie<br \/>\n4. + Stanis\u0142aw Pilch \u2013 z int. Sobolewskich i Kieferling\u00f3w<\/p>\n<\/td>\n<\/tr>\n<tr>\n<td width=\"48\">\n<p>18.00<\/p>\n<\/td>\n<td width=\"588\">\n<p>1. + Piotr K\u0119dzior \u2013 z int. rodziny Czyrek<br \/>\n2. + Stanis\u0142aw Piszcz \u2013 z int. s\u0105siad\u00f3w z ul. Fio\u0142kowej<\/p>\n<\/td>\n<\/tr>\n<tr>\n<td rowspan=\"2\" width=\"108\">\n<p>04.01.2023r.<\/p>\n<p>\u015aroda<\/p>\n<\/td>\n<td width=\"48\">\n<p>7.00<\/p>\n<\/td>\n<td width=\"588\">\n<p>1. + Andrzej Rak gr.4<br \/>\n2. + J\u00f3zef Surdel \u2013 z int. pracownik\u00f3w Izby Administracji Skarbowej w Rzeszowie<br \/>\n3. + Maria Filipek \u2013 z int. piel\u0119gniarek z Kliniki Alergologii Szpitala Chor\u00f3b P\u0142uc<br \/>\n4. + Piotr K\u0119dzior \u2013 z int. rodziny Sod\u00f3w<\/p>\n<\/td>\n<\/tr>\n<tr>\n<td width=\"48\">\n<p>18.00<\/p>\n<\/td>\n<td width=\"588\">\n<p>1. Dzi\u0119kczynna za \u0142aski w minionym roku z pro\u015bb\u0105 o Bo\u017ce b\u0142ogos\u0142awie\u0144stwo i opiek\u0119\u00a0Matki Bo\u017cej dla Si\u00f3str z R\u00f3\u017cy b\u0142. El\u017cbiety R\u00f3\u017cy Czackiej i ich Rodzin na Nowy Rok<br \/>\n2. + Stanis\u0142aw Pilch \u2013 z int. c\u00f3rki Joanny z Rodzin\u0105<\/p>\n<\/td>\n<\/tr>\n<tr>\n<td rowspan=\"2\" width=\"108\">\n<p>05.01.2023r.<\/p>\n<p>Czwartek<\/p>\n<\/td>\n<td width=\"48\">\n<p>7.00<\/p>\n<\/td>\n<td width=\"588\">\n<p>1. + Andrzej Rak gr.5<br \/>\n2. + J\u00f3zef Surdel \u2013 z int. Czes\u0142awa Kalisztana z Rodzin\u0105<br \/>\n3. + Maria Filipek \u2013 z int. Bo\u017ceny i Wies\u0142awa Dec<br \/>\n4. + Stanis\u0142aw Piszcz \u2013 z int. rodziny Polak\u00f3w<\/p>\n<\/td>\n<\/tr>\n<tr>\n<td width=\"48\">\n<p>18.00<\/p>\n<\/td>\n<td width=\"588\">\n<p>1. + Piotr K\u0119dzior \u2013 z int. R\u00f3\u017cy \u015bw. Jadwigi Kr\u00f3lowej (Anny Czyrek)<br \/>\n2. + Stanis\u0142aw Pilch \u2013 z int. c\u00f3rki Joanny z Rodzin\u0105<\/p>\n<\/td>\n<\/tr>\n<tr>\n<td rowspan=\"5\" width=\"108\">\n<p>06.01.2023r.<\/p>\n<p>Pi\u0105tek<\/p>\n<\/td>\n<td width=\"48\">\n<p>7.00<\/p>\n<\/td>\n<td width=\"588\">\n<p>1. + Andrzej Rak gr.6<br \/>\n2. + Piotr K\u0119dzior \u2013 z int. chrze\u015bniaka<\/p>\n<\/td>\n<\/tr>\n<tr>\n<td width=\"48\">\n<p>9.00<\/p>\n<\/td>\n<td width=\"588\">\n<p>Dzi\u0119kczynna w 15r. \u015blubu Aleksandry i Bogumi\u0142a z pro\u015bb\u0105 o Bo\u017ce b\u0142ogos\u0142awie\u0144stwo <br \/>\ni opiek\u0119 Matki Bo\u017cej<\/p>\n<\/td>\n<\/tr>\n<tr>\n<td width=\"48\">\n<p>10.30<\/p>\n<\/td>\n<td width=\"588\">\n<p>+ Adam Rybka \u2013 z int. Stefanii Kaszuba<\/p>\n<\/td>\n<\/tr>\n<tr>\n<td width=\"48\">\n<p>12.00<\/p>\n<\/td>\n<td width=\"588\">\n<p>Dzi\u0119kczynna w 50r. \u015blubu Czes\u0142awy i Mieczys\u0142awa z pro\u015bb\u0105 o Bo\u017ce b\u0142ogos\u0142awie\u0144stwo <br \/>\ni opiek\u0119 Matki Bo\u017cej<\/p>\n<\/td>\n<\/tr>\n<tr>\n<td width=\"48\">\n<p>18.00<\/p>\n<\/td>\n<td width=\"588\">\n<p>+ Stanis\u0142awa (f) Rze\u017anikiewicz \u2013 z int. pracownik\u00f3w Sanepidu<\/p>\n<\/td>\n<\/tr>\n<tr>\n<td rowspan=\"2\" width=\"108\">\n<p>07.01.2023r.<\/p>\n<p>Sobota<\/p>\n<\/td>\n<td width=\"48\">\n<p>7.00<\/p>\n<\/td>\n<td width=\"588\">\n<p>1. + Andrzej Rak gr.7<br \/>\n2. + J\u00f3zef Surdel \u2013 z int. Czes\u0142awa Kalisztana z Rodzin\u0105<br \/>\n3. + Stanis\u0142aw Pilch \u2013 z int. Agnieszki Ku\u015b z Rodzin\u0105<br \/>\n4. + Piotr K\u0119dzior \u2013 z int. rodziny Hus\u00f3w<\/p>\n<\/td>\n<\/tr>\n<tr>\n<td width=\"48\">\n<p>18.00<\/p>\n<\/td>\n<td width=\"588\">\n<p>1. Dzi\u0119kczynna w 18r. urodzin Tymoteusza z pro\u015bb\u0105 o Bo\u017ce b\u0142ogos\u0142awie\u0144stwo i opiek\u0119\u00a0Matki Bo\u017cej w doros\u0142ym \u017cyciu<br \/>\n2. + Maria Filipek \u2013 z int. pracownik\u00f3w laboratorium Szpitala Chor\u00f3b P\u0142u<\/p>\n<\/td>\n<\/tr>\n<tr>\n<td rowspan=\"5\" width=\"108\">\n<p>08.01.2023r.<\/p>\n<p>Niedziela<\/p>\n<\/td>\n<td width=\"48\">\n<p>7.00<\/p>\n<\/td>\n<td width=\"588\">\n<p>1. Dzi\u0119kczynna w 45r. urodzin Paw\u0142a z pro\u015bb\u0105 o Bo\u017ce b\u0142ogos\u0142awie\u0144stwo, zdrowie\u00a0i opiek\u0119 Matki Bo\u017cej Zaleskiej<br \/>\n2. + Stanis\u0142aw Piszcz \u2013 z int. pracownik\u00f3w firmy TERMO \u2013 INSTAL<\/p>\n<\/td>\n<\/tr>\n<tr>\n<td width=\"48\">\n<p>9.00<\/p>\n<\/td>\n<td width=\"588\">\n<p>++ Leopold i J\u00f3zefa (f) z Rodzin\u0105<\/p>\n<\/td>\n<\/tr>\n<tr>\n<td width=\"48\">\n<p>10.30<\/p>\n<\/td>\n<td width=\"588\">\n<p>Za Parafian<\/p>\n<\/td>\n<\/tr>\n<tr>\n<td width=\"48\">\n<p>12.00<\/p>\n<\/td>\n<td width=\"588\">\n<p>+ Andrzej Rak gr.8<\/p>\n<\/td>\n<\/tr>\n<tr>\n<td width=\"48\">\n<p>17.00<\/p>\n<\/td>\n<td width=\"588\">\n<p>+ J\u00f3zef Kutniewski w 13r. \u015bmierci<\/p>\n<\/td>\n<\/tr>\n<\/tbody>\n<\/table>\n<p>&nbsp;<\/p>\n","protected":false},"excerpt":{"rendered":"<p>02.01.2023r. Poniedzia\u0142ek 7.00 1. + Andrzej Rak gr.2 2. + J\u00f3zef Surdel \u2013 z int. koleg\u00f3w Grzegorza z boiska 3. + Stanis\u0142aw Pilch \u2013 z int. Tomasza Lisowicz z Rodzin\u0105 4. + Piotr K\u0119dzior \u2013 z int. rodziny Rak 18.00 1. ++ Emilia i Andrzej Skiba 2. + Stanis\u0142awa (f) Rze\u017anikiewicz \u2013 z int. pracownik\u00f3w <a class=\"read-more\" href=\"https:\/\/parafiazalesie.org\/index.php\/2022\/12\/21\/intencje-mszalne-02-08-01-2023r\/\"><\/p>\n<p>Zobacz wi\u0119cej<\/a><\/p>\n","protected":false},"author":1,"featured_media":111,"comment_status":"closed","ping_status":"closed","sticky":false,"template":"","format":"standard","meta":{"ngg_post_thumbnail":0,"footnotes":""},"categories":[5],"tags":[],"class_list":["post-991","post","type-post","status-publish","format-standard","has-post-thumbnail","hentry","category-intencje"],"_links":{"self":[{"href":"https:\/\/parafiazalesie.org\/index.php\/wp-json\/wp\/v2\/posts\/991","targetHints":{"allow":["GET"]}}],"collection":[{"href":"https:\/\/parafiazalesie.org\/index.php\/wp-json\/wp\/v2\/posts"}],"about":[{"href":"https:\/\/parafiazalesie.org\/index.php\/wp-json\/wp\/v2\/types\/post"}],"author":[{"embeddable":true,"href":"https:\/\/parafiazalesie.org\/index.php\/wp-json\/wp\/v2\/users\/1"}],"replies":[{"embeddable":true,"href":"https:\/\/parafiazalesie.org\/index.php\/wp-json\/wp\/v2\/comments?post=991"}],"version-history":[{"count":0,"href":"https:\/\/parafiazalesie.org\/index.php\/wp-json\/wp\/v2\/posts\/991\/revisions"}],"wp:featuredmedia":[{"embeddable":true,"href":"https:\/\/parafiazalesie.org\/index.php\/wp-json\/wp\/v2\/media\/111"}],"wp:attachment":[{"href":"https:\/\/parafiazalesie.org\/index.php\/wp-json\/wp\/v2\/media?parent=991"}],"wp:term":[{"taxonomy":"category","embeddable":true,"href":"https:\/\/parafiazalesie.org\/index.php\/wp-json\/wp\/v2\/categories?post=991"},{"taxonomy":"post_tag","embeddable":true,"href":"https:\/\/parafiazalesie.org\/index.php\/wp-json\/wp\/v2\/tags?post=991"}],"curies":[{"name":"wp","href":"https:\/\/api.w.org\/{rel}","templated":true}]}}