{"id":98,"date":"2021-03-28T15:56:37","date_gmt":"2021-03-28T13:56:37","guid":{"rendered":"https:\/\/parafiazalesie.org\/?p=98"},"modified":"2021-03-28T15:56:37","modified_gmt":"2021-03-28T13:56:37","slug":"palmy-wielkanocne","status":"publish","type":"post","link":"https:\/\/parafiazalesie.org\/index.php\/2021\/03\/28\/palmy-wielkanocne\/","title":{"rendered":"Palmy wielkanocne"},"content":{"rendered":"<p>Parafialny Zesp\u00f3\u0142 Caritas po ka\u017cdej Mszy \u015awi\u0119tej w Niedziel\u0119 Palmow\u0105 b\u0119dzie rozprowadza\u0142 palmy wielkanocne i ozdoby \u015bwi\u0105teczne. W Wielkiej Czwartek po Mszy \u015awi\u0119tej Wieczerzy Pa\u0144skiej chlebki. Zebrane pieni\u0105dze b\u0119d\u0105 przeznaczone na rehabilitacj\u0119 ci\u0119\u017cko chorej ma\u0142ej Izy Kmiotek, kt\u00f3ra pochodzi z naszej parafii.<\/p>\n<p><img loading=\"lazy\" decoding=\"async\" class=\"alignnone wp-image-100 size-full\" src=\"https:\/\/parafiazalesie.org\/wp-content\/uploads\/2021\/03\/image0000002.jpg\" alt=\"\" width=\"640\" height=\"480\" srcset=\"https:\/\/parafiazalesie.org\/wp-content\/uploads\/2021\/03\/image0000002.jpg 640w, https:\/\/parafiazalesie.org\/wp-content\/uploads\/2021\/03\/image0000002-300x225.jpg 300w\" sizes=\"auto, (max-width: 640px) 100vw, 640px\" \/><\/p>\n<p><img loading=\"lazy\" decoding=\"async\" class=\"alignnone wp-image-101 size-full\" src=\"https:\/\/parafiazalesie.org\/wp-content\/uploads\/2021\/03\/image0000001.jpg\" alt=\"\" width=\"480\" height=\"640\" srcset=\"https:\/\/parafiazalesie.org\/wp-content\/uploads\/2021\/03\/image0000001.jpg 480w, https:\/\/parafiazalesie.org\/wp-content\/uploads\/2021\/03\/image0000001-225x300.jpg 225w\" sizes=\"auto, (max-width: 480px) 100vw, 480px\" \/><\/p>\n","protected":false},"excerpt":{"rendered":"<p>Parafialny Zesp\u00f3\u0142 Caritas po ka\u017cdej Mszy \u015awi\u0119tej w Niedziel\u0119 Palmow\u0105 b\u0119dzie rozprowadza\u0142 palmy wielkanocne i ozdoby \u015bwi\u0105teczne. W Wielkiej Czwartek po Mszy \u015awi\u0119tej Wieczerzy Pa\u0144skiej chlebki. Zebrane pieni\u0105dze b\u0119d\u0105 przeznaczone na rehabilitacj\u0119 ci\u0119\u017cko chorej ma\u0142ej Izy Kmiotek, kt\u00f3ra pochodzi z naszej parafii.<\/p>\n","protected":false},"author":1,"featured_media":99,"comment_status":"open","ping_status":"open","sticky":false,"template":"","format":"standard","meta":{"ngg_post_thumbnail":0,"footnotes":""},"categories":[6],"tags":[],"class_list":["post-98","post","type-post","status-publish","format-standard","has-post-thumbnail","hentry","category-aktualnosci"],"_links":{"self":[{"href":"https:\/\/parafiazalesie.org\/index.php\/wp-json\/wp\/v2\/posts\/98","targetHints":{"allow":["GET"]}}],"collection":[{"href":"https:\/\/parafiazalesie.org\/index.php\/wp-json\/wp\/v2\/posts"}],"about":[{"href":"https:\/\/parafiazalesie.org\/index.php\/wp-json\/wp\/v2\/types\/post"}],"author":[{"embeddable":true,"href":"https:\/\/parafiazalesie.org\/index.php\/wp-json\/wp\/v2\/users\/1"}],"replies":[{"embeddable":true,"href":"https:\/\/parafiazalesie.org\/index.php\/wp-json\/wp\/v2\/comments?post=98"}],"version-history":[{"count":0,"href":"https:\/\/parafiazalesie.org\/index.php\/wp-json\/wp\/v2\/posts\/98\/revisions"}],"wp:featuredmedia":[{"embeddable":true,"href":"https:\/\/parafiazalesie.org\/index.php\/wp-json\/wp\/v2\/media\/99"}],"wp:attachment":[{"href":"https:\/\/parafiazalesie.org\/index.php\/wp-json\/wp\/v2\/media?parent=98"}],"wp:term":[{"taxonomy":"category","embeddable":true,"href":"https:\/\/parafiazalesie.org\/index.php\/wp-json\/wp\/v2\/categories?post=98"},{"taxonomy":"post_tag","embeddable":true,"href":"https:\/\/parafiazalesie.org\/index.php\/wp-json\/wp\/v2\/tags?post=98"}],"curies":[{"name":"wp","href":"https:\/\/api.w.org\/{rel}","templated":true}]}}