{"id":966,"date":"2022-12-03T11:00:22","date_gmt":"2022-12-03T10:00:22","guid":{"rendered":"https:\/\/parafiazalesie.org\/?p=966"},"modified":"2022-12-04T13:38:34","modified_gmt":"2022-12-04T12:38:34","slug":"ogloszenia-ii-niedziela-adwentu-4-12-2022-r","status":"publish","type":"post","link":"https:\/\/parafiazalesie.org\/index.php\/2022\/12\/03\/ogloszenia-ii-niedziela-adwentu-4-12-2022-r\/","title":{"rendered":"OG\u0141OSZENIA II Niedziela Adwentu (4.12.2022 r.)"},"content":{"rendered":"<ol>\n<li>Rozpocz\u0119li\u015bmy Adwent. Przygotowujemy si\u0119 na spotkanie z Jezusem w Uroczysto\u015b\u0107 Bo\u017cego Narodzenia. Zwr\u00f3\u0107my uwag\u0119 na o\u017cywienie modlitwy, uczestnictwo w Mszy \u015bw. roratniej, mo\u017ce razem z dzie\u0107mi, spowied\u017a \u015bwi\u0119t\u0105. Dzieci zapraszamy na wsp\u00f3lne prze\u017cywanie Adwentu codziennie na godz. 18:00 r\u00f3wnie\u017c na rozwa\u017canie S\u0142owa Bo\u017cego<strong>.<\/strong><\/li>\n<li>Caritas chce kontynuowa\u0107 akcj\u0119 \u015awiece Wigilijnego Dzie\u0142a Pomocy Dzieciom. Pod ch\u00f3rem mo\u017cna naby\u0107 du\u017c\u0105 lub ma\u0142\u0105 \u015bwiec\u0119 na st\u00f3\u0142 wigilijny. Mo\u017cna r\u00f3wnie\u017c pod ch\u00f3rem do kosza sk\u0142ada\u0107 artyku\u0142y spo\u017cywcze, chemiczne dla potrzebuj\u0105cych na zbli\u017caj\u0105ce si\u0119 \u015awi\u0119ta Bo\u017cego Narodzenia. Mo\u017cna te\u017c z zakrystii zabra\u0107 paczk\u0119 i przygotowa\u0107 jako pomoc Ukrainie. Ju\u017c by\u0142a taka pomoc organizowana. Wiemy jak sytuacja humanitarna tam wygl\u0105da gdyby kto\u015b zechcia\u0142 jest taka mo\u017cliwo\u015b\u0107 mo\u017ce np. w kilka rodzin z danej ulicy w s\u0105siedztwie.<\/li>\n<li><strong>Dzi\u015b:<\/strong>\n<ul>\n<li>po Mszach \u015bw. pob\u0142ogos\u0142awimy op\u0142atki na st\u00f3\u0142 wigilijny i mo\u017cna je b\u0119dzie sobie zabra\u0107 sprzed o\u0142tarza. Je\u015bli kto\u015b chcia\u0142by z tej okazji z\u0142o\u017cy\u0107 ofiar\u0119 sk\u0142adajmy w kopercie na tac\u0119 z dopiskiem &#8222;op\u0142atek,<\/li>\n<li>obchodzimy 23 Dzie\u0144 modlitwy i pomocy materialnej Ko\u015bcio\u0142owi na Wschodzie. Po Mszach \u015bw. zbi\u00f3rka do puszek na pomoc Ko\u015bcio\u0142owi na Wschodzie.<\/li>\n<\/ul>\n<\/li>\n<li><strong>We wtorek<\/strong> 6 grudnia:\n<ul>\n<li>wspomnienie \u015bw. Miko\u0142aja,<\/li>\n<li>po Mszy \u015bw. wieczornej spotkanie ze \u015bwi\u0119tym Miko\u0142ajem dla dzieci ze Scholii, LSO i Oazy.<\/li>\n<\/ul>\n<\/li>\n<li><strong>W \u015brod\u0119<\/strong> 7 grudnia:\n<ul>\n<li>wspomnienie \u015bw. Ambro\u017cego, biskupa, doktora Ko\u015bcio\u0142a,<\/li>\n<li>po Mszy \u015bw. roratniej Nowenna do Matki Bo\u017cej Nieustaj\u0105cej Pomocy, Pani Zaleskiej,<\/li>\n<li>po Nowennie Adoracja Naj\u015bwi\u0119tszego Sakramentu do godz. 20:00.<\/li>\n<\/ul>\n<\/li>\n<li><strong>W czwartek<\/strong> 8 grudnia:\n<ul>\n<li><strong>Uroczysto\u015b\u0107 Niepokalanego Pocz\u0119cia Naj\u015bwi\u0119tszej Maryi Panny. <\/strong><\/li>\n<li>Msze \u015bw. o godz. 7:00; 9:00 i 18:00. Zach\u0119camy do jak najliczniejszego uczestnictwa w tej pi\u0119knej Uroczysto\u015bci ku czci Maryi, w kt\u00f3rej B\u00f3g przygotowa\u0142 godne mieszkanie dla swojego Syna Jezusa Chrystusa naszego Zbawiciela,<\/li>\n<li>w po\u0142udnie \u201eGodzina \u0141aski\u201d, o kt\u00f3rej Maryja m\u00f3wi\u0142a w objawieniu uznanym przez Ko\u015bci\u00f3\u0142 w Montichiari dnia 8.XII.1947 r.: \u201e\u017bycz\u0119 sobie, aby ka\u017cdego roku w dniu 8 grudnia, w po\u0142udnie obchodzono Godzin\u0119 \u0141aski dla ca\u0142ego \u015bwiata. Dzi\u0119ki modlitwie w tej godzinie, ze\u015bl\u0119 wiele \u0142ask dla duszy i cia\u0142a. B\u0119d\u0105 masowe nawr\u00f3cenia. Dusze zatwardzia\u0142e i zimne jak marmur poruszone b\u0119d\u0105 \u0142ask\u0105 Bo\u017c\u0105 i zn\u00f3w stan\u0105 si\u0119 wierne i mi\u0142uj\u0105ce Boga. Jest moim \u017cyczeniem, aby ta Godzina by\u0142a rozpowszechniona. Wkr\u00f3tce ludzie poznaj\u0105 wielko\u015b\u0107 tej Godziny \u0141aski.\u201d<\/li>\n<li>na wieczorn\u0105 Msz\u0119 \u015bw. zapraszamy dzieci przygotowuj\u0105ce si\u0119 do I Komunii \u015awi\u0119tej. Otrzymaj\u0105 po\u015bwi\u0119cone medaliki Matki Bo\u017cej.<\/li>\n<\/ul>\n<\/li>\n<li><strong>W pi\u0105tek<\/strong> 9 grudnia:\n<ul>\n<li>od godz. 17:00 Adoracja Naj\u015bwi\u0119tszego Sakramentu. Zapraszamy wszystkich pragn\u0105cych sp\u0119dzi\u0107 czas przed Jezusem Eucharystycznym.<\/li>\n<\/ul>\n<\/li>\n<li><strong>W niedziel\u0119<\/strong> 11 grudnia:\n<ul>\n<li>r\u00f3\u017caniec poprowadzi R\u00f3\u017ca b\u0142. El\u017cbiety R\u00f3\u017cy Czackiej,<\/li>\n<li>o godz. 12:00 Msza \u015bw. z udzia\u0142em dzieci.<\/li>\n<\/ul>\n<\/li>\n<li>Pod ch\u00f3rem nowa prasa katolicka.<\/li>\n<\/ol>\n<p>&nbsp;<\/p>\n<p><strong>Spotkania:<\/strong><\/p>\n<ul>\n<li><strong>Kandydaci do bierzmowania<\/strong> \u2013 poniedzia\u0142ek, wtorek, czwartek po Mszy \u015bw. (udzia\u0142 we Mszy \u015bw. obowi\u0105zkowy)<\/li>\n<li><strong>Scholka<\/strong> \u2013 poniedzia\u0142ek 17:30<\/li>\n<li><strong>Duszpasterstwo Akademickie \u201eGROTA\u201d <\/strong>\u2013 poniedzia\u0142ek 19:00<\/li>\n<li><strong>Ch\u00f3r CREDO <\/strong>\u2013 wtorek 18:00<\/li>\n<li><strong>Wsp\u00f3lnota Doros\u0142ych<\/strong> &#8211; wtorek po Mszy \u015bw.<\/li>\n<li><strong>Kandydaci na ministrant\u00f3w<\/strong> \u2013 \u015broda o godz. 17:00<\/li>\n<li><strong>LSO<\/strong> &#8211; \u015broda po Mszy \u015bw.<\/li>\n<li><strong>Ruch \u015awiat\u0142o &#8211; \u017bycie<\/strong> \u2013 pi\u0105tek po Mszy \u015bw.<\/li>\n<\/ul>\n","protected":false},"excerpt":{"rendered":"<p>Rozpocz\u0119li\u015bmy Adwent. Przygotowujemy si\u0119 na spotkanie z Jezusem w Uroczysto\u015b\u0107 Bo\u017cego Narodzenia. Zwr\u00f3\u0107my uwag\u0119 na o\u017cywienie modlitwy, uczestnictwo w Mszy \u015bw. roratniej, mo\u017ce razem z dzie\u0107mi, spowied\u017a \u015bwi\u0119t\u0105. Dzieci zapraszamy na wsp\u00f3lne prze\u017cywanie Adwentu codziennie na godz. 18:00 r\u00f3wnie\u017c na rozwa\u017canie S\u0142owa Bo\u017cego. Caritas chce kontynuowa\u0107 akcj\u0119 \u015awiece Wigilijnego Dzie\u0142a Pomocy Dzieciom. Pod ch\u00f3rem mo\u017cna <a class=\"read-more\" href=\"https:\/\/parafiazalesie.org\/index.php\/2022\/12\/03\/ogloszenia-ii-niedziela-adwentu-4-12-2022-r\/\"><\/p>\n<p>Zobacz wi\u0119cej<\/a><\/p>\n","protected":false},"author":1,"featured_media":967,"comment_status":"closed","ping_status":"closed","sticky":false,"template":"","format":"standard","meta":{"ngg_post_thumbnail":0,"footnotes":""},"categories":[3],"tags":[],"class_list":["post-966","post","type-post","status-publish","format-standard","has-post-thumbnail","hentry","category-ogloszenia"],"_links":{"self":[{"href":"https:\/\/parafiazalesie.org\/index.php\/wp-json\/wp\/v2\/posts\/966","targetHints":{"allow":["GET"]}}],"collection":[{"href":"https:\/\/parafiazalesie.org\/index.php\/wp-json\/wp\/v2\/posts"}],"about":[{"href":"https:\/\/parafiazalesie.org\/index.php\/wp-json\/wp\/v2\/types\/post"}],"author":[{"embeddable":true,"href":"https:\/\/parafiazalesie.org\/index.php\/wp-json\/wp\/v2\/users\/1"}],"replies":[{"embeddable":true,"href":"https:\/\/parafiazalesie.org\/index.php\/wp-json\/wp\/v2\/comments?post=966"}],"version-history":[{"count":0,"href":"https:\/\/parafiazalesie.org\/index.php\/wp-json\/wp\/v2\/posts\/966\/revisions"}],"wp:featuredmedia":[{"embeddable":true,"href":"https:\/\/parafiazalesie.org\/index.php\/wp-json\/wp\/v2\/media\/967"}],"wp:attachment":[{"href":"https:\/\/parafiazalesie.org\/index.php\/wp-json\/wp\/v2\/media?parent=966"}],"wp:term":[{"taxonomy":"category","embeddable":true,"href":"https:\/\/parafiazalesie.org\/index.php\/wp-json\/wp\/v2\/categories?post=966"},{"taxonomy":"post_tag","embeddable":true,"href":"https:\/\/parafiazalesie.org\/index.php\/wp-json\/wp\/v2\/tags?post=966"}],"curies":[{"name":"wp","href":"https:\/\/api.w.org\/{rel}","templated":true}]}}