{"id":955,"date":"2022-11-19T09:29:28","date_gmt":"2022-11-19T08:29:28","guid":{"rendered":"https:\/\/parafiazalesie.org\/?p=955"},"modified":"2022-11-21T09:49:23","modified_gmt":"2022-11-21T08:49:23","slug":"ogloszenia-xxxiv-niedziela-zwykla-20-11-2022-r-uroczystosc-jezusa-chrystusa-krola-wszechswiata","status":"publish","type":"post","link":"https:\/\/parafiazalesie.org\/index.php\/2022\/11\/19\/ogloszenia-xxxiv-niedziela-zwykla-20-11-2022-r-uroczystosc-jezusa-chrystusa-krola-wszechswiata\/","title":{"rendered":"OG\u0141OSZENIA  XXXIV Niedziela Zwyk\u0142a (20.11.2022 r.)  Uroczysto\u015b\u0107 Jezusa Chrystusa Kr\u00f3la Wszech\u015bwiata"},"content":{"rendered":"<ol>\n<li>Do ko\u0144ca listopada mo\u017cemy zyskiwa\u0107 odpust cz\u0105stkowy za zmar\u0142ych pod zwyk\u0142ymi warunkami w tym tak\u017ce nawiedzaj\u0105c cmentarz.<\/li>\n<li>Codziennie po Mszy \u015bw. wieczornej modlimy si\u0119 za wszystkich wiernych zmar\u0142ych wspominanych w wypominkach. W niedziel\u0119 r\u00f3\u017caniec za zmar\u0142ych o godz. 16:30.<\/li>\n<li><strong>Dzi\u015b<\/strong> w Uroczysto\u015b\u0107 Jezusa Chrystusa Kr\u00f3la Wszech\u015bwiata, patronalne \u015bwi\u0119to Akcji Katolickiej i Katolickiego Stowarzyszenia M\u0142odzie\u017cy. Duszpasterstwo M\u0142odzie\u017cy zaprasza do wzi\u0119cia udzia\u0142u w \u015awiatowym Dniu M\u0142odzie\u017cy Diecezji Rzeszowskiej. W programie o godz. 12:00 Msza \u015bw. w Katedrze Rzeszowskiej pod przewodnictwem Ks. Bpa Jana W\u0105troby, nast\u0119pnie przej\u015bcie na Uniwersytet Rzeszowski i dalsza cz\u0119\u015b\u0107 spotkania.<\/li>\n<li><strong>W poniedzia\u0142ek<\/strong> 21 listopada:\n<ul>\n<li>wspomnienie Ofiarowania Naj\u015bwi\u0119tszej Maryi Panny.<\/li>\n<\/ul>\n<\/li>\n<li><strong>We wtorek<\/strong> 22 listopada:\n<ul>\n<li>wspomnienie \u015bw. Cecylii, dziewicy i m\u0119czennicy. Dzie\u0144 modlitwy w intencji piel\u0119gnuj\u0105cych \u015bpiew i muzyk\u0119 ko\u015bcieln\u0105,<\/li>\n<li>o godz. 18:00 zapraszamy na nabo\u017ce\u0144stwo, w kt\u00f3rym mo\u017cemy poznawa\u0107 i rozwa\u017ca\u0107 nauczanie \u015bw. Papie\u017ca Jana Paw\u0142a II oraz dzi\u0119kowa\u0107 i prosi\u0107 za wstawiennictwem \u015bw. Patrona naszej Ojczyzny o potrzebne \u0142aski.<\/li>\n<\/ul>\n<\/li>\n<li><strong>W \u015brod\u0119<\/strong> 23 listopada:\n<ul>\n<li>po Mszy \u015bw. Nowenna do Matki Bo\u017cej Nieustaj\u0105cej Pomocy, Pani Zaleskiej wraz z wypominkami za zmar\u0142ych,<\/li>\n<li>po Nowennie Adoracja Naj\u015bwi\u0119tszego Sakramentu do godz. 20:00.<\/li>\n<\/ul>\n<\/li>\n<li><strong>W czwartek<\/strong> 24 listopada:\n<ul>\n<li>wspomnienie \u015bw. Andrzeja Dung \u2013 Lac, kap\u0142ana i towarzyszy, m\u0119czennik\u00f3w.<\/li>\n<\/ul>\n<\/li>\n<li><strong>W pi\u0105tek<\/strong> 25 listopada:\n<ul>\n<li>od godz. 17:00 Adoracja Naj\u015bwi\u0119tszego Sakramentu. Zapraszamy wszystkich pragn\u0105cych sp\u0119dzi\u0107 czas przed Jezusem Eucharystycznym.<\/li>\n<\/ul>\n<\/li>\n<li><strong>W niedziel\u0119<\/strong> 27 listopada:\n<ul>\n<li>pocz\u0105tek Adwentu i nowego rok liturgicznego,<\/li>\n<li>r\u00f3\u017caniec poprowadzi R\u00f3\u017ca \u015bw. Faustyny Kowalskiej,<\/li>\n<li>o godz. 12:00 Msza \u015bw. z udzia\u0142em dzieci.<\/li>\n<\/ul>\n<\/li>\n<li>Pod ch\u00f3rem nowa prasa katolicka. Zach\u0119camy do pog\u0142\u0119biania swojej wiedzy i \u017cycia duchowego.<\/li>\n<\/ol>\n<p><strong>Spotkania:<\/strong><\/p>\n<ul>\n<li><strong>Kandydaci do bierzmowania<\/strong> \u2013 poniedzia\u0142ek, wtorek, czwartek po Mszy \u015bw. (udzia\u0142 we Mszy \u015bw. obowi\u0105zkowy)<\/li>\n<li><strong>Scholka<\/strong> \u2013 poniedzia\u0142ek 17:30<\/li>\n<li><strong>Duszpasterstwo Akademickie \u201eGROTA\u201d <\/strong>\u2013 poniedzia\u0142ek 19:00<\/li>\n<li><strong>Ch\u00f3r CREDO <\/strong>\u2013 wtorek 18:00<\/li>\n<li><strong>Wsp\u00f3lnota Doros\u0142ych<\/strong> &#8211; wtorek po Mszy \u015bw.<\/li>\n<li><strong>Kandydaci na ministrant\u00f3w<\/strong> \u2013 \u015broda o godz. 17:00<\/li>\n<li><strong>LSO<\/strong> &#8211; \u015broda po Mszy \u015bw.<\/li>\n<li><strong>Ruch \u015awiat\u0142o &#8211; \u017bycie<\/strong> \u2013 pi\u0105tek po Mszy \u015bw.<\/li>\n<\/ul>\n","protected":false},"excerpt":{"rendered":"<p>Do ko\u0144ca listopada mo\u017cemy zyskiwa\u0107 odpust cz\u0105stkowy za zmar\u0142ych pod zwyk\u0142ymi warunkami w tym tak\u017ce nawiedzaj\u0105c cmentarz. Codziennie po Mszy \u015bw. wieczornej modlimy si\u0119 za wszystkich wiernych zmar\u0142ych wspominanych w wypominkach. W niedziel\u0119 r\u00f3\u017caniec za zmar\u0142ych o godz. 16:30. Dzi\u015b w Uroczysto\u015b\u0107 Jezusa Chrystusa Kr\u00f3la Wszech\u015bwiata, patronalne \u015bwi\u0119to Akcji Katolickiej i Katolickiego Stowarzyszenia M\u0142odzie\u017cy. Duszpasterstwo <a class=\"read-more\" href=\"https:\/\/parafiazalesie.org\/index.php\/2022\/11\/19\/ogloszenia-xxxiv-niedziela-zwykla-20-11-2022-r-uroczystosc-jezusa-chrystusa-krola-wszechswiata\/\"><\/p>\n<p>Zobacz wi\u0119cej<\/a><\/p>\n","protected":false},"author":1,"featured_media":944,"comment_status":"closed","ping_status":"closed","sticky":false,"template":"","format":"standard","meta":{"ngg_post_thumbnail":0,"footnotes":""},"categories":[3],"tags":[],"class_list":["post-955","post","type-post","status-publish","format-standard","has-post-thumbnail","hentry","category-ogloszenia"],"_links":{"self":[{"href":"https:\/\/parafiazalesie.org\/index.php\/wp-json\/wp\/v2\/posts\/955","targetHints":{"allow":["GET"]}}],"collection":[{"href":"https:\/\/parafiazalesie.org\/index.php\/wp-json\/wp\/v2\/posts"}],"about":[{"href":"https:\/\/parafiazalesie.org\/index.php\/wp-json\/wp\/v2\/types\/post"}],"author":[{"embeddable":true,"href":"https:\/\/parafiazalesie.org\/index.php\/wp-json\/wp\/v2\/users\/1"}],"replies":[{"embeddable":true,"href":"https:\/\/parafiazalesie.org\/index.php\/wp-json\/wp\/v2\/comments?post=955"}],"version-history":[{"count":0,"href":"https:\/\/parafiazalesie.org\/index.php\/wp-json\/wp\/v2\/posts\/955\/revisions"}],"wp:featuredmedia":[{"embeddable":true,"href":"https:\/\/parafiazalesie.org\/index.php\/wp-json\/wp\/v2\/media\/944"}],"wp:attachment":[{"href":"https:\/\/parafiazalesie.org\/index.php\/wp-json\/wp\/v2\/media?parent=955"}],"wp:term":[{"taxonomy":"category","embeddable":true,"href":"https:\/\/parafiazalesie.org\/index.php\/wp-json\/wp\/v2\/categories?post=955"},{"taxonomy":"post_tag","embeddable":true,"href":"https:\/\/parafiazalesie.org\/index.php\/wp-json\/wp\/v2\/tags?post=955"}],"curies":[{"name":"wp","href":"https:\/\/api.w.org\/{rel}","templated":true}]}}