{"id":952,"date":"2022-11-19T09:22:26","date_gmt":"2022-11-19T08:22:26","guid":{"rendered":"https:\/\/parafiazalesie.org\/?p=952"},"modified":"2022-11-16T09:24:00","modified_gmt":"2022-11-16T08:24:00","slug":"intencje-mszalne-21-27-11-2022r","status":"publish","type":"post","link":"https:\/\/parafiazalesie.org\/index.php\/2022\/11\/19\/intencje-mszalne-21-27-11-2022r\/","title":{"rendered":"INTENCJE MSZALNE  21 \u2013 27.11.2022r."},"content":{"rendered":"<table style=\"width: 100%;\" width=\"744\">\n<tbody>\n<tr>\n<td style=\"width: 14.5108%;\" rowspan=\"2\" width=\"108\">\n<p>21.11.2022r.<\/p>\n<p>Poniedzia\u0142ek<\/p>\n<\/td>\n<td style=\"width: 6.46766%;\" width=\"48\">\n<p>7.00<\/p>\n<\/td>\n<td style=\"width: 78.9386%;\" width=\"588\">\n<p>1. + Zdzis\u0142aw Bajorski w 1r. \u015bmierci<br \/>\n2. ++ Teofila (f), W\u0142adys\u0142awa (f), Karolina i Sylwester Sikora<br \/>\n3. ++ Barbara i Augustyn Krawczyk \u2013 z int. rodziny Pustelak i Kramarz<br \/>\n4. + Jan Nowak \u2013 z int. Teresy, Marka i Janusza Rachwa\u0142<\/p>\n<\/td>\n<\/tr>\n<tr>\n<td style=\"width: 6.46766%;\" width=\"48\">\n<p>18.00<\/p>\n<\/td>\n<td style=\"width: 78.9386%;\" width=\"588\">\n<p>1. O potrzebne \u0142aski dla Jakuba z okazji urodzin<br \/>\n2. + Marek Zin gr.22<br \/>\n3. <em>+ Maria Paczosa \u2013 z int. ch\u00f3ru Credo (poza parafi\u0105)<\/em><\/p>\n<\/td>\n<\/tr>\n<tr>\n<td style=\"width: 14.5108%;\" rowspan=\"2\" width=\"108\">\n<p>22.11.2022r.<\/p>\n<p>Wtorek<\/p>\n<\/td>\n<td style=\"width: 6.46766%;\" width=\"48\">\n<p>7.00<\/p>\n<\/td>\n<td style=\"width: 78.9386%;\" width=\"588\">\n<p>1. + Jerzy \u2013 z int. wsp\u00f3\u0142pracownik\u00f3w Zak\u0142adu Ekonomiki i Zarz\u0105dzania<br \/>\n2. ++ J\u00f3zef, Edward, Franciszek, Antonina i Aleksander Brzyski<br \/>\n3. ++ Agata i Jan<br \/>\n4. + Jan Nowak \u2013 z int. swat\u00f3w Alicji i Krzysztofa Pociask<\/p>\n<\/td>\n<\/tr>\n<tr>\n<td style=\"width: 6.46766%;\" width=\"48\">\n<p>18.00<\/p>\n<\/td>\n<td style=\"width: 78.9386%;\" width=\"588\">\n<p>1. + Marek Zin gr.23<br \/>\n2. + Pawe\u0142 W\u00f3jcik \u2013 z int. rodziny \u015awidr\u00f3w i \u0141ysik\u00f3w<br \/>\n3. +<em> Maria Paczosa \u2013 z int. ch\u00f3ru Credo (poza parafi\u0105)<\/em><\/p>\n<\/td>\n<\/tr>\n<tr>\n<td style=\"width: 14.5108%;\" rowspan=\"2\" width=\"108\">\n<p>23.11.2022r.<\/p>\n<p>\u015aroda<\/p>\n<\/td>\n<td style=\"width: 6.46766%;\" width=\"48\">\n<p>7.00<\/p>\n<\/td>\n<td style=\"width: 78.9386%;\" width=\"588\">\n<p>1. + Franciszka (f) \u015anie\u017cek w dniu urodzin<br \/>\n2. + Jan Nowak \u2013 z int. rodziny Borek<br \/>\n3. + Franciszka (f) \u015anie\u017cek \u2013 z int. rodziny Czyrek<br \/>\n4. + Augustyn Nizio\u0142 \u2013 z int. S\u0142awka z Rodzin\u0105<\/p>\n<\/td>\n<\/tr>\n<tr>\n<td style=\"width: 6.46766%;\" width=\"48\">\n<p>18.00<\/p>\n<\/td>\n<td style=\"width: 78.9386%;\" width=\"588\">\n<p>1. + Marek Zin gr.24<br \/>\n2. ++ Siostry z R\u00f3\u017cy \u015bw. Urszuli Led\u00f3chowskiej i ++ z ich Rodzin<br \/>\n3. <em>+ Maria Paczosa \u2013 z int. rodziny Krawczyk\u00f3w (poza parafi\u0105)<\/em><\/p>\n<\/td>\n<\/tr>\n<tr>\n<td style=\"width: 14.5108%;\" rowspan=\"2\" width=\"108\">\n<p>24.11.2022r.<\/p>\n<p>Czwartek<\/p>\n<\/td>\n<td style=\"width: 6.46766%;\" width=\"48\">\n<p>7.00<\/p>\n<\/td>\n<td style=\"width: 78.9386%;\" width=\"588\">\n<p>1. ++ Barbara i Edward<br \/>\n2. + Jan Nowak \u2013 z int. Gosi i Tomka Brzyskich<br \/>\n3. + Franciszka (f) \u015anie\u017cek \u2013 z int. R\u00f3\u017cy \u015bw. Jana Paw\u0142a II (Andrzeja Czyrka)<br \/>\n4. + Augustyn Nizio\u0142 \u2013 z int. s\u0105siad\u00f3w Stawickich<\/p>\n<\/td>\n<\/tr>\n<tr>\n<td style=\"width: 6.46766%;\" width=\"48\">\n<p>18.00<\/p>\n<\/td>\n<td style=\"width: 78.9386%;\" width=\"588\">\n<p>1. + Marek Zin gr.25<br \/>\n2. ++ Zofia, J\u00f3zef, Stefania i Andrzej<br \/>\n3. <em>+ Maria Paczosa \u2013 z int. chrze\u015bniaka Paw\u0142a Bojdy z Rodzin\u0105 (poza parafi\u0105)<\/em><\/p>\n<\/td>\n<\/tr>\n<tr>\n<td style=\"width: 14.5108%;\" rowspan=\"2\" width=\"108\">\n<p>25.11.2022r.<\/p>\n<p>Pi\u0105tek<\/p>\n<\/td>\n<td style=\"width: 6.46766%;\" width=\"48\">\n<p>7.00<\/p>\n<\/td>\n<td style=\"width: 78.9386%;\" width=\"588\">\n<p>1. ++ Czes\u0142awa (f) i W\u0142adys\u0142aw Stec<br \/>\n2. + Jan Nowak \u2013 z int. Gosi i Tomka Brzyskich<br \/>\n3. + Franciszka (f) \u015anie\u017cek \u2013 z int. Si\u00f3str z R\u00f3\u017cy R\u00f3\u017ca\u0144cowej<br \/>\n4. + Augustyn Nizio\u0142 \u2013z int. syna z matk\u0105<\/p>\n<\/td>\n<\/tr>\n<tr>\n<td style=\"width: 6.46766%;\" width=\"48\">\n<p>18.00<\/p>\n<\/td>\n<td style=\"width: 78.9386%;\" width=\"588\">\n<p>1. + Marek Zin gr.26<br \/>\n2. ++ Genowefa i Micha\u0142<br \/>\n3. + <em>Maria Paczosa \u2013 z int. chrze\u015bniaka Paw\u0142a Bojdy z Rodzin\u0105 (poza parafi\u0105)<\/em><\/p>\n<\/td>\n<\/tr>\n<tr>\n<td style=\"width: 14.5108%;\" rowspan=\"2\" width=\"108\">\n<p>26.11.2022r.<\/p>\n<p>Sobota<\/p>\n<\/td>\n<td style=\"width: 6.46766%;\" width=\"48\">\n<p>7.00<\/p>\n<\/td>\n<td style=\"width: 78.9386%;\" width=\"588\">\n<p>1. + Jan Nowak \u2013 z int. wnuk\u00f3w Mateusza i Oli<br \/>\n2. + Franciszka (f) \u015anie\u017cek \u2013 z int. rodziny Byczkowskich z ul. Niezapominajek<br \/>\n3. + Augustyn Nizio\u0142 \u2013 z int. rodziny Bocek<br \/>\n4. + Jan Mak\u00f3wka \u2013 z int. rodziny Fedk\u00f3w<\/p>\n<\/td>\n<\/tr>\n<tr>\n<td style=\"width: 6.46766%;\" width=\"48\">\n<p>18.00<\/p>\n<\/td>\n<td style=\"width: 78.9386%;\" width=\"588\">\n<p>1. + Marek Zin gr.27<br \/>\n2. ++ W\u0142adys\u0142aw i Janina Osika<br \/>\n3.<em> + Maria Paczosa \u2013 z int. Kasi z Czudca z Rodzin\u0105 (poza parafi\u0105) <\/em><\/p>\n<\/td>\n<\/tr>\n<tr>\n<td style=\"width: 14.5108%;\" rowspan=\"5\" width=\"108\">\n<p>27.11.2022r.<\/p>\n<p>Niedziela<\/p>\n<\/td>\n<td style=\"width: 6.46766%;\" width=\"48\">\n<p>7.00<\/p>\n<\/td>\n<td style=\"width: 78.9386%;\" width=\"588\">\n<p>++ Stanis\u0142aw i Jan \u00a0<\/p>\n<\/td>\n<\/tr>\n<tr>\n<td style=\"width: 6.46766%;\" width=\"48\">\n<p>9.00<\/p>\n<\/td>\n<td style=\"width: 78.9386%;\" width=\"588\">\n<p>+ Alicja Nawrot w r. \u015bmierci<\/p>\n<\/td>\n<\/tr>\n<tr>\n<td style=\"width: 6.46766%;\" width=\"48\">\n<p>10.30<\/p>\n<\/td>\n<td style=\"width: 78.9386%;\" width=\"588\">\n<p>1. Za Parafian<br \/>\n2. O Bo\u017ce b\u0142ogos\u0142awie\u0144stwo i opiek\u0119 Matki Bo\u017cej Zaleskiej dla ks. Pra\u0142ata Zdzis\u0142awa z okazji imienin \u2013 z int. Wsp\u00f3lnot Parafialnych<\/p>\n<\/td>\n<\/tr>\n<tr>\n<td style=\"width: 6.46766%;\" width=\"48\">\n<p>12.00<\/p>\n<\/td>\n<td style=\"width: 78.9386%;\" width=\"588\">\n<p>+ Marek Zin gr.28<\/p>\n<\/td>\n<\/tr>\n<tr>\n<td style=\"width: 6.46766%;\" width=\"48\">\n<p>17.00<\/p>\n<\/td>\n<td style=\"width: 78.9386%;\" width=\"588\">\n<p>++ Jan, Katarzyna, Jan<\/p>\n<\/td>\n<\/tr>\n<\/tbody>\n<\/table>\n<p>&nbsp;<\/p>\n","protected":false},"excerpt":{"rendered":"<p>21.11.2022r. Poniedzia\u0142ek 7.00 1. + Zdzis\u0142aw Bajorski w 1r. \u015bmierci 2. ++ Teofila (f), W\u0142adys\u0142awa (f), Karolina i Sylwester Sikora 3. ++ Barbara i Augustyn Krawczyk \u2013 z int. rodziny Pustelak i Kramarz 4. + Jan Nowak \u2013 z int. Teresy, Marka i Janusza Rachwa\u0142 18.00 1. O potrzebne \u0142aski dla Jakuba z okazji urodzin <a class=\"read-more\" href=\"https:\/\/parafiazalesie.org\/index.php\/2022\/11\/19\/intencje-mszalne-21-27-11-2022r\/\"><\/p>\n<p>Zobacz wi\u0119cej<\/a><\/p>\n","protected":false},"author":1,"featured_media":111,"comment_status":"closed","ping_status":"closed","sticky":false,"template":"","format":"standard","meta":{"ngg_post_thumbnail":0,"footnotes":""},"categories":[5],"tags":[],"class_list":["post-952","post","type-post","status-publish","format-standard","has-post-thumbnail","hentry","category-intencje"],"_links":{"self":[{"href":"https:\/\/parafiazalesie.org\/index.php\/wp-json\/wp\/v2\/posts\/952","targetHints":{"allow":["GET"]}}],"collection":[{"href":"https:\/\/parafiazalesie.org\/index.php\/wp-json\/wp\/v2\/posts"}],"about":[{"href":"https:\/\/parafiazalesie.org\/index.php\/wp-json\/wp\/v2\/types\/post"}],"author":[{"embeddable":true,"href":"https:\/\/parafiazalesie.org\/index.php\/wp-json\/wp\/v2\/users\/1"}],"replies":[{"embeddable":true,"href":"https:\/\/parafiazalesie.org\/index.php\/wp-json\/wp\/v2\/comments?post=952"}],"version-history":[{"count":0,"href":"https:\/\/parafiazalesie.org\/index.php\/wp-json\/wp\/v2\/posts\/952\/revisions"}],"wp:featuredmedia":[{"embeddable":true,"href":"https:\/\/parafiazalesie.org\/index.php\/wp-json\/wp\/v2\/media\/111"}],"wp:attachment":[{"href":"https:\/\/parafiazalesie.org\/index.php\/wp-json\/wp\/v2\/media?parent=952"}],"wp:term":[{"taxonomy":"category","embeddable":true,"href":"https:\/\/parafiazalesie.org\/index.php\/wp-json\/wp\/v2\/categories?post=952"},{"taxonomy":"post_tag","embeddable":true,"href":"https:\/\/parafiazalesie.org\/index.php\/wp-json\/wp\/v2\/tags?post=952"}],"curies":[{"name":"wp","href":"https:\/\/api.w.org\/{rel}","templated":true}]}}