{"id":939,"date":"2022-11-12T18:49:56","date_gmt":"2022-11-12T17:49:56","guid":{"rendered":"https:\/\/parafiazalesie.org\/?p=939"},"modified":"2022-11-15T14:54:30","modified_gmt":"2022-11-15T13:54:30","slug":"intencje-mszalne-14-20-11-2022r","status":"publish","type":"post","link":"https:\/\/parafiazalesie.org\/index.php\/2022\/11\/12\/intencje-mszalne-14-20-11-2022r\/","title":{"rendered":"INTENCJE MSZALNE 14 \u2013 20.11.2022r."},"content":{"rendered":"<table style=\"width: 100%; height: 1464px;\" width=\"744\">\n<tbody>\n<tr style=\"height: 92px;\">\n<td style=\"height: 206px;\" rowspan=\"2\" width=\"108\">\n<p>14.11.2022r.<\/p>\n<p>Poniedzia\u0142ek<\/p>\n<\/td>\n<td style=\"height: 92px;\" width=\"48\">\n<p>7.00<\/p>\n<\/td>\n<td style=\"height: 92px;\" width=\"588\">\n<p>Dzi\u0119kczynna w 42r. urodzin Marcina z pro\u015bb\u0105 o Bo\u017ce b\u0142ogos\u0142awie\u0144stwo, zdrowie i potrzebne \u0142aski<br \/>\n+ Marek Zin gr.15<br \/>\n++ dusze w czy\u015b\u0107cu cierpi\u0105ce<\/p>\n<\/td>\n<\/tr>\n<tr style=\"height: 114px;\">\n<td style=\"height: 114px;\" width=\"48\">\n<p>18.00<\/p>\n<\/td>\n<td style=\"height: 114px;\" width=\"588\">\n<p>+ W\u0142adys\u0142aw Bilut w 2r. \u015bmierci<br \/>\n++ Wanda, Eugeniusz, Tadeusz<br \/>\n+ Stanis\u0142aw<br \/>\n<em>+ Maria Paczosa \u2013 z int. wsp\u00f3\u0142pracownik\u00f3w z wydzia\u0142u ADG (ZUS) (poza parafi\u0105)<\/em><\/p>\n<\/td>\n<\/tr>\n<tr style=\"height: 114px;\">\n<td style=\"height: 206px;\" rowspan=\"2\" width=\"108\">\n<p>15.11.2022r.<\/p>\n<p>Wtorek<\/p>\n<\/td>\n<td style=\"height: 114px;\" width=\"48\">\n<p>7.00<\/p>\n<\/td>\n<td style=\"height: 114px;\" width=\"588\">\n<p>+ Marek Zin gr.16<br \/>\n+ Maria Kunysz \u2013 z int. rodziny Kieferling\u00f3w<br \/>\n+ Jan Nowak \u2013 z int. siostrzenicy Eweliny z Rodzin\u0105<br \/>\n+ Franciszka (f) \u015anie\u017cek \u2013 z int. rodziny K\u0119dzior<\/p>\n<\/td>\n<\/tr>\n<tr style=\"height: 92px;\">\n<td style=\"height: 92px;\" width=\"48\">\n<p>18.00<\/p>\n<\/td>\n<td style=\"height: 92px;\" width=\"588\">\n<p>++ Izabela, Czes\u0142aw<br \/>\n++ Maria, Helena, Stanis\u0142aw<br \/>\n+<em> Maria Paczosa \u2013 z int. rodziny Mus\u00f3w i Sab\u00f3w (poza parafi\u0105)<\/em><\/p>\n<\/td>\n<\/tr>\n<tr style=\"height: 114px;\">\n<td style=\"height: 206px;\" rowspan=\"2\" width=\"108\">\n<p>16.11.2022r.<\/p>\n<p>\u015aroda<\/p>\n<\/td>\n<td style=\"height: 114px;\" width=\"48\">\n<p>7.00<\/p>\n<\/td>\n<td style=\"height: 114px;\" width=\"588\">\n<p>Dzi\u0119kczynna w 70r. urodzin z pro\u015bb\u0105 o Bo\u017ce b\u0142ogos\u0142awie\u0144stwo, zdrowie i potrzebne \u0142aski<br \/>\n+ Marek Zin gr.17<br \/>\n+ Franciszka (f) \u015anie\u017cek \u2013 z int. Edwarda i Danuty Kutrzeba<br \/>\n+ Maria Kunysz \u2013 z int. rodziny Skib\u00f3w<\/p>\n<\/td>\n<\/tr>\n<tr style=\"height: 92px;\">\n<td style=\"height: 92px;\" width=\"48\">\n<p>18.00<\/p>\n<\/td>\n<td style=\"height: 92px;\" width=\"588\">\n<p>++ Siostry z R\u00f3\u017cy b\u0142. El\u017cbiety R\u00f3\u017cy Czackiej i ++ z Rodzin<br \/>\n+ Micha\u0142<br \/>\n<em>+ Maria Paczosa \u2013 z int. Ewy Pa\u0142ka z Rodzin\u0105 (poza parafi\u0105)<\/em><\/p>\n<\/td>\n<\/tr>\n<tr style=\"height: 114px;\">\n<td style=\"height: 206px;\" rowspan=\"2\" width=\"108\">\n<p>17.11.2022r.<\/p>\n<p>Czwartek<\/p>\n<\/td>\n<td style=\"height: 114px;\" width=\"48\">\n<p>7.00<\/p>\n<\/td>\n<td style=\"height: 114px;\" width=\"588\">\n<p>+ Marek Zin gr.18<br \/>\n+ Maria Kunysz \u2013 z int. rodziny Puc\u00f3w \u00a0<br \/>\n+ Jan Nowak \u2013 z int. chrze\u015bnicy Urszuli z Rodzin\u0105<br \/>\n+ Franciszka (f) \u015anie\u017cek \u2013 z int. Marzeny Gorlickiej<\/p>\n<\/td>\n<\/tr>\n<tr style=\"height: 92px;\">\n<td style=\"height: 92px;\" width=\"48\">\n<p>18.00<\/p>\n<\/td>\n<td style=\"height: 92px;\" width=\"588\">\n<p>+ Wies\u0142awa (f)<br \/>\n+ Pawe\u0142 W\u00f3jcik \u2013 z int. Bronis\u0142awy Kalandyk<br \/>\n<em>+ Maria Paczosa \u2013 z int. rodziny Nowak\u00f3w (poza parafi\u0105)<\/em><\/p>\n<\/td>\n<\/tr>\n<tr style=\"height: 114px;\">\n<td style=\"height: 183px;\" rowspan=\"2\" width=\"108\">\n<p>18.11.2022r.<\/p>\n<p>Pi\u0105tek<\/p>\n<\/td>\n<td style=\"height: 114px;\" width=\"48\">\n<p>7.00<\/p>\n<\/td>\n<td style=\"height: 114px;\" width=\"588\">\n<p>+ Marek Zin gr.19<br \/>\n++ Czes\u0142awa (f) i W\u0142adys\u0142aw Stec<br \/>\n+ Jan Nowak \u2013 z int. Ma\u0142gorzaty i Zbigniewa Kl\u0119sk z Rodzin\u0105<br \/>\n+ Franciszka (f) \u015anie\u017cek \u2013 z int. s\u0105siad\u00f3w z ul. Niezapominajek, Pa\u0144stwa Twar\u00f3g<\/p>\n<\/td>\n<\/tr>\n<tr style=\"height: 69px;\">\n<td style=\"height: 69px;\" width=\"48\">\n<p>18.00<\/p>\n<\/td>\n<td style=\"height: 69px;\" width=\"588\">\n<p>Wynagradzaj\u0105ca NSPJ i o intronizacj\u0119 Serca Jezusowego w ludzkich sercach \u2013 z int. Wsp\u00f3lnoty Intronizacyjnej<br \/>\n+ Adam<\/p>\n<\/td>\n<\/tr>\n<tr style=\"height: 114px;\">\n<td style=\"height: 206px;\" rowspan=\"2\" width=\"108\">\n<p>19.11.2022r.<\/p>\n<p>Sobota<\/p>\n<\/td>\n<td style=\"height: 114px;\" width=\"48\">\n<p>7.00<\/p>\n<\/td>\n<td style=\"height: 114px;\" width=\"588\">\n<p>+ Marek Zin gr.20<br \/>\n+ Augustyn Nizio\u0142 \u2013 z int. chrze\u015bnicy Magdaleny<br \/>\n+ Jan Nowak \u2013 z int. Barbary i Krzysztofa Mazurek<br \/>\n+ Franciszka (f) \u015anie\u017cek \u2013 z int. rodziny Czyrek<\/p>\n<\/td>\n<\/tr>\n<tr style=\"height: 92px;\">\n<td style=\"height: 92px;\" width=\"48\">\n<p>18.00<\/p>\n<\/td>\n<td style=\"height: 92px;\" width=\"588\">\n<p>+ Stanis\u0142aw<br \/>\n+ Boles\u0142aw w 24r. \u015bmieci i Jego ++ rodzice<br \/>\n<em>+ Maria Paczosa \u2013 z int. Teresy Drozd z Rodzin\u0105 z Krasnego (poza parafi\u0105) <\/em><\/p>\n<\/td>\n<\/tr>\n<tr style=\"height: 69px;\">\n<td style=\"height: 251px;\" rowspan=\"5\" width=\"108\">\n<p>20.11.2022r.<\/p>\n<p>Niedziela<\/p>\n<\/td>\n<td style=\"height: 69px;\" width=\"48\">\n<p>7.00<\/p>\n<\/td>\n<td style=\"height: 69px;\" width=\"588\">\n<p>\u00a0++ Czes\u0142awa (f) i W\u0142adys\u0142aw Stec<br \/>\n++ Julia, Jan, Teresa \u00a0<\/p>\n<\/td>\n<\/tr>\n<tr style=\"height: 47px;\">\n<td style=\"height: 47px;\" width=\"48\">\n<p>9.00<\/p>\n<\/td>\n<td style=\"height: 47px;\" width=\"588\">\n<p>++ Siostry z R\u00f3\u017cy b\u0142. Bronis\u0142awy<\/p>\n<\/td>\n<\/tr>\n<tr style=\"height: 47px;\">\n<td style=\"height: 47px;\" width=\"48\">\n<p>10.30<\/p>\n<\/td>\n<td style=\"height: 47px;\" width=\"588\">\n<p>+ Marek Zin gr.21<\/p>\n<\/td>\n<\/tr>\n<tr style=\"height: 47px;\">\n<td style=\"height: 47px;\" width=\"48\">\n<p>12.00<\/p>\n<\/td>\n<td style=\"height: 47px;\" width=\"588\">\n<p>Za Parafian<\/p>\n<\/td>\n<\/tr>\n<tr style=\"height: 41px;\">\n<td style=\"height: 41px;\" width=\"48\">\n<p>17.00<\/p>\n<\/td>\n<td style=\"height: 41px;\" width=\"588\">\n<p>+ Jadwiga Kopta w 18r. \u015bmierci \u00a0<\/p>\n<\/td>\n<\/tr>\n<\/tbody>\n<\/table>\n<p>&nbsp;<\/p>\n","protected":false},"excerpt":{"rendered":"<p>14.11.2022r. Poniedzia\u0142ek 7.00 Dzi\u0119kczynna w 42r. urodzin Marcina z pro\u015bb\u0105 o Bo\u017ce b\u0142ogos\u0142awie\u0144stwo, zdrowie i potrzebne \u0142aski + Marek Zin gr.15 ++ dusze w czy\u015b\u0107cu cierpi\u0105ce 18.00 + W\u0142adys\u0142aw Bilut w 2r. \u015bmierci ++ Wanda, Eugeniusz, Tadeusz + Stanis\u0142aw + Maria Paczosa \u2013 z int. wsp\u00f3\u0142pracownik\u00f3w z wydzia\u0142u ADG (ZUS) (poza parafi\u0105) 15.11.2022r. Wtorek 7.00 <a class=\"read-more\" href=\"https:\/\/parafiazalesie.org\/index.php\/2022\/11\/12\/intencje-mszalne-14-20-11-2022r\/\"><\/p>\n<p>Zobacz wi\u0119cej<\/a><\/p>\n","protected":false},"author":1,"featured_media":111,"comment_status":"closed","ping_status":"closed","sticky":false,"template":"","format":"standard","meta":{"ngg_post_thumbnail":0,"footnotes":""},"categories":[5],"tags":[],"class_list":["post-939","post","type-post","status-publish","format-standard","has-post-thumbnail","hentry","category-intencje"],"_links":{"self":[{"href":"https:\/\/parafiazalesie.org\/index.php\/wp-json\/wp\/v2\/posts\/939","targetHints":{"allow":["GET"]}}],"collection":[{"href":"https:\/\/parafiazalesie.org\/index.php\/wp-json\/wp\/v2\/posts"}],"about":[{"href":"https:\/\/parafiazalesie.org\/index.php\/wp-json\/wp\/v2\/types\/post"}],"author":[{"embeddable":true,"href":"https:\/\/parafiazalesie.org\/index.php\/wp-json\/wp\/v2\/users\/1"}],"replies":[{"embeddable":true,"href":"https:\/\/parafiazalesie.org\/index.php\/wp-json\/wp\/v2\/comments?post=939"}],"version-history":[{"count":0,"href":"https:\/\/parafiazalesie.org\/index.php\/wp-json\/wp\/v2\/posts\/939\/revisions"}],"wp:featuredmedia":[{"embeddable":true,"href":"https:\/\/parafiazalesie.org\/index.php\/wp-json\/wp\/v2\/media\/111"}],"wp:attachment":[{"href":"https:\/\/parafiazalesie.org\/index.php\/wp-json\/wp\/v2\/media?parent=939"}],"wp:term":[{"taxonomy":"category","embeddable":true,"href":"https:\/\/parafiazalesie.org\/index.php\/wp-json\/wp\/v2\/categories?post=939"},{"taxonomy":"post_tag","embeddable":true,"href":"https:\/\/parafiazalesie.org\/index.php\/wp-json\/wp\/v2\/tags?post=939"}],"curies":[{"name":"wp","href":"https:\/\/api.w.org\/{rel}","templated":true}]}}