{"id":935,"date":"2022-11-05T11:12:55","date_gmt":"2022-11-05T10:12:55","guid":{"rendered":"https:\/\/parafiazalesie.org\/?p=935"},"modified":"2022-11-03T11:18:23","modified_gmt":"2022-11-03T10:18:23","slug":"ogloszenia-xxxii-niedziela-zwykla-06-11-2022-r","status":"publish","type":"post","link":"https:\/\/parafiazalesie.org\/index.php\/2022\/11\/05\/ogloszenia-xxxii-niedziela-zwykla-06-11-2022-r\/","title":{"rendered":"OG\u0141OSZENIA  XXXII Niedziela Zwyk\u0142a (06.11.2022 r.)"},"content":{"rendered":"<ol>\n<li><span style=\"font-size: 15px;\">Przez ca\u0142y listopad mo\u017cemy zyskiwa\u0107 odpusty za zmar\u0142ych. Od 1 do 8 listopada odpust zupe\u0142ny w pozosta\u0142ych dniach odpust cz\u0105stkowy pod zwyk\u0142ymi warunkami nawiedzaj\u0105c cmentarz.<\/span><\/li>\n<li>Codziennie po Mszy \u015bw. wieczornej modlimy si\u0119 za wszystkich wiernych zmar\u0142ych. Za wspominanych w wypominkach. W niedziel\u0119 r\u00f3\u017caniec za zmar\u0142ych o godz. 16:30.<\/li>\n<li><strong>W \u015brod\u0119<\/strong> 9 listopada:\n<ul>\n<li>\u015bwi\u0119to rocznicy po\u015bwi\u0119cenia Bazyliki Latera\u0144skiej,<\/li>\n<li>po Mszy \u015bw. Nowenna do Matki Bo\u017cej Nieustaj\u0105cej Pomocy, Pani Zaleskiej,<\/li>\n<li>po Nowennie Adoracja Naj\u015bwi\u0119tszego Sakramentu do godz. 20:00.<\/li>\n<\/ul>\n<\/li>\n<li><strong>W czwartek<\/strong> 10 listopada:\n<ul>\n<li>wspomnienie \u015bw. Leona Wielkiego, papie\u017ca, doktora Ko\u015bcio\u0142a.<\/li>\n<\/ul>\n<\/li>\n<li><strong>W pi\u0105tek<\/strong> 11 listopada:\n<ul>\n<li>Narodowe \u015awi\u0119to Niepodleg\u0142o\u015bci,<\/li>\n<li>wspomnienie \u015bw. Marcina z Tours, biskupa,<\/li>\n<li>imieniny Ks. Marcina naszego wikariusza. \u017bycz\u0105c wszelkiej \u0142aski Bo\u017cej, prosimy o modlitw\u0119 w intencji solenizanta,<\/li>\n<li>od godz. 17:00 Adoracja Naj\u015bwi\u0119tszego Sakramentu. Zapraszamy wszystkich pragn\u0105cych sp\u0119dzi\u0107 czas przed Jezusem Eucharystycznym.<\/li>\n<\/ul>\n<\/li>\n<li><strong>W sobot\u0119<\/strong> 12 listopada:\n<ul>\n<li>wspomnienie \u015bw. Jozafata Kuncewicza, biskupa, m\u0119czennika.<\/li>\n<\/ul>\n<\/li>\n<li><strong>W niedziel\u0119<\/strong> 13 listopada:\n<ul>\n<li>obchodzimy \u015awiatowy Dzie\u0144 Ubogich,<\/li>\n<li>r\u00f3\u017caniec poprowadzi R\u00f3\u017ca \u015bw. Jadwigi Kr\u00f3lowej.<\/li>\n<\/ul>\n<\/li>\n<li>Czytajmy pras\u0119 katolick\u0105, pog\u0142\u0119biaj\u0105c wiedz\u0119 i wiar\u0119 religijn\u0105.<\/li>\n<\/ol>\n<p>&nbsp;<\/p>\n<p><strong>Spotkania:<\/strong><\/p>\n<ul>\n<li><strong>Kandydaci do bierzmowania<\/strong> \u2013 poniedzia\u0142ek, wtorek, czwartek po Mszy \u015bw. (udzia\u0142 we Mszy \u015bw. obowi\u0105zkowy)<\/li>\n<li><strong>Scholka<\/strong> \u2013 poniedzia\u0142ek 17:00<\/li>\n<li><strong>Duszpasterstwo Akademickie \u201eGROTA\u201d <\/strong>\u2013 poniedzia\u0142ek 19:00<\/li>\n<li><strong>Wsp\u00f3lnota Doros\u0142ych<\/strong> &#8211; wtorek po Mszy \u015bw.<\/li>\n<li><strong>Kandydaci na ministrant\u00f3w<\/strong> \u2013 \u015broda o godz. 17:00<\/li>\n<li><strong>LSO<\/strong> &#8211; \u015broda po Mszy \u015bw.<\/li>\n<li><strong>Ruch \u015awiat\u0142o &#8211; \u017bycie<\/strong> \u2013 pi\u0105tek po Mszy \u015bw.<\/li>\n<\/ul>\n","protected":false},"excerpt":{"rendered":"<p>Przez ca\u0142y listopad mo\u017cemy zyskiwa\u0107 odpusty za zmar\u0142ych. Od 1 do 8 listopada odpust zupe\u0142ny w pozosta\u0142ych dniach odpust cz\u0105stkowy pod zwyk\u0142ymi warunkami nawiedzaj\u0105c cmentarz. Codziennie po Mszy \u015bw. wieczornej modlimy si\u0119 za wszystkich wiernych zmar\u0142ych. Za wspominanych w wypominkach. W niedziel\u0119 r\u00f3\u017caniec za zmar\u0142ych o godz. 16:30. W \u015brod\u0119 9 listopada: \u015bwi\u0119to rocznicy po\u015bwi\u0119cenia <a class=\"read-more\" href=\"https:\/\/parafiazalesie.org\/index.php\/2022\/11\/05\/ogloszenia-xxxii-niedziela-zwykla-06-11-2022-r\/\"><\/p>\n<p>Zobacz wi\u0119cej<\/a><\/p>\n","protected":false},"author":1,"featured_media":936,"comment_status":"closed","ping_status":"closed","sticky":false,"template":"","format":"standard","meta":{"ngg_post_thumbnail":0,"footnotes":""},"categories":[3],"tags":[],"class_list":["post-935","post","type-post","status-publish","format-standard","has-post-thumbnail","hentry","category-ogloszenia"],"_links":{"self":[{"href":"https:\/\/parafiazalesie.org\/index.php\/wp-json\/wp\/v2\/posts\/935","targetHints":{"allow":["GET"]}}],"collection":[{"href":"https:\/\/parafiazalesie.org\/index.php\/wp-json\/wp\/v2\/posts"}],"about":[{"href":"https:\/\/parafiazalesie.org\/index.php\/wp-json\/wp\/v2\/types\/post"}],"author":[{"embeddable":true,"href":"https:\/\/parafiazalesie.org\/index.php\/wp-json\/wp\/v2\/users\/1"}],"replies":[{"embeddable":true,"href":"https:\/\/parafiazalesie.org\/index.php\/wp-json\/wp\/v2\/comments?post=935"}],"version-history":[{"count":0,"href":"https:\/\/parafiazalesie.org\/index.php\/wp-json\/wp\/v2\/posts\/935\/revisions"}],"wp:featuredmedia":[{"embeddable":true,"href":"https:\/\/parafiazalesie.org\/index.php\/wp-json\/wp\/v2\/media\/936"}],"wp:attachment":[{"href":"https:\/\/parafiazalesie.org\/index.php\/wp-json\/wp\/v2\/media?parent=935"}],"wp:term":[{"taxonomy":"category","embeddable":true,"href":"https:\/\/parafiazalesie.org\/index.php\/wp-json\/wp\/v2\/categories?post=935"},{"taxonomy":"post_tag","embeddable":true,"href":"https:\/\/parafiazalesie.org\/index.php\/wp-json\/wp\/v2\/tags?post=935"}],"curies":[{"name":"wp","href":"https:\/\/api.w.org\/{rel}","templated":true}]}}