{"id":903,"date":"2022-08-21T21:10:02","date_gmt":"2022-08-21T19:10:02","guid":{"rendered":"https:\/\/parafiazalesie.org\/?p=903"},"modified":"2022-08-07T21:11:31","modified_gmt":"2022-08-07T19:11:31","slug":"intencje-mszalne-22-28-08-2022r","status":"publish","type":"post","link":"https:\/\/parafiazalesie.org\/index.php\/2022\/08\/21\/intencje-mszalne-22-28-08-2022r\/","title":{"rendered":"INTENCJE MSZALNE   22 \u2013 28.08.2022r."},"content":{"rendered":"<table style=\"width: 100%;\" width=\"727\">\n<tbody>\n<tr>\n<td style=\"width: 15.8177%;\" rowspan=\"2\" width=\"115\">\n<p>22.08.2022r.<\/p>\n<p>Poniedzia\u0142ek<\/p>\n<\/td>\n<td style=\"width: 6.61305%;\" width=\"48\">\n<p>7.00<\/p>\n<\/td>\n<td style=\"width: 77.4799%;\" width=\"564\">\n<p>1. O b\u0142ogos\u0142awie\u0144stwo Bo\u017ce dla Marysi<br \/>\n2. + Mariusz Kusy \u2013 z int. cioci Ireny i wujka Jurka<br \/>\n3. + Ma\u0142gorzata Dy\u017cewska \u2013 z int. m\u0119\u017ca<\/p>\n<\/td>\n<\/tr>\n<tr>\n<td style=\"width: 6.61305%;\" width=\"48\">\n<p>18.00<\/p>\n<\/td>\n<td style=\"width: 77.4799%;\" width=\"564\">\n<p>1. O b\u0142ogos\u0142awie\u0144stwo Bo\u017ce i opiek\u0119 Matki Bo\u017cej dla Julii i Wiktorii w r. ich urodzin<br \/>\n2. + Antonina Krupska gr.22<\/p>\n<\/td>\n<\/tr>\n<tr>\n<td style=\"width: 15.8177%;\" rowspan=\"2\" width=\"115\">\n<p>23.08.2022r.<\/p>\n<p>Wtorek<\/p>\n<\/td>\n<td style=\"width: 6.61305%;\" width=\"48\">\n<p>7.00<\/p>\n<\/td>\n<td style=\"width: 77.4799%;\" width=\"564\">\n<p>1. Dzi\u0119kczynna za dar sakramentu ma\u0142\u017ce\u0144stwa z pro\u015bb\u0105 o b\u0142ogos\u0142awie\u0144stwo Bo\u017ce i dar jedno\u015bci ma\u0142\u017ce\u0144skiej w Chrystusie dla Aliny i Grzegorza oraz ich Rodziny<br \/>\n2. + Mariusz Kusy \u2013 z int. rodziny Tereszkiewicz<br \/>\n3. + J\u00f3zef Sypka \u2013 z int. chrze\u015bniaka Artura z Rodzin\u0105<\/p>\n<\/td>\n<\/tr>\n<tr>\n<td style=\"width: 6.61305%;\" width=\"48\">\n<p>18.00<\/p>\n<\/td>\n<td style=\"width: 77.4799%;\" width=\"564\">\n<p>1. + Antonina Krupska gr.23<br \/>\n2. + Ma\u0142gorzata Dy\u017cewska \u2013 z int. m\u0119\u017ca<\/p>\n<\/td>\n<\/tr>\n<tr>\n<td style=\"width: 15.8177%;\" rowspan=\"2\" width=\"115\">\n<p>24.08.2022r.<\/p>\n<p>\u015aroda<\/p>\n<\/td>\n<td style=\"width: 6.61305%;\" width=\"48\">\n<p>7.00<\/p>\n<\/td>\n<td style=\"width: 77.4799%;\" width=\"564\">\n<p>1. O b\u0142ogos\u0142awie\u0144stwo Bo\u017ce i opiek\u0119 Matki Bo\u017cej dla ksi\u0119dza Stanis\u0142awa i ksi\u0119dza Janusza<br \/>\n2. + Mariusz Kusy \u2013 z int. rodziny Dencikowskich<br \/>\n3. + Ma\u0142gorzata Dy\u017cewska \u2013 z int. m\u0119\u017ca<\/p>\n<\/td>\n<\/tr>\n<tr>\n<td style=\"width: 6.61305%;\" width=\"48\">\n<p>18.00<\/p>\n<\/td>\n<td style=\"width: 77.4799%;\" width=\"564\">\n<p>1. Dzi\u0119kczynna w 103r. urodzin Zofii Zawadzkiej z pro\u015bb\u0105 o b\u0142ogos\u0142awie\u0144stwo Bo\u017ce, zdrowie i potrzebne \u0142aski\u00a0<br \/>\n2. + Antonina Krupska gr.24<\/p>\n<\/td>\n<\/tr>\n<tr>\n<td style=\"width: 15.8177%;\" rowspan=\"2\" width=\"115\">\n<p>25.08.2022r.<\/p>\n<p>Czwartek<\/p>\n<\/td>\n<td style=\"width: 6.61305%;\" width=\"48\">\n<p>7.00<\/p>\n<\/td>\n<td style=\"width: 77.4799%;\" width=\"564\">\n<p>1. + W\u0142adys\u0142aw Stec<br \/>\n2. + Mariusz Kusy \u2013 z int. Marysi i Andrzeja M\u0142ynarczyk z Rodzinami\u00a0<br \/>\n3. + Ma\u0142gorzata Dy\u017cewska \u2013 z int. pracownik\u00f3w sklepu AGRO \u2013 HURT<\/p>\n<\/td>\n<\/tr>\n<tr>\n<td style=\"width: 6.61305%;\" width=\"48\">\n<p>18.00<\/p>\n<\/td>\n<td style=\"width: 77.4799%;\" width=\"564\">\n<p>1. + Antonina Krupska gr.25<br \/>\n2. + J\u00f3zef Sypko \u2013 z int. El\u017cbiety Urban z Rodzin\u0105<\/p>\n<\/td>\n<\/tr>\n<tr>\n<td style=\"width: 15.8177%;\" rowspan=\"2\" width=\"115\">\n<p>26.08.2022r.<\/p>\n<p>Pi\u0105tek<\/p>\n<\/td>\n<td style=\"width: 6.61305%;\" width=\"48\">\n<p>7.00<\/p>\n<\/td>\n<td style=\"width: 77.4799%;\" width=\"564\">\n<p>1. + Mariusz Kusy \u2013 z int. Joasi i Darka Worsztynowicz<br \/>\n2. ++ Henryka (f) i Eugeniusz Niedba\u0142a<br \/>\n3. + Ma\u0142gorzata Dy\u017cewska \u2013 z int. przyjaci\u00f3\u0142 Barbary i Tadeusza Rut\u00f3w<\/p>\n<\/td>\n<\/tr>\n<tr>\n<td style=\"width: 6.61305%;\" width=\"48\">\n<p>18.00<\/p>\n<\/td>\n<td style=\"width: 77.4799%;\" width=\"564\">\n<p>1. + Antonina Krupska gr.26<br \/>\n2. ++ J\u00f3zef Sitek i Henryk Ku\u017aniar<\/p>\n<\/td>\n<\/tr>\n<tr>\n<td style=\"width: 15.8177%;\" rowspan=\"2\" width=\"115\">\n<p>27.08.2022r.<\/p>\n<p>Sobota<\/p>\n<\/td>\n<td style=\"width: 6.61305%;\" width=\"48\">\n<p>7.00<\/p>\n<\/td>\n<td style=\"width: 77.4799%;\" width=\"564\">\n<p>1. + Mariusz Kusy \u2013 z int. Huberta, Ani, Kasi z Rodzinami<br \/>\n2. + J\u00f3zef Sypko \u2013 z int. Beaty Urban z Rodzin\u0105<br \/>\n3. + Ma\u0142gorzata Dy\u017cewska \u2013 z int. Ireny Harpuli<\/p>\n<\/td>\n<\/tr>\n<tr>\n<td style=\"width: 6.61305%;\" width=\"48\">\n<p>18.00<\/p>\n<\/td>\n<td style=\"width: 77.4799%;\" width=\"564\">\n<p>1. + Antonina Krupska gr.27<br \/>\n2. ++ Monika Krawczyk i J\u00f3zef Kurzyd\u0142o<\/p>\n<\/td>\n<\/tr>\n<tr>\n<td style=\"width: 15.8177%;\" rowspan=\"5\" width=\"115\">\n<p>28.08.2022r.<\/p>\n<p>Niedziela<\/p>\n<\/td>\n<td style=\"width: 6.61305%;\" width=\"48\">\n<p>7.00<\/p>\n<\/td>\n<td style=\"width: 77.4799%;\" width=\"564\">\n<p>+ Mariusz Kusy \u2013 z int. cioci Stasi z synem<\/p>\n<\/td>\n<\/tr>\n<tr>\n<td style=\"width: 6.61305%;\" width=\"48\">\n<p>9.00<\/p>\n<\/td>\n<td style=\"width: 77.4799%;\" width=\"564\">\n<p>Za Parafian<\/p>\n<\/td>\n<\/tr>\n<tr>\n<td style=\"width: 6.61305%;\" width=\"48\">\n<p>10.30<\/p>\n<\/td>\n<td style=\"width: 77.4799%;\" width=\"564\">\n<p>O b\u0142ogos\u0142awie\u0144stwo Bo\u017ce i zdrowie dla Anny i Sebastiana i ich dzieci\u00a0<\/p>\n<\/td>\n<\/tr>\n<tr>\n<td style=\"width: 6.61305%;\" width=\"48\">\n<p>12.00<\/p>\n<\/td>\n<td style=\"width: 77.4799%;\" width=\"564\">\n<p>+ Pawe\u0142 W\u00f3jcik \u2013 z int. kole\u017canek i koleg\u00f3w syna z kl. 5a SP nr 24 w Rzeszowie i ich rodzic\u00f3w<\/p>\n<\/td>\n<\/tr>\n<tr>\n<td style=\"width: 6.61305%;\" width=\"48\">\n<p>17.00<\/p>\n<\/td>\n<td style=\"width: 77.4799%;\" width=\"564\">\n<p>+ Antonina Krupska gr.28<\/p>\n<\/td>\n<\/tr>\n<\/tbody>\n<\/table>\n","protected":false},"excerpt":{"rendered":"<p>22.08.2022r. Poniedzia\u0142ek 7.00 1. O b\u0142ogos\u0142awie\u0144stwo Bo\u017ce dla Marysi 2. + Mariusz Kusy \u2013 z int. cioci Ireny i wujka Jurka 3. + Ma\u0142gorzata Dy\u017cewska \u2013 z int. m\u0119\u017ca 18.00 1. O b\u0142ogos\u0142awie\u0144stwo Bo\u017ce i opiek\u0119 Matki Bo\u017cej dla Julii i Wiktorii w r. ich urodzin 2. + Antonina Krupska gr.22 23.08.2022r. Wtorek 7.00 1. <a class=\"read-more\" href=\"https:\/\/parafiazalesie.org\/index.php\/2022\/08\/21\/intencje-mszalne-22-28-08-2022r\/\"><\/p>\n<p>Zobacz wi\u0119cej<\/a><\/p>\n","protected":false},"author":1,"featured_media":111,"comment_status":"closed","ping_status":"closed","sticky":false,"template":"","format":"standard","meta":{"ngg_post_thumbnail":0,"footnotes":""},"categories":[5],"tags":[],"class_list":["post-903","post","type-post","status-publish","format-standard","has-post-thumbnail","hentry","category-intencje"],"_links":{"self":[{"href":"https:\/\/parafiazalesie.org\/index.php\/wp-json\/wp\/v2\/posts\/903","targetHints":{"allow":["GET"]}}],"collection":[{"href":"https:\/\/parafiazalesie.org\/index.php\/wp-json\/wp\/v2\/posts"}],"about":[{"href":"https:\/\/parafiazalesie.org\/index.php\/wp-json\/wp\/v2\/types\/post"}],"author":[{"embeddable":true,"href":"https:\/\/parafiazalesie.org\/index.php\/wp-json\/wp\/v2\/users\/1"}],"replies":[{"embeddable":true,"href":"https:\/\/parafiazalesie.org\/index.php\/wp-json\/wp\/v2\/comments?post=903"}],"version-history":[{"count":0,"href":"https:\/\/parafiazalesie.org\/index.php\/wp-json\/wp\/v2\/posts\/903\/revisions"}],"wp:featuredmedia":[{"embeddable":true,"href":"https:\/\/parafiazalesie.org\/index.php\/wp-json\/wp\/v2\/media\/111"}],"wp:attachment":[{"href":"https:\/\/parafiazalesie.org\/index.php\/wp-json\/wp\/v2\/media?parent=903"}],"wp:term":[{"taxonomy":"category","embeddable":true,"href":"https:\/\/parafiazalesie.org\/index.php\/wp-json\/wp\/v2\/categories?post=903"},{"taxonomy":"post_tag","embeddable":true,"href":"https:\/\/parafiazalesie.org\/index.php\/wp-json\/wp\/v2\/tags?post=903"}],"curies":[{"name":"wp","href":"https:\/\/api.w.org\/{rel}","templated":true}]}}