{"id":899,"date":"2022-08-07T21:04:02","date_gmt":"2022-08-07T19:04:02","guid":{"rendered":"https:\/\/parafiazalesie.org\/?p=899"},"modified":"2022-08-07T21:04:02","modified_gmt":"2022-08-07T19:04:02","slug":"intencje-mszalne-08-14-08-2022r","status":"publish","type":"post","link":"https:\/\/parafiazalesie.org\/index.php\/2022\/08\/07\/intencje-mszalne-08-14-08-2022r\/","title":{"rendered":"INTENCJE MSZALNE 08 \u2013 14.08.2022r."},"content":{"rendered":"<p>&nbsp;<\/p>\n<table style=\"width: 100%;\" width=\"727\">\n<tbody>\n<tr>\n<td style=\"width: 15.8177%;\" rowspan=\"2\" width=\"115\">\n<p>08.08.2022r.<\/p>\n<p>Poniedzia\u0142ek<\/p>\n<\/td>\n<td style=\"width: 6.61305%;\" width=\"48\">\n<p>7.00<\/p>\n<\/td>\n<td style=\"width: 77.4799%;\" width=\"564\">\n<p>1. + Jerzy Chmieli\u0144ski w 1r. \u015bmierci\u00a0<br \/>\n2. + Mariusz Kusy \u2013 z int. kuzynki El\u017cbiety z Rodzin\u0105<br \/>\n3. + Marian Miros\u0142aw \u2013 z int. przyjaciela Czes\u0142awa<\/p>\n<\/td>\n<\/tr>\n<tr>\n<td style=\"width: 6.61305%;\" width=\"48\">\n<p>18.00<\/p>\n<\/td>\n<td style=\"width: 77.4799%;\" width=\"564\">\n<p>1. + Antonina Krupska gr.8<br \/>\n<span style=\"font-size: 15px;\">2. ++ Magdalena, Sebastian i brat Franciszek z \u017con\u0105 Helen\u0105<\/span><\/p>\n<\/td>\n<\/tr>\n<tr>\n<td style=\"width: 15.8177%;\" rowspan=\"2\" width=\"115\">\n<p>09.08.2022r.<\/p>\n<p>Wtorek<\/p>\n<\/td>\n<td style=\"width: 6.61305%;\" width=\"48\">\n<p>7.00<\/p>\n<\/td>\n<td style=\"width: 77.4799%;\" width=\"564\">\n<p>1. + Pawe\u0142 Ci\u0105pa\u0142a w 14r. \u015bmierci<br \/>\n2. + Mariusz Kusy \u2013 z int. ojca chrzestnego<br \/>\n3. + Marian Miros\u0142aw \u2013 z int. pracownik\u00f3w STAL \u2013 ROL<\/p>\n<\/td>\n<\/tr>\n<tr>\n<td style=\"width: 6.61305%;\" width=\"48\">\n<p>18.00<\/p>\n<\/td>\n<td style=\"width: 77.4799%;\" width=\"564\">\n<p>1. + Antonina Krupska gr.9<br \/>\n2. + Bogdan Rak i ++ z Rodziny<\/p>\n<\/td>\n<\/tr>\n<tr>\n<td style=\"width: 15.8177%;\" rowspan=\"2\" width=\"115\">\n<p>10.08.2022r.<\/p>\n<p>\u015aroda<\/p>\n<\/td>\n<td style=\"width: 6.61305%;\" width=\"48\">\n<p>7.00<\/p>\n<\/td>\n<td style=\"width: 77.4799%;\" width=\"564\">\n<p>1. ++ Stefania i Eugeniusz K\u0119dzior i ++ z Rodziny<br \/>\n2. + Mariusz Kusy \u2013 z int. rodziny Ku\u017aniar i Pi\u0119ta<br \/>\n3. + Dariusz Zi\u0119ba \u2013 z int. \u017cony i dzieci<\/p>\n<\/td>\n<\/tr>\n<tr>\n<td style=\"width: 6.61305%;\" width=\"48\">\n<p>18.00<\/p>\n<\/td>\n<td style=\"width: 77.4799%;\" width=\"564\">\n<p>1. + Antonina Krupska gr.10<br \/>\n2. + J\u00f3zef w r. \u015bmierci i ++ z Rodziny<\/p>\n<\/td>\n<\/tr>\n<tr>\n<td style=\"width: 15.8177%;\" rowspan=\"2\" width=\"115\">\n<p>11.08.2022r.<\/p>\n<p>Czwartek<\/p>\n<\/td>\n<td style=\"width: 6.61305%;\" width=\"48\">\n<p>7.00<\/p>\n<\/td>\n<td style=\"width: 77.4799%;\" width=\"564\">\n<p>1. + Mariusz Kusy \u2013 z int. rodziny Osypk\u00f3w<br \/>\n2. + Mariusz Kusy \u2013 z int. kuzynki Ireny z m\u0119\u017cem<br \/>\n3. + Krystyna Wo\u017aniak \u2013 z int. rodziny Lis\u00f3w<\/p>\n<\/td>\n<\/tr>\n<tr>\n<td style=\"width: 6.61305%;\" width=\"48\">\n<p>18.00<\/p>\n<\/td>\n<td style=\"width: 77.4799%;\" width=\"564\">\n<p>1. + Antonina Krupska gr.11<br \/>\n2. ++ Maria i Stefan<\/p>\n<\/td>\n<\/tr>\n<tr>\n<td style=\"width: 15.8177%;\" rowspan=\"2\" width=\"115\">\n<p>12.08.2022r.<\/p>\n<p>Pi\u0105tek<\/p>\n<\/td>\n<td style=\"width: 6.61305%;\" width=\"48\">\n<p>7.00<\/p>\n<\/td>\n<td style=\"width: 77.4799%;\" width=\"564\">\n<p>1. + Mariusz Kusy \u2013 z int. piel\u0119gniarki Ziobro<br \/>\n2. + Krystyna Wo\u017aniak \u2013 z int. rodziny Wo\u017aniak\u00f3w<br \/>\n3. + J\u00f3zef Sypka \u2013 z int. Barbary Paj\u0105k z Rodzin\u0105<\/p>\n<\/td>\n<\/tr>\n<tr>\n<td style=\"width: 6.61305%;\" width=\"48\">\n<p>18.00<\/p>\n<\/td>\n<td style=\"width: 77.4799%;\" width=\"564\">\n<p>1. Dzi\u0119kczynna w 50r. \u015blubu Wandy i W\u0142adys\u0142awa Dudzik z pro\u015bb\u0105 o Bo\u017ce b\u0142ogos\u0142awie\u0144stwo i potrzebne \u0142aski<br \/>\n2. + Antonina Krupska gr.12<\/p>\n<\/td>\n<\/tr>\n<tr>\n<td style=\"width: 15.8177%;\" rowspan=\"2\" width=\"115\">\n<p>13.08.2022r.<\/p>\n<p>Sobota<\/p>\n<\/td>\n<td style=\"width: 6.61305%;\" width=\"48\">\n<p>7.00<\/p>\n<\/td>\n<td style=\"width: 77.4799%;\" width=\"564\">\n<p>1. + Ryszard<br \/>\n2. + Mariusz Kusy \u2013 z int. Marii, opiekunek i Kamila<br \/>\n3. + Krystyna Wo\u017aniak \u2013 z int. Rodziny zmar\u0142ej<\/p>\n<\/td>\n<\/tr>\n<tr>\n<td style=\"width: 6.61305%;\" width=\"48\">\n<p>18.00<\/p>\n<\/td>\n<td style=\"width: 77.4799%;\" width=\"564\">\n<p>1. O szcz\u0119\u015bliwy powr\u00f3t do domu syna Krystiana<br \/>\n2. + Antonina Krupska gr.13<\/p>\n<\/td>\n<\/tr>\n<tr>\n<td style=\"width: 15.8177%;\" rowspan=\"5\" width=\"115\">\n<p>14.08.2022r.<\/p>\n<p>Niedziela<\/p>\n<\/td>\n<td style=\"width: 6.61305%;\" width=\"48\">\n<p>7.00<\/p>\n<\/td>\n<td style=\"width: 77.4799%;\" width=\"564\">\n<p>+ Franciszek Chmiel<\/p>\n<\/td>\n<\/tr>\n<tr>\n<td style=\"width: 6.61305%;\" width=\"48\">\n<p>9.00<\/p>\n<\/td>\n<td style=\"width: 77.4799%;\" width=\"564\">\n<p>+ Antonina Krupska gr.14<\/p>\n<\/td>\n<\/tr>\n<tr>\n<td style=\"width: 6.61305%;\" width=\"48\">\n<p>10.30<\/p>\n<\/td>\n<td style=\"width: 77.4799%;\" width=\"564\">\n<p>Dzi\u0119kczynna w 5r. \u015blubu Barbary i Kamila z pro\u015bb\u0105 o rozw\u00f3j i umocnienie mi\u0142o\u015bci ma\u0142\u017ce\u0144skiej i Bo\u017ce b\u0142ogos\u0142awie\u0144stwo dla ma\u0142\u017conk\u00f3w i ich dzieci<\/p>\n<\/td>\n<\/tr>\n<tr>\n<td style=\"width: 6.61305%;\" width=\"48\">\n<p>12.00<\/p>\n<\/td>\n<td style=\"width: 77.4799%;\" width=\"564\">\n<p>+ W\u0142adys\u0142aw S\u0119p w 19r. \u015bmierci<\/p>\n<\/td>\n<\/tr>\n<tr>\n<td style=\"width: 6.61305%;\" width=\"48\">\n<p>17.00<\/p>\n<\/td>\n<td style=\"width: 77.4799%;\" width=\"564\">\n<p>Za Parafian<\/p>\n<\/td>\n<\/tr>\n<\/tbody>\n<\/table>\n<p>&nbsp;<\/p>\n","protected":false},"excerpt":{"rendered":"<p>&nbsp; 08.08.2022r. Poniedzia\u0142ek 7.00 1. + Jerzy Chmieli\u0144ski w 1r. \u015bmierci\u00a0 2. + Mariusz Kusy \u2013 z int. kuzynki El\u017cbiety z Rodzin\u0105 3. + Marian Miros\u0142aw \u2013 z int. przyjaciela Czes\u0142awa 18.00 1. + Antonina Krupska gr.8 2. ++ Magdalena, Sebastian i brat Franciszek z \u017con\u0105 Helen\u0105 09.08.2022r. Wtorek 7.00 1. + Pawe\u0142 Ci\u0105pa\u0142a w <a class=\"read-more\" href=\"https:\/\/parafiazalesie.org\/index.php\/2022\/08\/07\/intencje-mszalne-08-14-08-2022r\/\"><\/p>\n<p>Zobacz wi\u0119cej<\/a><\/p>\n","protected":false},"author":1,"featured_media":111,"comment_status":"closed","ping_status":"closed","sticky":false,"template":"","format":"standard","meta":{"ngg_post_thumbnail":0,"footnotes":""},"categories":[5],"tags":[],"class_list":["post-899","post","type-post","status-publish","format-standard","has-post-thumbnail","hentry","category-intencje"],"_links":{"self":[{"href":"https:\/\/parafiazalesie.org\/index.php\/wp-json\/wp\/v2\/posts\/899","targetHints":{"allow":["GET"]}}],"collection":[{"href":"https:\/\/parafiazalesie.org\/index.php\/wp-json\/wp\/v2\/posts"}],"about":[{"href":"https:\/\/parafiazalesie.org\/index.php\/wp-json\/wp\/v2\/types\/post"}],"author":[{"embeddable":true,"href":"https:\/\/parafiazalesie.org\/index.php\/wp-json\/wp\/v2\/users\/1"}],"replies":[{"embeddable":true,"href":"https:\/\/parafiazalesie.org\/index.php\/wp-json\/wp\/v2\/comments?post=899"}],"version-history":[{"count":0,"href":"https:\/\/parafiazalesie.org\/index.php\/wp-json\/wp\/v2\/posts\/899\/revisions"}],"wp:featuredmedia":[{"embeddable":true,"href":"https:\/\/parafiazalesie.org\/index.php\/wp-json\/wp\/v2\/media\/111"}],"wp:attachment":[{"href":"https:\/\/parafiazalesie.org\/index.php\/wp-json\/wp\/v2\/media?parent=899"}],"wp:term":[{"taxonomy":"category","embeddable":true,"href":"https:\/\/parafiazalesie.org\/index.php\/wp-json\/wp\/v2\/categories?post=899"},{"taxonomy":"post_tag","embeddable":true,"href":"https:\/\/parafiazalesie.org\/index.php\/wp-json\/wp\/v2\/tags?post=899"}],"curies":[{"name":"wp","href":"https:\/\/api.w.org\/{rel}","templated":true}]}}