{"id":897,"date":"2022-08-07T21:00:57","date_gmt":"2022-08-07T19:00:57","guid":{"rendered":"https:\/\/parafiazalesie.org\/?p=897"},"modified":"2022-08-07T21:00:57","modified_gmt":"2022-08-07T19:00:57","slug":"intencje-mszalne-01-07-08-2022r","status":"publish","type":"post","link":"https:\/\/parafiazalesie.org\/index.php\/2022\/08\/07\/intencje-mszalne-01-07-08-2022r\/","title":{"rendered":"INTENCJE MSZALNE  01 \u2013 07.08.2022r."},"content":{"rendered":"<table width=\"727\">\n<tbody>\n<tr>\n<td rowspan=\"2\" width=\"115\">\n<p>01.08.2022r.<\/p>\n<p>Poniedzia\u0142ek<\/p>\n<\/td>\n<td width=\"48\">\n<p>7.00<\/p>\n<\/td>\n<td width=\"564\">\n<p>1. Dzi\u0119kczynna Krzysztofa za przemieni\u0119 duchow\u0105 z pro\u015bb\u0105 o Bo\u017ce b\u0142ogos\u0142awie\u0144stwo<br \/>\n2. + Antonina Krupska gr.(rozpocz\u0119cie)<br \/>\n3. + Marian Miros\u0142aw \u2013 z int. pracownik\u00f3w Chemifarbu<\/p>\n<\/td>\n<\/tr>\n<tr>\n<td width=\"48\">\n<p>18.00<\/p>\n<\/td>\n<td width=\"564\">\n<p>1. Dzi\u0119kczynna w 18r. urodzin Szymona z pro\u015bb\u0105 o Bo\u017ce b\u0142ogos\u0142awie\u0144stwo na doros\u0142e lata \u017cycia<br \/>\n2. + Franciszek Sikora \u2013 z int. syna Janusza z Rodzin\u0105<\/p>\n<\/td>\n<\/tr>\n<tr>\n<td rowspan=\"2\" width=\"115\">\n<p>02.08.2022r.<\/p>\n<p>Wtorek<\/p>\n<\/td>\n<td width=\"48\">\n<p>7.00<\/p>\n<\/td>\n<td width=\"564\">\n<p>1. + Antonina Krupska gr.2<br \/>\n2. + Czes\u0142awa (f) Stec<br \/>\n3. + Krystyna Wnuk \u2013 z int. kole\u017canek c\u00f3rki Renaty z ZUS o\/w Rzeszowie<\/p>\n<\/td>\n<\/tr>\n<tr>\n<td width=\"48\">\n<p>18.00<\/p>\n<\/td>\n<td width=\"564\">\n<p>1. O Bo\u017ce b\u0142ogos\u0142awie\u0144stwo i opiek\u0119 Matki Bo\u017cej Zaleskiej w dniu urodzin dla ks. Grzegorza Kota<br \/>\n2. ++ Teresa i August i ++ dziadkowie i babcie Janina i W\u0142adys\u0142aw<\/p>\n<\/td>\n<\/tr>\n<tr>\n<td rowspan=\"2\" width=\"115\">\n<p>03.08.2022r.<\/p>\n<p>\u015aroda<\/p>\n<\/td>\n<td width=\"48\">\n<p>7.00<\/p>\n<\/td>\n<td width=\"564\">\n<p>1. + Antonina Krupska gr.3<br \/>\n2. + Marian Miros\u0142aw \u2013 z int. Moniki i Mariusza Koz\u0142owskich z Rodzin\u0105<br \/>\n3. + Mariusz Kusy \u2013 z int. rodziny Liszewskich<\/p>\n<\/td>\n<\/tr>\n<tr>\n<td width=\"48\">\n<p>18.00<\/p>\n<\/td>\n<td width=\"564\">\n<p>1. + Kazimierz Wisz w 7r. \u015bmierci \u2013 z int. Mariana z Rodzin\u0105<br \/>\n2. + Stanis\u0142awa (f) w 6r. \u015bmierci<\/p>\n<\/td>\n<\/tr>\n<tr>\n<td rowspan=\"2\" width=\"115\">\n<p>04.08.2022r.<\/p>\n<p>Czwartek<\/p>\n<\/td>\n<td width=\"48\">\n<p>7.00<\/p>\n<\/td>\n<td width=\"564\">\n<p>1. + Antonina Krupska gr.4<br \/>\n2. + Marian Miros\u0142aw \u2013 z int. rodziny Valev<br \/>\n3. + Mariusz Kusy \u2013 z int. kole\u017canki Gosi<\/p>\n<\/td>\n<\/tr>\n<tr>\n<td width=\"48\">\n<p>18.00<\/p>\n<\/td>\n<td width=\"564\">\n<p>1. Dzi\u0119kczynna w 16r. \u015blubu Agnieszki i Ireneusza ze szczeg\u00f3lnym \u00a0dzi\u0119kczynieniem za dar potomstwa z pro\u015bb\u0105 o dalsze Bo\u017ce b\u0142ogos\u0142awie\u0144stwo, opiek\u0119 Matki Bo\u017cej i zdrowie dla ca\u0142ej Rodziny<br \/>\n2. + Micha\u0142 Sowa w 2r. \u015bmierci \u2013 z int. \u017cony i dzieci<\/p>\n<\/td>\n<\/tr>\n<tr>\n<td rowspan=\"2\" width=\"115\">\n<p>05.08.2022r.<\/p>\n<p>Pi\u0105tek<\/p>\n<\/td>\n<td width=\"48\">\n<p>7.00<\/p>\n<\/td>\n<td width=\"564\">\n<p>1. O zdrowie dla Kazimierza<br \/>\n2. + Antonina Krupska gr.5<br \/>\n3. + Bogus\u0142awa (f) Dworak w 2r. \u015bmierci<br \/>\n4. + Jan Kopta w 38r. \u015bmierci<\/p>\n<\/td>\n<\/tr>\n<tr>\n<td width=\"48\">\n<p>18.00<\/p>\n<\/td>\n<td width=\"564\">\n<p>Wynagradzaj\u0105ca Naj\u015bwi\u0119tszemu Sercu Pana Jezusa za grzechy i o intronizacj\u0119 Jezusa \u2013 Kr\u00f3la w ludzkich sercach \u2013 z int. Wsp\u00f3lnoty Intronizacyjnej<\/p>\n<\/td>\n<\/tr>\n<tr>\n<td rowspan=\"2\" width=\"115\">\n<p>06.08.2022r.<\/p>\n<p>Sobota<\/p>\n<\/td>\n<td width=\"48\">\n<p>7.00<\/p>\n<\/td>\n<td width=\"564\">\n<p>1. + Antonina Krupska gr.6<br \/>\n2. ++ Stefania i Boles\u0142aw<br \/>\n3. + Mariusz Kusy \u2013 z int. Ma\u0142gorzaty Wojtowicz z Rodzin\u0105<\/p>\n<\/td>\n<\/tr>\n<tr>\n<td width=\"48\">\n<p>18.00<\/p>\n<\/td>\n<td width=\"564\">\n<p>1. ++ Henryka (f) i Micha\u0142 Pa\u0142ka<br \/>\n2. + Marian Miros\u0142aw \u2013 z int. rodziny Malak<\/p>\n<\/td>\n<\/tr>\n<tr>\n<td rowspan=\"5\" width=\"115\">\n<p>07.08.2022r.<\/p>\n<p>Niedziela<\/p>\n<\/td>\n<td width=\"48\">\n<p>7.00<\/p>\n<\/td>\n<td width=\"564\">\n<p>Dzi\u0119kczynna za otrzymane \u0142aski z pro\u015bb\u0105 o Bo\u017ce b\u0142ogos\u0142awie\u0144stwo i opiek\u0119 Matki Bo\u017cej Kr\u00f3lowej R\u00f3\u017ca\u0144ca dla Wsp\u00f3lnoty R\u00f3\u017c R\u00f3\u017ca\u0144cowych i ich Rodzin<\/p>\n<\/td>\n<\/tr>\n<tr>\n<td width=\"48\">\n<p>9.00<\/p>\n<\/td>\n<td width=\"564\">\n<p>+ Antonina Krupska gr.7<\/p>\n<\/td>\n<\/tr>\n<tr>\n<td width=\"48\">\n<p>10.30<\/p>\n<\/td>\n<td width=\"564\">\n<p>O zdrowie i Bo\u017ce b\u0142ogos\u0142awie\u0144stwo dla Klementyny, Paw\u0142a i Hugo<\/p>\n<\/td>\n<\/tr>\n<tr>\n<td width=\"48\">\n<p>12.00<\/p>\n<\/td>\n<td width=\"564\">\n<p>Za Parafian<\/p>\n<\/td>\n<\/tr>\n<tr>\n<td width=\"48\">\n<p>17.00<\/p>\n<\/td>\n<td width=\"564\">\n<p>++ Marian i J\u00f3zef Sitek<\/p>\n<\/td>\n<\/tr>\n<\/tbody>\n<\/table>\n","protected":false},"excerpt":{"rendered":"<p>01.08.2022r. Poniedzia\u0142ek 7.00 1. Dzi\u0119kczynna Krzysztofa za przemieni\u0119 duchow\u0105 z pro\u015bb\u0105 o Bo\u017ce b\u0142ogos\u0142awie\u0144stwo 2. + Antonina Krupska gr.(rozpocz\u0119cie) 3. + Marian Miros\u0142aw \u2013 z int. pracownik\u00f3w Chemifarbu 18.00 1. Dzi\u0119kczynna w 18r. urodzin Szymona z pro\u015bb\u0105 o Bo\u017ce b\u0142ogos\u0142awie\u0144stwo na doros\u0142e lata \u017cycia 2. + Franciszek Sikora \u2013 z int. syna Janusza z Rodzin\u0105 <a class=\"read-more\" href=\"https:\/\/parafiazalesie.org\/index.php\/2022\/08\/07\/intencje-mszalne-01-07-08-2022r\/\"><\/p>\n<p>Zobacz wi\u0119cej<\/a><\/p>\n","protected":false},"author":1,"featured_media":111,"comment_status":"closed","ping_status":"closed","sticky":false,"template":"","format":"standard","meta":{"ngg_post_thumbnail":0,"footnotes":""},"categories":[5],"tags":[],"class_list":["post-897","post","type-post","status-publish","format-standard","has-post-thumbnail","hentry","category-intencje"],"_links":{"self":[{"href":"https:\/\/parafiazalesie.org\/index.php\/wp-json\/wp\/v2\/posts\/897","targetHints":{"allow":["GET"]}}],"collection":[{"href":"https:\/\/parafiazalesie.org\/index.php\/wp-json\/wp\/v2\/posts"}],"about":[{"href":"https:\/\/parafiazalesie.org\/index.php\/wp-json\/wp\/v2\/types\/post"}],"author":[{"embeddable":true,"href":"https:\/\/parafiazalesie.org\/index.php\/wp-json\/wp\/v2\/users\/1"}],"replies":[{"embeddable":true,"href":"https:\/\/parafiazalesie.org\/index.php\/wp-json\/wp\/v2\/comments?post=897"}],"version-history":[{"count":0,"href":"https:\/\/parafiazalesie.org\/index.php\/wp-json\/wp\/v2\/posts\/897\/revisions"}],"wp:featuredmedia":[{"embeddable":true,"href":"https:\/\/parafiazalesie.org\/index.php\/wp-json\/wp\/v2\/media\/111"}],"wp:attachment":[{"href":"https:\/\/parafiazalesie.org\/index.php\/wp-json\/wp\/v2\/media?parent=897"}],"wp:term":[{"taxonomy":"category","embeddable":true,"href":"https:\/\/parafiazalesie.org\/index.php\/wp-json\/wp\/v2\/categories?post=897"},{"taxonomy":"post_tag","embeddable":true,"href":"https:\/\/parafiazalesie.org\/index.php\/wp-json\/wp\/v2\/tags?post=897"}],"curies":[{"name":"wp","href":"https:\/\/api.w.org\/{rel}","templated":true}]}}