{"id":883,"date":"2022-07-11T07:25:36","date_gmt":"2022-07-11T05:25:36","guid":{"rendered":"https:\/\/parafiazalesie.org\/?p=883"},"modified":"2022-07-11T07:25:36","modified_gmt":"2022-07-11T05:25:36","slug":"ogloszenia-parafialne-xv-niedziela-zwykla-10-lipca-2022","status":"publish","type":"post","link":"https:\/\/parafiazalesie.org\/index.php\/2022\/07\/11\/ogloszenia-parafialne-xv-niedziela-zwykla-10-lipca-2022\/","title":{"rendered":"OG\u0141OSZENIA PARAFIALNE XV Niedziela Zwyk\u0142\u0105 10 lipca 2022"},"content":{"rendered":"<ol>\n<li>W tym tygodniu w liturgii Ko\u015bcio\u0142a b\u0119dziemy wspomina\u0107:\n<ul>\n<li style=\"text-align: left;\">w poniedzia\u0142ek \u015bwi\u0119to \u015bw. Benedykta, opata, patrona Europy<\/li>\n<li style=\"text-align: left;\">we wtorek \u015bw. Brunona Bonifacego z Kwerfurtu, biskupa i m\u0119czennika<\/li>\n<li style=\"text-align: left;\">w \u015brod\u0119 \u015bwi\u0119tych pustelnik\u00f3w Andrzeja \u015awierada i Benedykta<\/li>\n<li style=\"text-align: left;\">w pi\u0105tek <a style=\"font-size: 15px;\" href=\"https:\/\/brewiarz.pl\/vii_22\/1507p\/index.php3?l=i\">\u015bw. Bonawentury, biskupa i doktora Ko\u015bcio\u0142a<\/a><\/li>\n<li style=\"text-align: left;\">w sobot\u0119 <a style=\"font-size: 15px;\" href=\"https:\/\/brewiarz.pl\/vii_22\/1607p\/index.php3?l=i\">Naj\u015bwi\u0119tszej Maryi Panny z G\u00f3ry Karmel<\/a><\/li>\n<\/ul>\n<\/li>\n<li>R\u00f3\u017caniec w przysz\u0142\u0105 niedziel\u0119 poprowadzi R\u00f3\u017ca b\u0142. Kard. Stefana Wyszy\u0144skiego.<\/li>\n<li>Za tydzie\u0144 w niedziel\u0119, Koncertem w Katedrze o godz. 20.00, rozpoczyna si\u0119 Podkarpacki Festiwal Organowy. U na tradycyjnie koncert odb\u0119dzie si\u0119 w dniu Odpustu Parafialnego (15 sierpnia). Zach\u0119camy do udzia\u0142u.<\/li>\n<li>Jak co tydzie\u0144 zapraszamy na Adoracj\u0119 Naj\u015bwi\u0119tszego Sakramentu\n<ul>\n<li>w \u015brod\u0119 po wieczornej Mszy \u015bw. do 20.00<\/li>\n<li>w pi\u0119tek od 17.00 do Mszy \u015bwi\u0119tej.<\/li>\n<\/ul>\n<\/li>\n<li>W zakrystii jest jeszcze kilka \u201ekarton\u00f3w pomocy\u201d dla potrzebuj\u0105cych z Ukrainy.<br \/>\nJednocze\u015bnie dzi\u0119kujemy za ogromnie pozytywny odzew na t\u0119 akcj\u0119.<\/li>\n<li>Zach\u0119camy do czytania prasy katolickiej\n<ul>\n<li>W Niedzieli ciekawy artyku\u0142 o relikwiach zwi\u0105zanych z Panem Jezusem<\/li>\n<li>Go\u015b\u0107 Niedzielny ukazuje \u017cycie za murami najbardziej wymagaj\u0105cych zakon\u00f3w pustelniczych.<\/li>\n<li>Znak \u0142aski prezentuje nowo wy\u015bwi\u0119conych kap\u0142an\u00f3w naszej diecezji.<\/li>\n<li>Jest r\u00f3wnie\u017c nowy numer Listu do Pani.<\/li>\n<\/ul>\n<\/li>\n<li>W imieniu Pana Dyrektora Przedszkola \u015awi\u0119tej Rodziny z Nazaretu przypominamy, \u017ce jest ono otwarte przez ca\u0142e wakacje a przedszkole oferuje opiek\u0119 nad dzie\u0107mi wieku przedszkolnym jak i &#8211; w czasie wakacji &#8211; w wieku wczesnoszkolnym. Szczeg\u00f3\u0142y na stronie przedszkola i facebooku parafialnym.<\/li>\n<\/ol>\n<p>Wszystkim \u017cyczymy b\u0142ogos\u0142awionego tygodnia<\/p>\n","protected":false},"excerpt":{"rendered":"<p>W tym tygodniu w liturgii Ko\u015bcio\u0142a b\u0119dziemy wspomina\u0107: w poniedzia\u0142ek \u015bwi\u0119to \u015bw. Benedykta, opata, patrona Europy we wtorek \u015bw. Brunona Bonifacego z Kwerfurtu, biskupa i m\u0119czennika w \u015brod\u0119 \u015bwi\u0119tych pustelnik\u00f3w Andrzeja \u015awierada i Benedykta w pi\u0105tek \u015bw. Bonawentury, biskupa i doktora Ko\u015bcio\u0142a w sobot\u0119 Naj\u015bwi\u0119tszej Maryi Panny z G\u00f3ry Karmel R\u00f3\u017caniec w przysz\u0142\u0105 niedziel\u0119 poprowadzi <a class=\"read-more\" href=\"https:\/\/parafiazalesie.org\/index.php\/2022\/07\/11\/ogloszenia-parafialne-xv-niedziela-zwykla-10-lipca-2022\/\"><\/p>\n<p>Zobacz wi\u0119cej<\/a><\/p>\n","protected":false},"author":1,"featured_media":884,"comment_status":"closed","ping_status":"closed","sticky":false,"template":"","format":"standard","meta":{"ngg_post_thumbnail":0,"footnotes":""},"categories":[3],"tags":[],"class_list":["post-883","post","type-post","status-publish","format-standard","has-post-thumbnail","hentry","category-ogloszenia"],"_links":{"self":[{"href":"https:\/\/parafiazalesie.org\/index.php\/wp-json\/wp\/v2\/posts\/883","targetHints":{"allow":["GET"]}}],"collection":[{"href":"https:\/\/parafiazalesie.org\/index.php\/wp-json\/wp\/v2\/posts"}],"about":[{"href":"https:\/\/parafiazalesie.org\/index.php\/wp-json\/wp\/v2\/types\/post"}],"author":[{"embeddable":true,"href":"https:\/\/parafiazalesie.org\/index.php\/wp-json\/wp\/v2\/users\/1"}],"replies":[{"embeddable":true,"href":"https:\/\/parafiazalesie.org\/index.php\/wp-json\/wp\/v2\/comments?post=883"}],"version-history":[{"count":0,"href":"https:\/\/parafiazalesie.org\/index.php\/wp-json\/wp\/v2\/posts\/883\/revisions"}],"wp:featuredmedia":[{"embeddable":true,"href":"https:\/\/parafiazalesie.org\/index.php\/wp-json\/wp\/v2\/media\/884"}],"wp:attachment":[{"href":"https:\/\/parafiazalesie.org\/index.php\/wp-json\/wp\/v2\/media?parent=883"}],"wp:term":[{"taxonomy":"category","embeddable":true,"href":"https:\/\/parafiazalesie.org\/index.php\/wp-json\/wp\/v2\/categories?post=883"},{"taxonomy":"post_tag","embeddable":true,"href":"https:\/\/parafiazalesie.org\/index.php\/wp-json\/wp\/v2\/tags?post=883"}],"curies":[{"name":"wp","href":"https:\/\/api.w.org\/{rel}","templated":true}]}}