{"id":880,"date":"2022-06-27T08:37:01","date_gmt":"2022-06-27T06:37:01","guid":{"rendered":"https:\/\/parafiazalesie.org\/?p=880"},"modified":"2022-06-27T08:37:01","modified_gmt":"2022-06-27T06:37:01","slug":"wakacje-2022","status":"publish","type":"post","link":"https:\/\/parafiazalesie.org\/index.php\/2022\/06\/27\/wakacje-2022\/","title":{"rendered":"Wakacje 2022"},"content":{"rendered":"<p>Przedszkole \u015awi\u0119tej Rodziny z Nazaretu przy naszym ko\u015bciele pw. Wniebowzi\u0119cia NMP, informuje, i\u017c w zwi\u0105zku z prac\u0105 przedszkola przez ca\u0142e wakacje, jest mo\u017cliwo\u015b\u0107 opieki nad dzie\u0107mi zar\u00f3wno w wieku przedszkolnym jak i wczesnoszkolnym. Zapraszamy dzieci z innych przedszkoli zamkni\u0119tych w okresie wakacji do sp\u0119dzenie dowolnie wybranego czasu na zabawach, naukach i wycieczkach w Przedszkolu \u015awi\u0119tej Rodziny z Nazaretu ul. A. Zelwerowicza 2A podczas ca\u0142ego okresu wakacyjnego. Ponadto informujemy, i\u017c zosta\u0142a utworzona dodatkowa grupa dla dzieci w wieku wczesnoszkolnym. Szczeg\u00f3\u0142owe informacje pod numerem tel. 531 555 275<\/p>\n","protected":false},"excerpt":{"rendered":"<p>Przedszkole \u015awi\u0119tej Rodziny z Nazaretu przy naszym ko\u015bciele pw. Wniebowzi\u0119cia NMP, informuje, i\u017c w zwi\u0105zku z prac\u0105 przedszkola przez ca\u0142e wakacje, jest mo\u017cliwo\u015b\u0107 opieki nad dzie\u0107mi zar\u00f3wno w wieku przedszkolnym jak i wczesnoszkolnym. Zapraszamy dzieci z innych przedszkoli zamkni\u0119tych w okresie wakacji do sp\u0119dzenie dowolnie wybranego czasu na zabawach, naukach i wycieczkach w Przedszkolu \u015awi\u0119tej <a class=\"read-more\" href=\"https:\/\/parafiazalesie.org\/index.php\/2022\/06\/27\/wakacje-2022\/\"><\/p>\n<p>Zobacz wi\u0119cej<\/a><\/p>\n","protected":false},"author":1,"featured_media":881,"comment_status":"closed","ping_status":"closed","sticky":false,"template":"","format":"standard","meta":{"ngg_post_thumbnail":0,"footnotes":""},"categories":[6],"tags":[],"class_list":["post-880","post","type-post","status-publish","format-standard","has-post-thumbnail","hentry","category-aktualnosci"],"_links":{"self":[{"href":"https:\/\/parafiazalesie.org\/index.php\/wp-json\/wp\/v2\/posts\/880","targetHints":{"allow":["GET"]}}],"collection":[{"href":"https:\/\/parafiazalesie.org\/index.php\/wp-json\/wp\/v2\/posts"}],"about":[{"href":"https:\/\/parafiazalesie.org\/index.php\/wp-json\/wp\/v2\/types\/post"}],"author":[{"embeddable":true,"href":"https:\/\/parafiazalesie.org\/index.php\/wp-json\/wp\/v2\/users\/1"}],"replies":[{"embeddable":true,"href":"https:\/\/parafiazalesie.org\/index.php\/wp-json\/wp\/v2\/comments?post=880"}],"version-history":[{"count":0,"href":"https:\/\/parafiazalesie.org\/index.php\/wp-json\/wp\/v2\/posts\/880\/revisions"}],"wp:featuredmedia":[{"embeddable":true,"href":"https:\/\/parafiazalesie.org\/index.php\/wp-json\/wp\/v2\/media\/881"}],"wp:attachment":[{"href":"https:\/\/parafiazalesie.org\/index.php\/wp-json\/wp\/v2\/media?parent=880"}],"wp:term":[{"taxonomy":"category","embeddable":true,"href":"https:\/\/parafiazalesie.org\/index.php\/wp-json\/wp\/v2\/categories?post=880"},{"taxonomy":"post_tag","embeddable":true,"href":"https:\/\/parafiazalesie.org\/index.php\/wp-json\/wp\/v2\/tags?post=880"}],"curies":[{"name":"wp","href":"https:\/\/api.w.org\/{rel}","templated":true}]}}