{"id":877,"date":"2022-06-25T11:07:11","date_gmt":"2022-06-25T09:07:11","guid":{"rendered":"https:\/\/parafiazalesie.org\/?p=877"},"modified":"2022-06-21T11:08:41","modified_gmt":"2022-06-21T09:08:41","slug":"intencje-mszalne-27-06-03-07-2022r","status":"publish","type":"post","link":"https:\/\/parafiazalesie.org\/index.php\/2022\/06\/25\/intencje-mszalne-27-06-03-07-2022r\/","title":{"rendered":"INTENCJE MSZALNE 27.06 \u2013 03.07.2022r."},"content":{"rendered":"<table width=\"727\">\n<tbody>\n<tr>\n<td rowspan=\"2\" width=\"115\">\n<p>27.06.2022r.<\/p>\n<p>Poniedzia\u0142ek<\/p>\n<\/td>\n<td width=\"48\">\n<p>7.00<\/p>\n<\/td>\n<td width=\"564\">\n<p>1. + Maria Rabczak gr.28<br \/>\n2. ++ W\u0142adys\u0142aw, Magdalena, Wojciech Kl\u0119sk<br \/>\n3. + W\u0142adys\u0142aw Stec<\/p>\n<\/td>\n<\/tr>\n<tr>\n<td width=\"48\">\n<p>18.00<\/p>\n<\/td>\n<td width=\"564\">\n<p>1. + Stefania Zawadzka gr.29<br \/>\n2. ++ Janina i W\u0142adys\u0142aw Osika<br \/>\n3. ++ W\u0142adys\u0142aw i Wiktoria Szado, Zofia Malinek<\/p>\n<\/td>\n<\/tr>\n<tr>\n<td rowspan=\"2\" width=\"115\">\n<p>28.06.2022r.<\/p>\n<p>Wtorek<\/p>\n<\/td>\n<td width=\"48\">\n<p>7.00<\/p>\n<\/td>\n<td width=\"564\">\n<p>1. Dzi\u0119kczynna w 14r. \u015blubu Magdaleny i Mariusza z pro\u015bb\u0105 o Bo\u017ce b\u0142ogos\u0142awie\u0144stwo<br \/>\n2. + Maria Rabczak gr.29<br \/>\n3. + Stefania Zawadzka gr.(zako\u0144czenie)<\/p>\n<\/td>\n<\/tr>\n<tr>\n<td width=\"48\">\n<p>18.00<\/p>\n<\/td>\n<td width=\"564\">\n<p>1. Dzi\u0119kczynna w 29r. \u015blubu\u00a0 Anny i Witolda z pro\u015bb\u0105 o\u00a0 Bo\u017ce b\u0142ogos\u0142awie\u0144stwo i opiek\u0119 Matki Bo\u017cej Zaleskiej<br \/>\n2. + Mariusz Kusy (z okazji urodzin)<br \/>\n3. ++ Maria i J\u00f3zef<\/p>\n<\/td>\n<\/tr>\n<tr>\n<td rowspan=\"3\" width=\"115\">\n<p>29.06.2022r.<\/p>\n<p>\u015aroda<\/p>\n<\/td>\n<td width=\"48\">\n<p>7.00<\/p>\n<\/td>\n<td width=\"564\">\n<p>1. + Maria Rabczak gr.(zako\u0144czenie)<br \/>\n2. + J\u00f3zef Surdel \u2013 z int. syna Grzegorza z Rodzin\u0105<\/p>\n<\/td>\n<\/tr>\n<tr>\n<td width=\"48\">\n<p>9.00<\/p>\n<\/td>\n<td width=\"564\">\n<p>+ Andrzej<\/p>\n<\/td>\n<\/tr>\n<tr>\n<td width=\"48\">\n<p>18.00<\/p>\n<\/td>\n<td width=\"564\">\n<p>1. + Pawe\u0142 Jarz\u0119bowski<br \/>\n2. + Wojciech Kmiotek w 5r. \u015bmierci \u2013 z int. \u017cony i dzieci<br \/>\n3. + W\u0142adys\u0142aw Bober<\/p>\n<\/td>\n<\/tr>\n<tr>\n<td rowspan=\"2\" width=\"115\">\n<p>30.06.2022r.<\/p>\n<p>Czwartek<\/p>\n<\/td>\n<td width=\"48\">\n<p>7.00<\/p>\n<\/td>\n<td width=\"564\">\n<p>1. + Edward Jaworski<br \/>\n2. + Renata Makuch \u2013 z int. rodziny P\u0142onk\u00f3w<br \/>\n3. + W\u0142adys\u0142aw Bober \u2013 z int. Sebastiana Bober z Rodzin\u0105<\/p>\n<\/td>\n<\/tr>\n<tr>\n<td width=\"48\">\n<p>18.00<\/p>\n<\/td>\n<td width=\"564\">\n<p>1. + Julian Kurek<br \/>\n2. ++ Stefan, Helena, Maria<\/p>\n<\/td>\n<\/tr>\n<tr>\n<td rowspan=\"2\" width=\"115\">\n<p>01.07.2022r.<\/p>\n<p>Pi\u0105tek<\/p>\n<\/td>\n<td width=\"48\">\n<p>7.00<\/p>\n<\/td>\n<td width=\"564\">\n<p>1. + W\u0142adys\u0142aw Bober \u2013 z int. Marii Domi\u0144czyk<br \/>\n2. + J\u00f3zef Surdel \u2013 z int. wnuczki Ma\u0142gorzaty z Rodzin\u0105<br \/>\n3. + Renata Makuch \u2013 z int. Joanny i Krzysztofa P\u0142onka<br \/>\n4. + Artur Ple\u015bniak<\/p>\n<\/td>\n<\/tr>\n<tr>\n<td width=\"48\">\n<p>18.00<\/p>\n<\/td>\n<td width=\"564\">\n<p>+ W\u0142adys\u0142aw Bober gr.(rozpocz\u0119cie)<\/p>\n<\/td>\n<\/tr>\n<tr>\n<td rowspan=\"2\" width=\"115\">\n<p>02.07.2022r.<\/p>\n<p>Sobota<\/p>\n<\/td>\n<td width=\"48\">\n<p>7.00<\/p>\n<\/td>\n<td width=\"564\">\n<p>1. O Bo\u017ce b\u0142ogos\u0142awie\u0144stwo na nowej drodze Marcina i Kerry<br \/>\n2. + Renata Makuch \u2013 z int. pracownik\u00f3w Centrum Medycznego MEDYK<br \/>\n3. + J\u00f3zef Surdel \u2013 z int. wnuczki Karoliny z Rodzin\u0105<\/p>\n<\/td>\n<\/tr>\n<tr>\n<td width=\"48\">\n<p>18.00<\/p>\n<\/td>\n<td width=\"564\">\n<p>1. O zwyci\u0119stwo Niepokalanego Serca Matki Bo\u017cej, wynagradzaj\u0105ca Jej Sercu oraz o pok\u00f3j na \u015bwiecie i w ka\u017cdym ludzkim sercu<br \/>\n2. + W\u0142adys\u0142aw Bober gr.2<\/p>\n<\/td>\n<\/tr>\n<tr>\n<td rowspan=\"5\" width=\"115\">\n<p>03.07.2022r.<\/p>\n<p>Niedziela<\/p>\n<\/td>\n<td width=\"48\">\n<p>7.00<\/p>\n<\/td>\n<td width=\"564\">\n<p>1. Dzi\u0119kczynna za otrzymane \u0142aski z pro\u015bb\u0105\u00a0 o Bo\u017ce b\u0142ogos\u0142awie\u0144stwo i opiek\u0119 Matki Bo\u017cej Kr\u00f3lowej R\u00f3\u017ca\u0144ca dla Wsp\u00f3lnoty R\u00f3\u017c R\u00f3\u017ca\u0144cowych<br \/>\n2. Dzi\u0119kczynna\u00a0 w\u00a0 45r.\u00a0 \u015blubu\u00a0 Teresy i Andrzeja z pro\u015bb\u0105 o Bo\u017ce b\u0142ogos\u0142awie\u0144stwo i opiek\u0119 Matki Bo\u017cej<\/p>\n<\/td>\n<\/tr>\n<tr>\n<td width=\"48\">\n<p>9.00<\/p>\n<\/td>\n<td width=\"564\">\n<p>Dzi\u0119kczynna w 40r. \u015blubu Stanis\u0142awy i Jerzego z pro\u015bb\u0105 o Bo\u017ce b\u0142ogos\u0142awie\u0144stwo i opiek\u0119 Matki Bo\u017cej<\/p>\n<\/td>\n<\/tr>\n<tr>\n<td width=\"48\">\n<p>10.30<\/p>\n<\/td>\n<td width=\"564\">\n<p>+ W\u0142adys\u0142aw Bober gr.3<\/p>\n<\/td>\n<\/tr>\n<tr>\n<td width=\"48\">\n<p>12.00<\/p>\n<\/td>\n<td width=\"564\">\n<p>Dzi\u0119kczynna w 40r. \u015blubu Anny i Andrzeja z pro\u015bb\u0105 o Bo\u017ce b\u0142ogos\u0142awie\u0144stwo i opiek\u0119 Matki Bo\u017cej<\/p>\n<\/td>\n<\/tr>\n<tr>\n<td width=\"48\">\n<p>17.00<\/p>\n<\/td>\n<td width=\"564\">\n<p>+ Franciszka (f) \u015anie\u017cek w 1r. \u015bmierci<\/p>\n<\/td>\n<\/tr>\n<\/tbody>\n<\/table>\n<p>&nbsp;<\/p>\n","protected":false},"excerpt":{"rendered":"<p>27.06.2022r. Poniedzia\u0142ek 7.00 1. + Maria Rabczak gr.28 2. ++ W\u0142adys\u0142aw, Magdalena, Wojciech Kl\u0119sk 3. + W\u0142adys\u0142aw Stec 18.00 1. + Stefania Zawadzka gr.29 2. ++ Janina i W\u0142adys\u0142aw Osika 3. ++ W\u0142adys\u0142aw i Wiktoria Szado, Zofia Malinek 28.06.2022r. Wtorek 7.00 1. Dzi\u0119kczynna w 14r. \u015blubu Magdaleny i Mariusza z pro\u015bb\u0105 o Bo\u017ce b\u0142ogos\u0142awie\u0144stwo 2. <a class=\"read-more\" href=\"https:\/\/parafiazalesie.org\/index.php\/2022\/06\/25\/intencje-mszalne-27-06-03-07-2022r\/\"><\/p>\n<p>Zobacz wi\u0119cej<\/a><\/p>\n","protected":false},"author":1,"featured_media":111,"comment_status":"closed","ping_status":"closed","sticky":false,"template":"","format":"standard","meta":{"ngg_post_thumbnail":0,"footnotes":""},"categories":[5],"tags":[],"class_list":["post-877","post","type-post","status-publish","format-standard","has-post-thumbnail","hentry","category-intencje"],"_links":{"self":[{"href":"https:\/\/parafiazalesie.org\/index.php\/wp-json\/wp\/v2\/posts\/877","targetHints":{"allow":["GET"]}}],"collection":[{"href":"https:\/\/parafiazalesie.org\/index.php\/wp-json\/wp\/v2\/posts"}],"about":[{"href":"https:\/\/parafiazalesie.org\/index.php\/wp-json\/wp\/v2\/types\/post"}],"author":[{"embeddable":true,"href":"https:\/\/parafiazalesie.org\/index.php\/wp-json\/wp\/v2\/users\/1"}],"replies":[{"embeddable":true,"href":"https:\/\/parafiazalesie.org\/index.php\/wp-json\/wp\/v2\/comments?post=877"}],"version-history":[{"count":0,"href":"https:\/\/parafiazalesie.org\/index.php\/wp-json\/wp\/v2\/posts\/877\/revisions"}],"wp:featuredmedia":[{"embeddable":true,"href":"https:\/\/parafiazalesie.org\/index.php\/wp-json\/wp\/v2\/media\/111"}],"wp:attachment":[{"href":"https:\/\/parafiazalesie.org\/index.php\/wp-json\/wp\/v2\/media?parent=877"}],"wp:term":[{"taxonomy":"category","embeddable":true,"href":"https:\/\/parafiazalesie.org\/index.php\/wp-json\/wp\/v2\/categories?post=877"},{"taxonomy":"post_tag","embeddable":true,"href":"https:\/\/parafiazalesie.org\/index.php\/wp-json\/wp\/v2\/tags?post=877"}],"curies":[{"name":"wp","href":"https:\/\/api.w.org\/{rel}","templated":true}]}}