{"id":870,"date":"2022-06-18T07:49:22","date_gmt":"2022-06-18T05:49:22","guid":{"rendered":"https:\/\/parafiazalesie.org\/?p=870"},"modified":"2022-06-14T07:52:56","modified_gmt":"2022-06-14T05:52:56","slug":"ogloszenia-xii-niedziela-zwykla-19-06-2022-r","status":"publish","type":"post","link":"https:\/\/parafiazalesie.org\/index.php\/2022\/06\/18\/ogloszenia-xii-niedziela-zwykla-19-06-2022-r\/","title":{"rendered":"OG\u0141OSZENIA  XII Niedziela zwyk\u0142a 19.06.2022 r."},"content":{"rendered":"<ol>\n<li>W zwi\u0105zku z zako\u0144czeniem roku szkolnego zapraszamy dzieci i m\u0142odzie\u017c do konfesjona\u0142\u00f3w, pocz\u0105wszy od poniedzia\u0142ku codziennie przed Msz\u0105 \u015bw. porann\u0105 lub wieczorn\u0105. Rano od godz. 6:30, po po\u0142udniu od godz. 17:30, aby sercem bez grzechu podzi\u0119kowa\u0107 Bogu za dziesi\u0119\u0107 miesi\u0119cy dobrego zdrowia, dobrych wynik\u00f3w w nauce i pomocy, jakiej do\u015bwiadczyli\u015bcie w waszych rodzinach i szkole.<\/li>\n<li><strong>W poniedzia\u0142ek <\/strong>20 czerwca:\n<ul>\n<li>o godz. 18:00 na Msz\u0119 \u015bw. zapraszamy m\u0142odzie\u017c klas VII &#8211; kandydat\u00f3w do bierzmowania, wraz z wszystkimi dokumentami wymaganymi do zapisu na przygotowanie do sakramentu bierzmowania.<\/li>\n<\/ul>\n<\/li>\n<li><strong>We wtorek<\/strong> 21 czerwca:\n<ul>\n<li>wspomnienie \u015bw. Alojzego Gonzagi, zakonnika.<\/li>\n<\/ul>\n<\/li>\n<li><strong>W \u015brod\u0119 <\/strong>22 czerwca:\n<ul>\n<li>po Mszy \u015bw. Nowenna do Matki Bo\u017cej Nieustaj\u0105cej Pomocy, Pani Zaleskiej,<\/li>\n<li>po Nowennie procesja Eucharystyczna i adoracja Naj\u015bwi\u0119tszego Sakramentu do godz. 20:00.<\/li>\n<\/ul>\n<\/li>\n<li><strong>W czwartek <\/strong>23 czerwca:\n<ul>\n<li>Uroczysto\u015b\u0107 narodzenia \u015bw. Jana Chrzciciela,<\/li>\n<li>zako\u0144czenie oktawy Bo\u017cego Cia\u0142a. Po Mszy \u015bw. b\u0142ogos\u0142awie\u0144stwo dzieci, wiank\u00f3w i zi\u00f3\u0142.<\/li>\n<\/ul>\n<\/li>\n<li><strong>W pi\u0105tek <\/strong>24 czerwca:\n<ul>\n<li>Uroczysto\u015b\u0107 Naj\u015bwi\u0119tszego Serca Pana Jezusa,<\/li>\n<li>o godz. 8:00 Msza \u015bw. na zako\u0144czenie roku szkolnego. Zapraszamy uczni\u00f3w, nauczycieli, wychowawc\u00f3w, rodzic\u00f3w, dziadk\u00f3w i wszystkich, kt\u00f3rzy chc\u0105 dzi\u0119kowa\u0107 za kolejny rok formacji duchowej i intelektualnej dzieci i m\u0142odzie\u017cy,<\/li>\n<li>od godz. 17:00 adoracja Naj\u015bwi\u0119tszego Sakramentu prowadzona przez Wsp\u00f3lnot\u0119 Intronizacyjn\u0105.<\/li>\n<\/ul>\n<\/li>\n<li><strong>W sobot\u0119 <\/strong>25 czerwca:\n<ul>\n<li>wspomnienie Niepokalanego Serca Naj\u015bwi\u0119tszej Maryi Panny.<\/li>\n<\/ul>\n<\/li>\n<li><strong>W Niedziel\u0119<\/strong> 26 czerwca:\n<ul>\n<li>R\u00f3\u017caniec poprowadzi R\u00f3\u017ca b\u0142. El\u017cbiety R\u00f3\u017cy Czackiej,<\/li>\n<li>o godz. 10:30 na Mszy \u015bw. b\u0119dziemy obchodzi\u0107 uroczy\u015bcie 100 \u2013 lecie Powstania Ochotniczej Stra\u017c Po\u017carnej w Zalesiu, pod przewodnictwem Ks. Bpa Kazimierza\u00a0 G\u00f3rnego. Po Mszy \u015bw. przemarsz na plac przed stra\u017cnic\u0105 i dalsza cz\u0119\u015b\u0107 uroczysto\u015bci.<\/li>\n<\/ul>\n<\/li>\n<li>Gdyby kto\u015b z rodzin\u0105 lub s\u0105siadami chcia\u0142 wesprze\u0107 mieszka\u0144c\u00f3w Ukrainy, to w zakrystii czekaj\u0105 paczki, kt\u00f3re mo\u017cna wype\u0142ni\u0107 produktami \u017cywno\u015bciowymi o d\u0142u\u017cszym terminie przydatno\u015bci do spo\u017cycia, artyku\u0142ami higienicznymi i dostarczy\u0107 do ko\u015bcio\u0142a, Caritasu rzeszowskiego przy ul. Styki lub bezpo\u015brednio pod znany adres w Ukrainie. Razem z paczk\u0105 mo\u017cna wzi\u0105\u0107 list\u0119 z sugerowanymi produktami.<\/li>\n<li>Za ofiary dzi\u015b z\u0142o\u017cone na inwestycje w ko\u015bciele sk\u0142adamy serdeczne B\u00f3g zap\u0142a\u0107.<\/li>\n<\/ol>\n","protected":false},"excerpt":{"rendered":"<p>W zwi\u0105zku z zako\u0144czeniem roku szkolnego zapraszamy dzieci i m\u0142odzie\u017c do konfesjona\u0142\u00f3w, pocz\u0105wszy od poniedzia\u0142ku codziennie przed Msz\u0105 \u015bw. porann\u0105 lub wieczorn\u0105. Rano od godz. 6:30, po po\u0142udniu od godz. 17:30, aby sercem bez grzechu podzi\u0119kowa\u0107 Bogu za dziesi\u0119\u0107 miesi\u0119cy dobrego zdrowia, dobrych wynik\u00f3w w nauce i pomocy, jakiej do\u015bwiadczyli\u015bcie w waszych rodzinach i szkole. <a class=\"read-more\" href=\"https:\/\/parafiazalesie.org\/index.php\/2022\/06\/18\/ogloszenia-xii-niedziela-zwykla-19-06-2022-r\/\"><\/p>\n<p>Zobacz wi\u0119cej<\/a><\/p>\n","protected":false},"author":1,"featured_media":871,"comment_status":"closed","ping_status":"closed","sticky":false,"template":"","format":"standard","meta":{"ngg_post_thumbnail":0,"footnotes":""},"categories":[6],"tags":[],"class_list":["post-870","post","type-post","status-publish","format-standard","has-post-thumbnail","hentry","category-aktualnosci"],"_links":{"self":[{"href":"https:\/\/parafiazalesie.org\/index.php\/wp-json\/wp\/v2\/posts\/870","targetHints":{"allow":["GET"]}}],"collection":[{"href":"https:\/\/parafiazalesie.org\/index.php\/wp-json\/wp\/v2\/posts"}],"about":[{"href":"https:\/\/parafiazalesie.org\/index.php\/wp-json\/wp\/v2\/types\/post"}],"author":[{"embeddable":true,"href":"https:\/\/parafiazalesie.org\/index.php\/wp-json\/wp\/v2\/users\/1"}],"replies":[{"embeddable":true,"href":"https:\/\/parafiazalesie.org\/index.php\/wp-json\/wp\/v2\/comments?post=870"}],"version-history":[{"count":0,"href":"https:\/\/parafiazalesie.org\/index.php\/wp-json\/wp\/v2\/posts\/870\/revisions"}],"wp:featuredmedia":[{"embeddable":true,"href":"https:\/\/parafiazalesie.org\/index.php\/wp-json\/wp\/v2\/media\/871"}],"wp:attachment":[{"href":"https:\/\/parafiazalesie.org\/index.php\/wp-json\/wp\/v2\/media?parent=870"}],"wp:term":[{"taxonomy":"category","embeddable":true,"href":"https:\/\/parafiazalesie.org\/index.php\/wp-json\/wp\/v2\/categories?post=870"},{"taxonomy":"post_tag","embeddable":true,"href":"https:\/\/parafiazalesie.org\/index.php\/wp-json\/wp\/v2\/tags?post=870"}],"curies":[{"name":"wp","href":"https:\/\/api.w.org\/{rel}","templated":true}]}}