{"id":868,"date":"2022-06-18T07:25:40","date_gmt":"2022-06-18T05:25:40","guid":{"rendered":"https:\/\/parafiazalesie.org\/?p=868"},"modified":"2022-06-14T07:27:43","modified_gmt":"2022-06-14T05:27:43","slug":"intencje-mszalne-20-26-06-2022-r","status":"publish","type":"post","link":"https:\/\/parafiazalesie.org\/index.php\/2022\/06\/18\/intencje-mszalne-20-26-06-2022-r\/","title":{"rendered":"INTENCJE MSZALNE 20 \u2013 26.06.2022 r."},"content":{"rendered":"<table width=\"727\">\n<tbody>\n<tr>\n<td rowspan=\"2\" width=\"115\">\n<p>20.06.2022r.<\/p>\n<p>Poniedzia\u0142ek<\/p>\n<\/td>\n<td width=\"48\">\n<p>7.00<\/p>\n<\/td>\n<td width=\"564\">\n<p>1. O zdrowie dla chorej Magdy<br \/>\n2. ++ Justyna, Izabela, Micha\u0142<br \/>\n3. + J\u00f3zef Sypko \u2013 z int. siostry Zofii z Rodzin\u0105<\/p>\n<\/td>\n<\/tr>\n<tr>\n<td width=\"48\">\n<p>18.00<\/p>\n<\/td>\n<td width=\"564\">\n<p>1. + Maria Rabczak gr.21|<br \/>\n2. + Stefania Zawadzka gr.22<br \/>\n3. + Renata Makuch \u2013 z int. kole\u017canek i koleg\u00f3w z MPWiK<\/p>\n<\/td>\n<\/tr>\n<tr>\n<td rowspan=\"2\" width=\"115\">\n<p>21.06.2022r.<\/p>\n<p>Wtorek<\/p>\n<\/td>\n<td width=\"48\">\n<p>7.00<\/p>\n<\/td>\n<td width=\"564\">\n<p>1. + Jan Stec i ++ z Rodziny<br \/>\n2. ++ Marian i Zdzis\u0142aw Choma<br \/>\n3. + Renata Makuch \u2013 z int. kole\u017canek i koleg\u00f3w z MPWiK<\/p>\n<\/td>\n<\/tr>\n<tr>\n<td width=\"48\">\n<p>18.00<\/p>\n<\/td>\n<td width=\"564\">\n<p>1. + Maria Rabczak gr.22<br \/>\n2. + Stefania Zawadzka gr.23<br \/>\n3. + W\u0142adys\u0142aw Bober \u2013 z int. El\u017cbiety i Tadeusza Daszkowskich<\/p>\n<\/td>\n<\/tr>\n<tr>\n<td rowspan=\"2\" width=\"115\">\n<p>22.06.2022r.<\/p>\n<p>\u015aroda<\/p>\n<\/td>\n<td width=\"48\">\n<p>7.00<\/p>\n<\/td>\n<td width=\"564\">\n<p>1. + Renata Makuch \u2013 z int. kole\u017canek i koleg\u00f3w z MPWiK<br \/>\n2. + Tadeusz Sobkowicz<br \/>\n3. + Agnieszka Kuna \u2013 z int. siostry Anny z Rodzin\u0105<\/p>\n<\/td>\n<\/tr>\n<tr>\n<td width=\"48\">\n<p>18.00<\/p>\n<\/td>\n<td width=\"564\">\n<p>1. + Maria Rabczak gr.23<br \/>\n2. + Stefania Zawadzka gr.24<br \/>\n3. + W\u0142adys\u0142aw Bober \u2013 z int. s\u0105siad\u00f3w Paw\u0142udzkich<\/p>\n<\/td>\n<\/tr>\n<tr>\n<td rowspan=\"2\" width=\"115\">\n<p>23.06.2022r.<\/p>\n<p>Czwartek<\/p>\n<\/td>\n<td width=\"48\">\n<p>7.00<\/p>\n<\/td>\n<td width=\"564\">\n<p>1. + W\u0142adys\u0142aw Stec<br \/>\n2. + Renata Makuch \u2013 z int. Barbary i Micha\u0142a Skiba<br \/>\n3. + W\u0142adys\u0142aw Bober \u2013 z int. Mariana Bober z Rodzin\u0105<\/p>\n<\/td>\n<\/tr>\n<tr>\n<td width=\"48\">\n<p>18.00<\/p>\n<\/td>\n<td width=\"564\">\n<p>1. + Maria Rabczak gr.24<br \/>\n2. + Stefania Zawadzka gr.25<br \/>\n3. + Tadeusz G\u0105ska w 10r. \u015bmierci<\/p>\n<\/td>\n<\/tr>\n<tr>\n<td rowspan=\"3\" width=\"115\">\n<p>24.06.2022r.<\/p>\n<p>Pi\u0105tek<\/p>\n<\/td>\n<td width=\"48\">\n<p>7.00<\/p>\n<\/td>\n<td width=\"564\">\n<p>1. + Janina Chmiel<br \/>\n2. + Janina<br \/>\n3. + Renata Makuch \u2013 z int. Barbary i Micha\u0142a Skiba<\/p>\n<\/td>\n<\/tr>\n<tr>\n<td width=\"48\">\n<p>9.00<\/p>\n<\/td>\n<td width=\"564\">\n<p>+ Anna Pi\u0105tek<\/p>\n<\/td>\n<\/tr>\n<tr>\n<td width=\"48\">\n<p>18.00<\/p>\n<\/td>\n<td width=\"564\">\n<p>1. + Maria Rabczak gr.25<br \/>\n2. + Stefania Zawadzka gr.26<br \/>\n3. ++ Jan, Kazimierz, Marian Barci\u0144ski<\/p>\n<\/td>\n<\/tr>\n<tr>\n<td rowspan=\"2\" width=\"115\">\n<p>25.06.2022r.<\/p>\n<p>Sobota<\/p>\n<\/td>\n<td width=\"48\">\n<p>7.00<\/p>\n<\/td>\n<td width=\"564\">\n<p>1. Dzi\u0119kczynna za 30 lat ma\u0142\u017ce\u0144stwa Katarzyny i Les\u0142awa z pro\u015bb\u0105 o dalsze Bo\u017ce b\u0142ogos\u0142awie\u0144stwo i opiek\u0119 Matki Bo\u017cej<br \/>\n2. ++ W\u0142adys\u0142awa (f) i Sylwester<br \/>\n3.\u00a0 + W\u0142adys\u0142aw Bober \u2013 z int. S\u0142awomira Bober z Rodzin\u0105<\/p>\n<\/td>\n<\/tr>\n<tr>\n<td width=\"48\">\n<p>18.00<\/p>\n<\/td>\n<td width=\"564\">\n<p>1. + Maria Rabczak gr.26<br \/>\n2. + Stefania Zawadzka gr.27<br \/>\n3. + Renata Makuch \u2013 z int. Ewy i Tomasza W\u0105s<\/p>\n<\/td>\n<\/tr>\n<tr>\n<td rowspan=\"5\" width=\"115\">\n<p>26.06.2022r.<\/p>\n<p>Niedziela<\/p>\n<\/td>\n<td width=\"48\">\n<p>7.00<\/p>\n<\/td>\n<td width=\"564\">\n<p>1. + W\u0142adys\u0142aw Dzi\u0119giel<br \/>\n2. + Stefania Zawadzka gr.28<\/p>\n<\/td>\n<\/tr>\n<tr>\n<td width=\"48\">\n<p>9.00<\/p>\n<\/td>\n<td width=\"564\">\n<p>Za Parafian<\/p>\n<\/td>\n<\/tr>\n<tr>\n<td width=\"48\">\n<p>10.30<\/p>\n<\/td>\n<td width=\"564\">\n<p>O Bo\u017ce b\u0142ogos\u0142awie\u0144stwo, opiek\u0119 Matki Bo\u017cej Zaleskiej i \u015bw. Floriana dla Stra\u017cak\u00f3w i ich Rodzin<\/p>\n<\/td>\n<\/tr>\n<tr>\n<td width=\"48\">\n<p>12.00<\/p>\n<\/td>\n<td width=\"564\">\n<p>+ Ma\u0142gorzata Kad\u0142ubowska w 2r. \u015bmierci<\/p>\n<\/td>\n<\/tr>\n<tr>\n<td width=\"48\">\n<p>17.00<\/p>\n<\/td>\n<td width=\"564\">\n<p>+ Maria Rabczak gr.27<\/p>\n<\/td>\n<\/tr>\n<\/tbody>\n<\/table>\n<p>&nbsp;<\/p>\n","protected":false},"excerpt":{"rendered":"<p>20.06.2022r. Poniedzia\u0142ek 7.00 1. O zdrowie dla chorej Magdy 2. ++ Justyna, Izabela, Micha\u0142 3. + J\u00f3zef Sypko \u2013 z int. siostry Zofii z Rodzin\u0105 18.00 1. + Maria Rabczak gr.21| 2. + Stefania Zawadzka gr.22 3. + Renata Makuch \u2013 z int. kole\u017canek i koleg\u00f3w z MPWiK 21.06.2022r. Wtorek 7.00 1. + Jan Stec <a class=\"read-more\" href=\"https:\/\/parafiazalesie.org\/index.php\/2022\/06\/18\/intencje-mszalne-20-26-06-2022-r\/\"><\/p>\n<p>Zobacz wi\u0119cej<\/a><\/p>\n","protected":false},"author":1,"featured_media":111,"comment_status":"closed","ping_status":"closed","sticky":false,"template":"","format":"standard","meta":{"ngg_post_thumbnail":0,"footnotes":""},"categories":[5],"tags":[],"class_list":["post-868","post","type-post","status-publish","format-standard","has-post-thumbnail","hentry","category-intencje"],"_links":{"self":[{"href":"https:\/\/parafiazalesie.org\/index.php\/wp-json\/wp\/v2\/posts\/868","targetHints":{"allow":["GET"]}}],"collection":[{"href":"https:\/\/parafiazalesie.org\/index.php\/wp-json\/wp\/v2\/posts"}],"about":[{"href":"https:\/\/parafiazalesie.org\/index.php\/wp-json\/wp\/v2\/types\/post"}],"author":[{"embeddable":true,"href":"https:\/\/parafiazalesie.org\/index.php\/wp-json\/wp\/v2\/users\/1"}],"replies":[{"embeddable":true,"href":"https:\/\/parafiazalesie.org\/index.php\/wp-json\/wp\/v2\/comments?post=868"}],"version-history":[{"count":0,"href":"https:\/\/parafiazalesie.org\/index.php\/wp-json\/wp\/v2\/posts\/868\/revisions"}],"wp:featuredmedia":[{"embeddable":true,"href":"https:\/\/parafiazalesie.org\/index.php\/wp-json\/wp\/v2\/media\/111"}],"wp:attachment":[{"href":"https:\/\/parafiazalesie.org\/index.php\/wp-json\/wp\/v2\/media?parent=868"}],"wp:term":[{"taxonomy":"category","embeddable":true,"href":"https:\/\/parafiazalesie.org\/index.php\/wp-json\/wp\/v2\/categories?post=868"},{"taxonomy":"post_tag","embeddable":true,"href":"https:\/\/parafiazalesie.org\/index.php\/wp-json\/wp\/v2\/tags?post=868"}],"curies":[{"name":"wp","href":"https:\/\/api.w.org\/{rel}","templated":true}]}}