{"id":856,"date":"2022-06-11T09:59:32","date_gmt":"2022-06-11T07:59:32","guid":{"rendered":"https:\/\/parafiazalesie.org\/?p=856"},"modified":"2022-06-08T10:01:17","modified_gmt":"2022-06-08T08:01:17","slug":"intencje-mszalne-13-19-06-2022r","status":"publish","type":"post","link":"https:\/\/parafiazalesie.org\/index.php\/2022\/06\/11\/intencje-mszalne-13-19-06-2022r\/","title":{"rendered":"INTENCJE MSZALNE 13 \u2013 19.06.2022r."},"content":{"rendered":"<table width=\"727\">\n<tbody>\n<tr>\n<td rowspan=\"2\" width=\"115\">\n<p>13.06.2022r.<\/p>\n<p>Poniedzia\u0142ek<\/p>\n<\/td>\n<td width=\"48\">\n<p>7.00<\/p>\n<\/td>\n<td width=\"564\">\n<p>1. + Maria Rabczak gr.14<br \/>\n2. + Stefania Zawadzka gr.15<br \/>\n3. + Antoni P\u0142onka (w dniu imienin)<\/p>\n<\/td>\n<\/tr>\n<tr>\n<td width=\"48\">\n<p>18.00<\/p>\n<\/td>\n<td width=\"564\">\n<p>1. + Maria Szytu\u0142a w 25r. \u015bmierci<br \/>\n2. + Jan Zagaja \u2013 z int. c\u00f3rki Marzeny z Rodzin\u0105<br \/>\n3. + Renata Makuch \u2013 z int. kole\u017canek i koleg\u00f3w z MPWiK<\/p>\n<\/td>\n<\/tr>\n<tr>\n<td rowspan=\"2\" width=\"115\">\n<p>14.06.2022r.<\/p>\n<p>Wtorek<\/p>\n<\/td>\n<td width=\"48\">\n<p>7.00<\/p>\n<\/td>\n<td width=\"564\">\n<p>1. + Maria Rabczak gr.15<br \/>\n2. + Stefania Zawadzka gr.16<br \/>\n3. + Renata Makuch \u2013 z int. kole\u017canek i koleg\u00f3w z MPWiK<\/p>\n<\/td>\n<\/tr>\n<tr>\n<td width=\"48\">\n<p>18.00<\/p>\n<\/td>\n<td width=\"564\">\n<p>1. + Zofia Brydak \u2013 z int. rodziny Ferenc\u00f3w<br \/>\n2. + Zdzis\u0142aw Skubisz \u2013 z int. s\u0105siad\u00f3w z ul. Stra\u017cackiej<br \/>\n3. + W\u0142adys\u0142aw Bober \u2013 z int. Jadwigi i Paw\u0142a Sroczyk<\/p>\n<\/td>\n<\/tr>\n<tr>\n<td rowspan=\"2\" width=\"115\">\n<p>15.06.2022r.<\/p>\n<p>\u015aroda<\/p>\n<\/td>\n<td width=\"48\">\n<p>7.00<\/p>\n<\/td>\n<td width=\"564\">\n<p>1. + Maria Rabczak gr.16<br \/>\n2. + Stefania Zawadzka gr.17<br \/>\n3. + Maria Bo\u0144kowska<\/p>\n<\/td>\n<\/tr>\n<tr>\n<td width=\"48\">\n<p>18.00<\/p>\n<\/td>\n<td width=\"564\">\n<p>1. Dzi\u0119kczynna w 20r. \u015blubu Moniki i Jaros\u0142awa z pro\u015bb\u0105 o b\u0142ogos\u0142awie\u0144stwo Bo\u017ce dla Rodziny<br \/>\n2. ++ Maria i Jan Goraj \u2013 z int. c\u00f3rki Zuzanny z Rodzin\u0105<br \/>\n3. + ks. Ryszard Do\u0142ek w 6r. \u015bmierci<\/p>\n<\/td>\n<\/tr>\n<tr>\n<td rowspan=\"5\" width=\"115\">\n<p>16.06.2022r.<\/p>\n<p>Czwartek<\/p>\n<\/td>\n<td width=\"48\">\n<p>7.00<\/p>\n<\/td>\n<td width=\"564\">\n<p>1. O b\u0142ogos\u0142awie\u0144stwo Bo\u017ce, opiek\u0119 Matki Bo\u017cej dla Aliny<br \/>\n2. + Renata Makuch \u2013 z int. kole\u017canek i koleg\u00f3w z MPWiK<\/p>\n<\/td>\n<\/tr>\n<tr>\n<td width=\"48\">\n<p>9.00<\/p>\n<\/td>\n<td width=\"564\">\n<p>+ Stefania Zawadzka gr.18<\/p>\n<\/td>\n<\/tr>\n<tr>\n<td width=\"48\">\n<p>10.30<\/p>\n<\/td>\n<td width=\"564\">\n<p>+ Maria Rabczak gr.17<\/p>\n<\/td>\n<\/tr>\n<tr>\n<td width=\"48\">\n<p>12.00<\/p>\n<\/td>\n<td width=\"564\">\n<p>1. Dzi\u0119kczynna za dar Sakramentu Kap\u0142a\u0144stwa i wierno\u015b\u0107 powo\u0142aniu z pro\u015bb\u0105 o b\u0142ogos\u0142awie\u0144stwo Bo\u017ce i opiek\u0119 Pani Zaleskiej dla naszych kap\u0142an\u00f3w z okazji kolejnych rocznic Ich \u015bwi\u0119ce\u0144 kap\u0142a\u0144skich \u2013 z int. wdzi\u0119cznych za dar Waszej pos\u0142ugi dla nas, wszystkich Wsp\u00f3lnot Parafialnych<br \/>\n2. ++ z Rodziny<\/p>\n<\/td>\n<\/tr>\n<tr>\n<td width=\"48\">\n<p>17.00<\/p>\n<\/td>\n<td width=\"564\">\n<p>1. Dzi\u0119kczynna w 35r. \u015blubu Beaty i Rafa\u0142a z pro\u015bb\u0105 o b\u0142ogos\u0142awie\u0144stwo Bo\u017ce i opiek\u0119 Matki Bo\u017cej<br \/>\n2. + Agnieszka Kuna \u2013 z int. Rodzic\u00f3w<\/p>\n<\/td>\n<\/tr>\n<tr>\n<td rowspan=\"2\" width=\"115\">\n<p>17.06.2022r.<\/p>\n<p>Pi\u0105tek<\/p>\n<\/td>\n<td width=\"48\">\n<p>7.00<\/p>\n<\/td>\n<td width=\"564\">\n<p>1. Dzi\u0119kczynna za 70 lat \u017cycia z pro\u015bb\u0105 o b\u0142ogos\u0142awie\u0144stwo Bo\u017ce, zdrowie i potrzebne \u0142aski<br \/>\n2. + Maria Rabczak gr.18<br \/>\n3. + Stefania Zawadzka gr.19<\/p>\n<\/td>\n<\/tr>\n<tr>\n<td width=\"48\">\n<p>18.00<\/p>\n<\/td>\n<td width=\"564\">\n<p>1. O opiek\u0119 Matki Bo\u017cej Zaleskiej dla Kr\u0119g\u00f3w Domowego Ko\u015bcio\u0142a<br \/>\n2. + Alicja Nawrot (w dniu imienin)<br \/>\n3. + Zdzis\u0142aw Skubisz \u2013 z int. s\u0105siad\u00f3w z ul. Stra\u017cackiej<\/p>\n<\/td>\n<\/tr>\n<tr>\n<td rowspan=\"2\" width=\"115\">\n<p>18.06.2022r.<\/p>\n<p>Sobota<\/p>\n<\/td>\n<td width=\"48\">\n<p>7.00<\/p>\n<\/td>\n<td width=\"564\">\n<p>1. + Maria Rabczak gr.19<br \/>\n2. + Stefania Zawadzka gr.20<br \/>\n3. + Renata Makuch \u2013 z int. kole\u017canek i koleg\u00f3w z MPWiK<\/p>\n<\/td>\n<\/tr>\n<tr>\n<td width=\"48\">\n<p>18.00<\/p>\n<\/td>\n<td width=\"564\">\n<p>1. O b\u0142ogos\u0142awie\u0144stwo Bo\u017ce i potrzebne \u0142aski dla Marka z okazji urodzin i imienin<br \/>\n2. + W\u0142adys\u0142aw Bober \u2013 z int. Polskiego Zwi\u0105zku Ch\u00f3r\u00f3w i Orkiestr<br \/>\n3. + J\u00f3zef Surdel \u2013 z int. c\u00f3rki Jadwigi z Rodzin\u0105<\/p>\n<\/td>\n<\/tr>\n<tr>\n<td rowspan=\"5\" width=\"115\">\n<p>19.06.2022r.<\/p>\n<p>Niedziela<\/p>\n<\/td>\n<td width=\"48\">\n<p>7.00<\/p>\n<\/td>\n<td width=\"564\">\n<p>Za Parafian<\/p>\n<\/td>\n<\/tr>\n<tr>\n<td width=\"48\">\n<p>9.00<\/p>\n<\/td>\n<td width=\"564\">\n<p>+ Stefania Zawadzka gr.21<\/p>\n<\/td>\n<\/tr>\n<tr>\n<td width=\"48\">\n<p>10.30<\/p>\n<\/td>\n<td width=\"564\">\n<p>+ Mariusz w 12r. \u015bmierci<\/p>\n<\/td>\n<\/tr>\n<tr>\n<td width=\"48\">\n<p>12.00<\/p>\n<\/td>\n<td width=\"564\">\n<p>+ Maria Rabczak gr.20<\/p>\n<\/td>\n<\/tr>\n<tr>\n<td width=\"48\">\n<p>17.00<\/p>\n<\/td>\n<td width=\"564\">\n<p>+ Maria Filipek \u2013 z int. przyjaci\u00f3\u0142 Lucyny<\/p>\n<\/td>\n<\/tr>\n<\/tbody>\n<\/table>\n","protected":false},"excerpt":{"rendered":"<p>13.06.2022r. Poniedzia\u0142ek 7.00 1. + Maria Rabczak gr.14 2. + Stefania Zawadzka gr.15 3. + Antoni P\u0142onka (w dniu imienin) 18.00 1. + Maria Szytu\u0142a w 25r. \u015bmierci 2. + Jan Zagaja \u2013 z int. c\u00f3rki Marzeny z Rodzin\u0105 3. + Renata Makuch \u2013 z int. kole\u017canek i koleg\u00f3w z MPWiK 14.06.2022r. Wtorek 7.00 1. <a class=\"read-more\" href=\"https:\/\/parafiazalesie.org\/index.php\/2022\/06\/11\/intencje-mszalne-13-19-06-2022r\/\"><\/p>\n<p>Zobacz wi\u0119cej<\/a><\/p>\n","protected":false},"author":1,"featured_media":111,"comment_status":"closed","ping_status":"closed","sticky":false,"template":"","format":"standard","meta":{"ngg_post_thumbnail":0,"footnotes":""},"categories":[5],"tags":[],"class_list":["post-856","post","type-post","status-publish","format-standard","has-post-thumbnail","hentry","category-intencje"],"_links":{"self":[{"href":"https:\/\/parafiazalesie.org\/index.php\/wp-json\/wp\/v2\/posts\/856","targetHints":{"allow":["GET"]}}],"collection":[{"href":"https:\/\/parafiazalesie.org\/index.php\/wp-json\/wp\/v2\/posts"}],"about":[{"href":"https:\/\/parafiazalesie.org\/index.php\/wp-json\/wp\/v2\/types\/post"}],"author":[{"embeddable":true,"href":"https:\/\/parafiazalesie.org\/index.php\/wp-json\/wp\/v2\/users\/1"}],"replies":[{"embeddable":true,"href":"https:\/\/parafiazalesie.org\/index.php\/wp-json\/wp\/v2\/comments?post=856"}],"version-history":[{"count":0,"href":"https:\/\/parafiazalesie.org\/index.php\/wp-json\/wp\/v2\/posts\/856\/revisions"}],"wp:featuredmedia":[{"embeddable":true,"href":"https:\/\/parafiazalesie.org\/index.php\/wp-json\/wp\/v2\/media\/111"}],"wp:attachment":[{"href":"https:\/\/parafiazalesie.org\/index.php\/wp-json\/wp\/v2\/media?parent=856"}],"wp:term":[{"taxonomy":"category","embeddable":true,"href":"https:\/\/parafiazalesie.org\/index.php\/wp-json\/wp\/v2\/categories?post=856"},{"taxonomy":"post_tag","embeddable":true,"href":"https:\/\/parafiazalesie.org\/index.php\/wp-json\/wp\/v2\/tags?post=856"}],"curies":[{"name":"wp","href":"https:\/\/api.w.org\/{rel}","templated":true}]}}