{"id":849,"date":"2022-06-04T14:47:32","date_gmt":"2022-06-04T12:47:32","guid":{"rendered":"https:\/\/parafiazalesie.org\/?p=849"},"modified":"2022-06-02T14:48:59","modified_gmt":"2022-06-02T12:48:59","slug":"intencje-mszalne-06-12-06-2022r","status":"publish","type":"post","link":"https:\/\/parafiazalesie.org\/index.php\/2022\/06\/04\/intencje-mszalne-06-12-06-2022r\/","title":{"rendered":"INTENCJE MSZALNE   06 \u2013 12.06.2022r."},"content":{"rendered":"<p>&nbsp;<\/p>\n<table width=\"727\">\n<tbody>\n<tr>\n<td rowspan=\"3\" width=\"115\">\n<p>06.06.2022r.<\/p>\n<p>Poniedzia\u0142ek<\/p>\n<\/td>\n<td width=\"48\">\n<p>7.00<\/p>\n<\/td>\n<td width=\"564\">\n<p>1. O mi\u0142osierdzie Bo\u017ce i pok\u00f3j dla udr\u0119czonej Ukrainy i opiek\u0119 Niepokalanej dla ofiar wojny<br \/>\n2. + Renata Makuch \u2013 z int. kole\u017canek i koleg\u00f3w z MPWiK<br \/>\n3. + W\u0142adys\u0142aw Bober \u2013 z int. Alicji i Andrzeja Mucha<\/p>\n<\/td>\n<\/tr>\n<tr>\n<td width=\"48\">\n<p>9.00<\/p>\n<\/td>\n<td width=\"564\">\n<p>+ Stefania Zawadzka gr.8<\/p>\n<\/td>\n<\/tr>\n<tr>\n<td width=\"48\">\n<p>18.00<\/p>\n<\/td>\n<td width=\"564\">\n<p>1. O zdrowie dla m\u0119\u017ca J\u00f3zefa<br \/>\n2. + Maria Rabczak gr.7<br \/>\n3. ++ Halina i Zdzis\u0142aw \u2013 z int. syna z \u017con\u0105\u00a0<\/p>\n<\/td>\n<\/tr>\n<tr>\n<td rowspan=\"2\" width=\"115\">\n<p>07.06.2022r.<\/p>\n<p>Wtorek<\/p>\n<\/td>\n<td width=\"48\">\n<p>7.00<\/p>\n<\/td>\n<td width=\"564\">\n<p>1. O Bo\u017ce b\u0142ogos\u0142awie\u0144stwo, dobrego m\u0119\u017ca i opiek\u0119 Matki Bo\u017cej dla Adrianny<br \/>\n2. + Renata Makuch \u2013 z int. kole\u017canek i koleg\u00f3w z MPWiK<br \/>\n3. + W\u0142adys\u0142aw Bober \u2013 z int. Alicji i Andrzeja Mucha<\/p>\n<\/td>\n<\/tr>\n<tr>\n<td width=\"48\">\n<p>18.00<\/p>\n<\/td>\n<td width=\"564\">\n<p>1. + Stefania Zawadzka gr.9<br \/>\n2. + Maria Rabczak gr.8<br \/>\n3. + Jan Szostek w 1r. \u015bmierci<\/p>\n<\/td>\n<\/tr>\n<tr>\n<td rowspan=\"2\" width=\"115\">\n<p>08.06.2022r.<\/p>\n<p>\u015aroda<\/p>\n<\/td>\n<td width=\"48\">\n<p>7.00<\/p>\n<\/td>\n<td width=\"564\">\n<p>1. Dzi\u0119kczynna z pro\u015bb\u0105 o zdrowie i dobre wyniki dla Macieja<br \/>\n2. + Renata Makuch \u2013 z int. kole\u017canek i koleg\u00f3w z MPWiK<br \/>\n3. + W\u0142adys\u0142aw Bober \u2013 z int. pracownik\u00f3w firmy Silvexcraft<\/p>\n<\/td>\n<\/tr>\n<tr>\n<td width=\"48\">\n<p>18.00<\/p>\n<\/td>\n<td width=\"564\">\n<p>1. Dzi\u0119kczynno &#8211; b\u0142agalna w 50r. urodzin Paw\u0142a<br \/>\n2. + Stefania Zawadzka gr.10<br \/>\n3. + Maria Rabczak gr.9<\/p>\n<\/td>\n<\/tr>\n<tr>\n<td rowspan=\"2\" width=\"115\">\n<p>09.06.2022r.<\/p>\n<p>Czwartek<\/p>\n<\/td>\n<td width=\"48\">\n<p>7.00<\/p>\n<\/td>\n<td width=\"564\">\n<p>1. O pomy\u015blne wyniki maturalne i wyb\u00f3r dobry drogi \u017cyciowej<br \/>\n2. + Renata Makuch \u2013 z int. kole\u017canek i koleg\u00f3w z MPWiK<br \/>\n3. + W\u0142adys\u0142aw Bober \u2013 z int. pracownik\u00f3w firmy Silvexcraft<\/p>\n<\/td>\n<\/tr>\n<tr>\n<td width=\"48\">\n<p>18.00<\/p>\n<\/td>\n<td width=\"564\">\n<p>1. Dzi\u0119kczynna za otrzymane \u0142aski<br \/>\n2. + Stefania Zawadzka gr.11<br \/>\n3. + Maria Rabczak gr.10<\/p>\n<\/td>\n<\/tr>\n<tr>\n<td rowspan=\"2\" width=\"115\">\n<p>10.06.2022r.<\/p>\n<p>Pi\u0105tek<\/p>\n<\/td>\n<td width=\"48\">\n<p>7.00<\/p>\n<\/td>\n<td width=\"564\">\n<p>1. + Renata Makuch \u2013 z int. kole\u017canek i koleg\u00f3w z MPWiK<br \/>\n2. + W\u0142adys\u0142aw Bober \u2013 z int. pracownik\u00f3w firmy Silvexcraft<br \/>\n3. + J\u00f3zef Surdel<\/p>\n<\/td>\n<\/tr>\n<tr>\n<td width=\"48\">\n<p>18.00<\/p>\n<\/td>\n<td width=\"564\">\n<p>1. + Stefania Zawadzka gr.12<br \/>\n2. + Maria Rabczak gr.11<br \/>\n3. ++ Maria i Andrzej Szytu\u0142a<\/p>\n<\/td>\n<\/tr>\n<tr>\n<td rowspan=\"2\" width=\"115\">\n<p>11.06.2022r.<\/p>\n<p>Sobota<\/p>\n<\/td>\n<td width=\"48\">\n<p>7.00<\/p>\n<\/td>\n<td width=\"564\">\n<p>1. + Renata Makuch \u2013 z int. kole\u017canek i koleg\u00f3w z MPWiK<br \/>\n2. + W\u0142adys\u0142aw Bober \u2013 z int. rodziny Skib\u00f3w<br \/>\n3. + Maria Chry\u0144 z domu Wojdanowska \u2013 z int. dyrekcji i pracownik\u00f3w SP24<\/p>\n<\/td>\n<\/tr>\n<tr>\n<td width=\"48\">\n<p>18.00<\/p>\n<\/td>\n<td width=\"564\">\n<p>1.+ Stefania Zawadzka gr.13<br \/>\n2. + Maria Rabczak gr.12<br \/>\n3.+ Miros\u0142awa (f) Skowron<\/p>\n<\/td>\n<\/tr>\n<tr>\n<td rowspan=\"5\" width=\"115\">\n<p>12.06.2022r.<\/p>\n<p>Niedziela<\/p>\n<\/td>\n<td width=\"48\">\n<p>7.00<\/p>\n<\/td>\n<td width=\"564\">\n<p>1. ++ Jan i W\u0142adys\u0142awa (f) Tereszkiewicz<br \/>\n2. + Stefania Zawadzka gr.14<\/p>\n<\/td>\n<\/tr>\n<tr>\n<td width=\"48\">\n<p>9.00<\/p>\n<\/td>\n<td width=\"564\">\n<p>+ Maria Rabczak gr.13<\/p>\n<\/td>\n<\/tr>\n<tr>\n<td width=\"48\">\n<p>10.30<\/p>\n<\/td>\n<td width=\"564\">\n<p>++ Augustyn i Anna Wilk<\/p>\n<\/td>\n<\/tr>\n<tr>\n<td width=\"48\">\n<p>12.00<\/p>\n<\/td>\n<td width=\"564\">\n<p>++ Teresa i August<\/p>\n<\/td>\n<\/tr>\n<tr>\n<td width=\"48\">\n<p>17.00<\/p>\n<\/td>\n<td width=\"564\">\n<p>Za Parafian<\/p>\n<\/td>\n<\/tr>\n<\/tbody>\n<\/table>\n","protected":false},"excerpt":{"rendered":"<p>&nbsp; 06.06.2022r. Poniedzia\u0142ek 7.00 1. O mi\u0142osierdzie Bo\u017ce i pok\u00f3j dla udr\u0119czonej Ukrainy i opiek\u0119 Niepokalanej dla ofiar wojny 2. + Renata Makuch \u2013 z int. kole\u017canek i koleg\u00f3w z MPWiK 3. + W\u0142adys\u0142aw Bober \u2013 z int. Alicji i Andrzeja Mucha 9.00 + Stefania Zawadzka gr.8 18.00 1. O zdrowie dla m\u0119\u017ca J\u00f3zefa 2. <a class=\"read-more\" href=\"https:\/\/parafiazalesie.org\/index.php\/2022\/06\/04\/intencje-mszalne-06-12-06-2022r\/\"><\/p>\n<p>Zobacz wi\u0119cej<\/a><\/p>\n","protected":false},"author":1,"featured_media":111,"comment_status":"closed","ping_status":"closed","sticky":false,"template":"","format":"standard","meta":{"ngg_post_thumbnail":0,"footnotes":""},"categories":[5],"tags":[],"class_list":["post-849","post","type-post","status-publish","format-standard","has-post-thumbnail","hentry","category-intencje"],"_links":{"self":[{"href":"https:\/\/parafiazalesie.org\/index.php\/wp-json\/wp\/v2\/posts\/849","targetHints":{"allow":["GET"]}}],"collection":[{"href":"https:\/\/parafiazalesie.org\/index.php\/wp-json\/wp\/v2\/posts"}],"about":[{"href":"https:\/\/parafiazalesie.org\/index.php\/wp-json\/wp\/v2\/types\/post"}],"author":[{"embeddable":true,"href":"https:\/\/parafiazalesie.org\/index.php\/wp-json\/wp\/v2\/users\/1"}],"replies":[{"embeddable":true,"href":"https:\/\/parafiazalesie.org\/index.php\/wp-json\/wp\/v2\/comments?post=849"}],"version-history":[{"count":0,"href":"https:\/\/parafiazalesie.org\/index.php\/wp-json\/wp\/v2\/posts\/849\/revisions"}],"wp:featuredmedia":[{"embeddable":true,"href":"https:\/\/parafiazalesie.org\/index.php\/wp-json\/wp\/v2\/media\/111"}],"wp:attachment":[{"href":"https:\/\/parafiazalesie.org\/index.php\/wp-json\/wp\/v2\/media?parent=849"}],"wp:term":[{"taxonomy":"category","embeddable":true,"href":"https:\/\/parafiazalesie.org\/index.php\/wp-json\/wp\/v2\/categories?post=849"},{"taxonomy":"post_tag","embeddable":true,"href":"https:\/\/parafiazalesie.org\/index.php\/wp-json\/wp\/v2\/tags?post=849"}],"curies":[{"name":"wp","href":"https:\/\/api.w.org\/{rel}","templated":true}]}}