{"id":835,"date":"2022-05-28T13:38:36","date_gmt":"2022-05-28T11:38:36","guid":{"rendered":"https:\/\/parafiazalesie.org\/?p=835"},"modified":"2022-05-26T13:45:14","modified_gmt":"2022-05-26T11:45:14","slug":"ogloszenia-uroczystosc-wniebowstapienia-panskiego-29-05-2022-r","status":"publish","type":"post","link":"https:\/\/parafiazalesie.org\/index.php\/2022\/05\/28\/ogloszenia-uroczystosc-wniebowstapienia-panskiego-29-05-2022-r\/","title":{"rendered":"OG\u0141OSZENIA Uroczysto\u015b\u0107 Wniebowst\u0105pienia Pa\u0144skiego (29.05.2022 r.)"},"content":{"rendered":"<ol>\n<li>W tym tygodniu mo\u017cliwo\u015b\u0107 odbycia jeszcze spowiedzi wielkanocnej.<\/li>\n<li><b>Dzi\u015b<\/b>:\n<ul>\n<li>Uroczysto\u015b\u0107 Wniebowst\u0105pienia Pa\u0144skiego,<\/li>\n<li>o godz. 17:00 przywitamy uroczy\u015bcie Figur\u0119 Matki Bo\u017cej Fatimskiej, rozpoczniemy ca\u0142odzienn\u0105 adoracj\u0119 Naj\u015bwi\u0119tszego Sakramentu wraz z peregrynacj\u0105 Figury Matki Bo\u017cej Fatimskiej z okazji 30 \u2013 lecia Diecezji Rzeszowskiej. Po Mszy \u015bw. mo\u017cliwo\u015b\u0107 adoracji Naj\u015bwi\u0119tszego Sakramentu i spotkania z Maryj\u0105,<\/li>\n<li>na godz. 20:00 zapraszamy na czuwanie rodzin z Maryj\u0105 przed Naj\u015bwi\u0119tszym Sakramentem. Przyjd\u017acie rodzinami. Rodzice niech zabior\u0105 ze sob\u0105 dzieci na modlitw\u0119 razem z Maryj\u0105 w sprawach naszych rodzin. Zako\u0144czymy Apelem Jasnog\u00f3rskim.<\/li>\n<\/ul>\n<\/li>\n<li>Ko\u0144czy si\u0119 miesi\u0105c maj i nabo\u017ce\u0144stwa majowe. Zapraszamy na ostatnie dwa dni nabo\u017ce\u0144stw wraz z Nowenn\u0105 przed Uroczysto\u015bci\u0105 Zes\u0142ania Ducha \u015awi\u0119tego.<\/li>\n<li><b>W poniedzia\u0142ek<\/b> 30 maja:\n<ul>\n<li>o godz. 7:00 Msz\u0105 \u015bw. rozpoczniemy ca\u0142odzienn\u0105 adoracj\u0119 Naj\u015bwi\u0119tszego Sakramentu wraz z peregrynacj\u0105 Figury Matki Bo\u017cej Fatimskiej,<\/li>\n<li>po Mszy \u015bw. wystawienie Naj\u015bwi\u0119tszego Sakramentu do godz. 18:00. Zapraszamy cho\u0107by na chwil\u0119 do ko\u015bcio\u0142a aby spotka\u0107 si\u0119 w tym dniu z Jezusem czekaj\u0105cym na nas w wystawionym Naj\u015bwi\u0119tszym Sakramencie i z Matk\u0105 Bo\u017c\u0105. Prosimy R\u00f3\u017ce R\u00f3\u017ca\u0144cowe i Grupy dzia\u0142aj\u0105ce w parafii o podj\u0119cie godzin adoracji. Godziny adoracji zosta\u0142y wywieszone na tablicy og\u0142osze\u0144,<\/li>\n<li>na godz. 15:00 w godzinie Mi\u0142osierdzia zapraszamy na modlitw\u0119 o mi\u0142osierdzie dla \u015bwiata podzielonego konfliktami,<\/li>\n<li>o godz. 18:00 Msza \u015bw., na kt\u00f3rej po\u017cegnamy Matk\u0119 Bo\u017c\u0105 w znaku Figury Matki Bo\u017cej Fatimskiej. Bardzo zapraszamy do udzia\u0142u w tym wyj\u0105tkowym dla parafii dniu \u0142aski jakie przygotowa\u0142 B\u00f3g dla nas i jakie przyniesie Matka Bo\u017ca z my\u015bl\u0105 o nas, o naszych rodzinach.<\/li>\n<\/ul>\n<\/li>\n<li><b>We wtorek<\/b> 31 maja:\n<ul>\n<li>\u015bwi\u0119to Nawiedzenia Naj\u015bwi\u0119tszej Maryi Panny.<\/li>\n<\/ul>\n<\/li>\n<li>Przez ca\u0142y miesi\u0105c czerwiec po Mszy \u015bw. modli\u0107 si\u0119 b\u0119dziemy Litani\u0105 do Naj\u015bwi\u0119tszego Serca Jezusowego.<\/li>\n<li><b>W \u015brod\u0119<\/b> 1 czerwca:\n<ul>\n<li>wspomnienie \u015bw. Justyna, m\u0119czennika,<\/li>\n<li>po Mszy \u015bw. Nowenna do Matki Bo\u017cej Nieustaj\u0105cej Pomocy, Pani Zaleskiej. Po Nowennie adoracja Naj\u015bwi\u0119tszego Sakramentu do godz. 20:00.<\/li>\n<\/ul>\n<\/li>\n<li>W tym tygodniu wypada <b>pierwszy: czwartek, pi\u0105tek i sobota miesi\u0105ca<\/b>. Przygotujmy si\u0119 do nich przez spowied\u017a, kt\u00f3r\u0105 mo\u017cemy odby\u0107 rano lub wieczorem przed Msz\u0105 \u015bw. Spowied\u017a w pierwszy pi\u0105tek od godz. 17:00.<\/li>\n<li><b>W czwartek<\/b> 2 czerwca:\n<ul>\n<li>\u015bwi\u0119to rocznicy po\u015bwi\u0119cenia ko\u015bcio\u0142a katedralnego.<\/li>\n<\/ul>\n<\/li>\n<li><b>W pi\u0105tek<\/b> 3 czerwca:\n<ul>\n<li>wspomnienie \u015bw. Karola Lwangi i towarzyszy, m\u0119czennik\u00f3w,<\/li>\n<li>adoracja Naj\u015bwi\u0119tszego Sakramentu po nabo\u017ce\u0144stwie pierwszego pi\u0105tku do godz. 20:00,<\/li>\n<\/ul>\n<\/li>\n<li><b>W sobot\u0119<\/b> 4 czerwca:\n<ul>\n<li>od godz. 9:00 odwiedzimy chorych z sakramentami. Prosimy o zg\u0142aszanie chorych,<\/li>\n<li>nabo\u017ce\u0144stwo pierwszej soboty rozpoczniemy Msz\u0105 \u015bw. a po niej r\u00f3\u017ca\u0144cowa procesja Maryjna na zewn\u0105trz ko\u015bcio\u0142a,<\/li>\n<li>od godziny 21:00 czuwanie przed Zes\u0142aniem Ducha \u015awi\u0119tego, zaprasza Wsp\u00f3lnota Doros\u0142ych. W programie: modlitwa uwielbienia, katecheza, adoracja Naj\u015bwi\u0119tszego Sakramentu,<\/li>\n<li>o godz. 24:00 Eucharystia.<\/li>\n<\/ul>\n<\/li>\n<li><b>W niedziel\u0119<\/b> 5 czerwca:\n<ul>\n<li>Uroczysto\u015b\u0107 Zes\u0142ania Ducha \u015awi\u0119tego, ko\u0144czy si\u0119 okres wielkanocny,<\/li>\n<li>po prymarii zmiana tajemnic r\u00f3\u017ca\u0144cowych,<\/li>\n<li>r\u00f3\u017caniec poprowadzi R\u00f3\u017ca R\u00f3\u017ca\u0144cowa b\u0142. Marii Teresy Led\u00f3chowskiej.<\/li>\n<\/ul>\n<\/li>\n<li>Pod ch\u00f3rem nowa prasa katolicka. Zach\u0119camy do lektury.<\/li>\n<\/ol>\n<p><b>Spotkania<\/b><\/p>\n<p>&#x25aa;\u00a0<b>Duszpasterstwo Akademickie &#8222;Grota&#8221; <\/b>&#8211; poniedzia\u0142ek 19:00<br \/>\n&#x25aa;\u00a0<b>Wsp\u00f3lnota Doros\u0142ych <\/b>\u2013 wtorek po Mszy \u015bw.<br \/>\n&#x25aa;\u00a0<b>Ch\u00f3r \u201eCredo\u201d <\/b>&#8211; wtorek 18:30<br \/>\n&#x25aa;\u00a0<b>LSO<\/b> &#8211; \u015broda po Mszy \u015bw.<br \/>\n&#x25aa;\u00a0<b>Ruch \u015awiat\u0142o &#8211; \u017bycie <\/b>\u2013 pi\u0105tek po Mszy \u015bw.<\/p>\n","protected":false},"excerpt":{"rendered":"<p>W tym tygodniu mo\u017cliwo\u015b\u0107 odbycia jeszcze spowiedzi wielkanocnej. Dzi\u015b: Uroczysto\u015b\u0107 Wniebowst\u0105pienia Pa\u0144skiego, o godz. 17:00 przywitamy uroczy\u015bcie Figur\u0119 Matki Bo\u017cej Fatimskiej, rozpoczniemy ca\u0142odzienn\u0105 adoracj\u0119 Naj\u015bwi\u0119tszego Sakramentu wraz z peregrynacj\u0105 Figury Matki Bo\u017cej Fatimskiej z okazji 30 \u2013 lecia Diecezji Rzeszowskiej. Po Mszy \u015bw. mo\u017cliwo\u015b\u0107 adoracji Naj\u015bwi\u0119tszego Sakramentu i spotkania z Maryj\u0105, na godz. 20:00 zapraszamy <a class=\"read-more\" href=\"https:\/\/parafiazalesie.org\/index.php\/2022\/05\/28\/ogloszenia-uroczystosc-wniebowstapienia-panskiego-29-05-2022-r\/\"><\/p>\n<p>Zobacz wi\u0119cej<\/a><\/p>\n","protected":false},"author":1,"featured_media":836,"comment_status":"closed","ping_status":"closed","sticky":false,"template":"","format":"standard","meta":{"ngg_post_thumbnail":0,"footnotes":""},"categories":[3],"tags":[],"class_list":["post-835","post","type-post","status-publish","format-standard","has-post-thumbnail","hentry","category-ogloszenia"],"_links":{"self":[{"href":"https:\/\/parafiazalesie.org\/index.php\/wp-json\/wp\/v2\/posts\/835","targetHints":{"allow":["GET"]}}],"collection":[{"href":"https:\/\/parafiazalesie.org\/index.php\/wp-json\/wp\/v2\/posts"}],"about":[{"href":"https:\/\/parafiazalesie.org\/index.php\/wp-json\/wp\/v2\/types\/post"}],"author":[{"embeddable":true,"href":"https:\/\/parafiazalesie.org\/index.php\/wp-json\/wp\/v2\/users\/1"}],"replies":[{"embeddable":true,"href":"https:\/\/parafiazalesie.org\/index.php\/wp-json\/wp\/v2\/comments?post=835"}],"version-history":[{"count":0,"href":"https:\/\/parafiazalesie.org\/index.php\/wp-json\/wp\/v2\/posts\/835\/revisions"}],"wp:featuredmedia":[{"embeddable":true,"href":"https:\/\/parafiazalesie.org\/index.php\/wp-json\/wp\/v2\/media\/836"}],"wp:attachment":[{"href":"https:\/\/parafiazalesie.org\/index.php\/wp-json\/wp\/v2\/media?parent=835"}],"wp:term":[{"taxonomy":"category","embeddable":true,"href":"https:\/\/parafiazalesie.org\/index.php\/wp-json\/wp\/v2\/categories?post=835"},{"taxonomy":"post_tag","embeddable":true,"href":"https:\/\/parafiazalesie.org\/index.php\/wp-json\/wp\/v2\/tags?post=835"}],"curies":[{"name":"wp","href":"https:\/\/api.w.org\/{rel}","templated":true}]}}