{"id":833,"date":"2022-05-28T07:39:04","date_gmt":"2022-05-28T05:39:04","guid":{"rendered":"https:\/\/parafiazalesie.org\/?p=833"},"modified":"2022-05-24T07:41:03","modified_gmt":"2022-05-24T05:41:03","slug":"intencje-mszalne-30-05-05-06-2022r","status":"publish","type":"post","link":"https:\/\/parafiazalesie.org\/index.php\/2022\/05\/28\/intencje-mszalne-30-05-05-06-2022r\/","title":{"rendered":"INTENCJE MSZALNE 30.05 \u2013 05.06.2022r."},"content":{"rendered":"<table width=\"727\">\n<tbody>\n<tr>\n<td rowspan=\"2\" width=\"103\">\n<p>30.05.2022r.<\/p>\n<p>Poniedzia\u0142ek<\/p>\n<\/td>\n<td width=\"48\">\n<p>7.00<\/p>\n<\/td>\n<td width=\"576\">\n<p>1. O Bo\u017ce b\u0142ogos\u0142awie\u0144stwo i opiek\u0119 Matki Bo\u017cej dla Iwony, Krystiana i c\u00f3reczki Poli<br \/>\n2. + Bogus\u0142awa (f) Dworak gr.(zako\u0144czenie)<br \/>\n3. + Stefania Zawadzka gr.(rozpocz\u0119cie)<\/p>\n<\/td>\n<\/tr>\n<tr>\n<td width=\"48\">\n<p>18.00<\/p>\n<\/td>\n<td width=\"576\">\n<p>1. + Tadeusz Szela w 6r. \u015bmierci<br \/>\n2. + Szczepan<br \/>\n3. + Stanis\u0142aw Skiba \u2013 z int. rodziny Siwi\u0144skich i Klimkiewicz\u00f3w<\/p>\n<\/td>\n<\/tr>\n<tr>\n<td rowspan=\"2\" width=\"103\">\n<p>31.05.2022r.<\/p>\n<p>Wtorek<\/p>\n<\/td>\n<td width=\"48\">\n<p>7.00<\/p>\n<\/td>\n<td width=\"576\">\n<p>1. O Bo\u017ce b\u0142ogos\u0142awie\u0144stwo i opiek\u0119 Matki Bo\u017cej dla Iwony i Grzegorza z dzie\u0107mi<br \/>\n2. + Stefania Zawadzka gr.2<br \/>\n3. + Maria Rabczak gr.(rozpocz\u0119cie)<\/p>\n<\/td>\n<\/tr>\n<tr>\n<td width=\"48\">\n<p>18.00<\/p>\n<\/td>\n<td width=\"576\">\n<p>1. + Jan Sudo\u0142 w 9r. \u015bmierci<br \/>\n2. + Teresa Mr\u00f3z w 2r. \u015bmierci<br \/>\n3. + Jan Szyd\u0142o \u2013 z int. brata Kazimierza Szyd\u0142o<\/p>\n<\/td>\n<\/tr>\n<tr>\n<td rowspan=\"2\" width=\"103\">\n<p>01.06.2022r.<\/p>\n<p>\u015aroda<\/p>\n<\/td>\n<td width=\"48\">\n<p>7.00<\/p>\n<\/td>\n<td width=\"576\">\n<p>1. O Bo\u017ce b\u0142ogos\u0142awie\u0144stwo i opiek\u0119 Matki Bo\u017cej dla syna i rado\u015b\u0107 nieba dla + c\u00f3rki<br \/>\n2. + Stefania Zawadzka gr.3<br \/>\n3. + Maria Rabczak gr.2<\/p>\n<\/td>\n<\/tr>\n<tr>\n<td width=\"48\">\n<p>18.00<\/p>\n<\/td>\n<td width=\"576\">\n<p>1. O Bo\u017ce b\u0142ogos\u0142awie\u0144stwo i opiek\u0119 Matki Bo\u017cej dla dzieci z klas IV i ich Rodzin<br \/>\n2. ++ Ignacy i Stanis\u0142awa (f)<br \/>\n3. + Stanis\u0142aw<br \/>\n4. + Jan Szyd\u0142o \u2013 z int. Andrzeja i El\u017cbiety Szyd\u0142o<\/p>\n<\/td>\n<\/tr>\n<tr>\n<td rowspan=\"2\" width=\"103\">\n<p>02.06.2022r.<\/p>\n<p>Czwartek<\/p>\n<\/td>\n<td width=\"48\">\n<p>7.00<\/p>\n<\/td>\n<td width=\"576\">\n<p>1. Dzi\u0119kczynna za kap\u0142an\u00f3w i o dary i charyzmaty Ducha \u015awi\u0119tego dla kap\u0142an\u00f3w z pro\u015bb\u0105 o nowe \u015bwi\u0119te powo\u0142ania<br \/>\n2. + Stefania Zawadzka gr.4<br \/>\n3. + Maria Rabczak gr.3<\/p>\n<\/td>\n<\/tr>\n<tr>\n<td width=\"48\">\n<p>18.00<\/p>\n<\/td>\n<td width=\"576\">\n<p>1. Dzi\u0119kczynna za dar kap\u0142an\u00f3w pos\u0142uguj\u0105cych w naszej parafii z pro\u015bb\u0105 o Bo\u017ce b\u0142ogos\u0142awie\u0144stwo i opiek\u0119 Matki Bo\u017cej Zaleskiej z okazji kolejnych rocznic ich \u015bwi\u0119ce\u0144 kap\u0142a\u0144skich<br \/>\n2. O uwielbienie Cia\u0142a i Krwi Chrystusa i wynagrodzenie za niegodne przyjmowanie Komunii \u015awi\u0119tej<br \/>\n3. + Wojciech<\/p>\n<\/td>\n<\/tr>\n<tr>\n<td rowspan=\"2\" width=\"103\">\n<p>03.06.2022r.<\/p>\n<p>Pi\u0105tek<\/p>\n<\/td>\n<td width=\"48\">\n<p>7.00<\/p>\n<\/td>\n<td width=\"576\">\n<p>1. O Bo\u017ce b\u0142ogos\u0142awie\u0144stwo i opiek\u0119 Matki Bo\u017cej dla Elizy i Artura<br \/>\n2. Dzi\u0119kczynna za dar kap\u0142a\u0144stwa ks. Proboszcza Leszka z pro\u015bb\u0105 o Bo\u017ce b\u0142ogos\u0142awie\u0144stwo i opiek\u0119 Matki Bo\u017cej Zaleskiej z okazji imienin<br \/>\n3. O powr\u00f3t do zdrowia dla Doroty<br \/>\n4. + Stefania Zawadzka gr.5<br \/>\n5. + Maria Rabczak gr.4<\/p>\n<\/td>\n<\/tr>\n<tr>\n<td width=\"48\">\n<p>18.00<\/p>\n<\/td>\n<td width=\"576\">\n<p>Wynagradzaj\u0105ca NSPJ za grzechy i o intronizacj\u0119 Jezusa Kr\u00f3la w ludzkich sercach <br \/>\n\u2013 z int. Wsp\u00f3lnoty Intronizacyjnej<\/p>\n<\/td>\n<\/tr>\n<tr>\n<td rowspan=\"2\" width=\"103\">\n<p>04.06.2022r.<\/p>\n<p>Sobota<\/p>\n<\/td>\n<td width=\"48\">\n<p>7.00<\/p>\n<\/td>\n<td width=\"576\">\n<p>1. + Stefania Zawadzka gr.6<br \/>\n2. + Maria Rabczak gr.5<br \/>\n3. + Marta Rak w 65r. \u015bmierci<\/p>\n<\/td>\n<\/tr>\n<tr>\n<td width=\"48\">\n<p>18.00<\/p>\n<\/td>\n<td width=\"576\">\n<p>1. O zwyci\u0119stwo Niepokalanego Serca Matki Bo\u017cej, wynagradzaj\u0105ca Jej Sercu i o pok\u00f3j na \u015bwiecie i w ka\u017cdym ludzkim sercu<br \/>\n2. + Ma\u0142gorzata Sewerniak w 22r. \u015bmierci<br \/>\n3. + Jan Szyd\u0142o \u2013 z int. Anny, Barbary i Marii Szyd\u0142o<\/p>\n<\/td>\n<\/tr>\n<tr>\n<td rowspan=\"5\" width=\"103\">\n<p>05.06.2022r.<\/p>\n<p>Niedziela<\/p>\n<\/td>\n<td width=\"48\">\n<p>7.00<\/p>\n<\/td>\n<td width=\"576\">\n<p>1. Dzi\u0119kczynna za otrzymane \u0142aski z pro\u015bb\u0105 o Bo\u017ce b\u0142ogos\u0142awie\u0144stwo i opiek\u0119 Matki Bo\u017cej Kr\u00f3lowej R\u00f3\u017ca\u0144ca dla Wsp\u00f3lnoty R\u00f3\u017c R\u00f3\u017ca\u0144cowych i ich Rodzin<br \/>\n2. + Tadeusz w 19r. \u015bmierci<\/p>\n<\/td>\n<\/tr>\n<tr>\n<td width=\"48\">\n<p>9.00<\/p>\n<\/td>\n<td width=\"576\">\n<p>1. + Stefania Zawadzka gr.7<br \/>\n2. + Maria Rabczak gr.6<\/p>\n<\/td>\n<\/tr>\n<tr>\n<td width=\"48\">\n<p>10.30<\/p>\n<\/td>\n<td width=\"576\">\n<p>+ J\u00f3zef Szmigiel w 19r. \u015bmierci<\/p>\n<\/td>\n<\/tr>\n<tr>\n<td width=\"48\">\n<p>12.00<\/p>\n<\/td>\n<td width=\"576\">\n<p>+ Andrzej w 7r. \u015bmierci<\/p>\n<\/td>\n<\/tr>\n<tr>\n<td width=\"48\">\n<p>17.00<\/p>\n<\/td>\n<td width=\"576\">\n<p>Za Parafian<\/p>\n<\/td>\n<\/tr>\n<\/tbody>\n<\/table>\n","protected":false},"excerpt":{"rendered":"<p>30.05.2022r. Poniedzia\u0142ek 7.00 1. O Bo\u017ce b\u0142ogos\u0142awie\u0144stwo i opiek\u0119 Matki Bo\u017cej dla Iwony, Krystiana i c\u00f3reczki Poli 2. + Bogus\u0142awa (f) Dworak gr.(zako\u0144czenie) 3. + Stefania Zawadzka gr.(rozpocz\u0119cie) 18.00 1. + Tadeusz Szela w 6r. \u015bmierci 2. + Szczepan 3. + Stanis\u0142aw Skiba \u2013 z int. rodziny Siwi\u0144skich i Klimkiewicz\u00f3w 31.05.2022r. Wtorek 7.00 1. O <a class=\"read-more\" href=\"https:\/\/parafiazalesie.org\/index.php\/2022\/05\/28\/intencje-mszalne-30-05-05-06-2022r\/\"><\/p>\n<p>Zobacz wi\u0119cej<\/a><\/p>\n","protected":false},"author":1,"featured_media":111,"comment_status":"closed","ping_status":"closed","sticky":false,"template":"","format":"standard","meta":{"ngg_post_thumbnail":0,"footnotes":""},"categories":[5],"tags":[],"class_list":["post-833","post","type-post","status-publish","format-standard","has-post-thumbnail","hentry","category-intencje"],"_links":{"self":[{"href":"https:\/\/parafiazalesie.org\/index.php\/wp-json\/wp\/v2\/posts\/833","targetHints":{"allow":["GET"]}}],"collection":[{"href":"https:\/\/parafiazalesie.org\/index.php\/wp-json\/wp\/v2\/posts"}],"about":[{"href":"https:\/\/parafiazalesie.org\/index.php\/wp-json\/wp\/v2\/types\/post"}],"author":[{"embeddable":true,"href":"https:\/\/parafiazalesie.org\/index.php\/wp-json\/wp\/v2\/users\/1"}],"replies":[{"embeddable":true,"href":"https:\/\/parafiazalesie.org\/index.php\/wp-json\/wp\/v2\/comments?post=833"}],"version-history":[{"count":0,"href":"https:\/\/parafiazalesie.org\/index.php\/wp-json\/wp\/v2\/posts\/833\/revisions"}],"wp:featuredmedia":[{"embeddable":true,"href":"https:\/\/parafiazalesie.org\/index.php\/wp-json\/wp\/v2\/media\/111"}],"wp:attachment":[{"href":"https:\/\/parafiazalesie.org\/index.php\/wp-json\/wp\/v2\/media?parent=833"}],"wp:term":[{"taxonomy":"category","embeddable":true,"href":"https:\/\/parafiazalesie.org\/index.php\/wp-json\/wp\/v2\/categories?post=833"},{"taxonomy":"post_tag","embeddable":true,"href":"https:\/\/parafiazalesie.org\/index.php\/wp-json\/wp\/v2\/tags?post=833"}],"curies":[{"name":"wp","href":"https:\/\/api.w.org\/{rel}","templated":true}]}}