{"id":826,"date":"2022-05-21T18:50:49","date_gmt":"2022-05-21T16:50:49","guid":{"rendered":"https:\/\/parafiazalesie.org\/?p=826"},"modified":"2022-05-19T22:25:06","modified_gmt":"2022-05-19T20:25:06","slug":"ogloszenia-vi-niedziela-wielkanocna-22-05-2022-r","status":"publish","type":"post","link":"https:\/\/parafiazalesie.org\/index.php\/2022\/05\/21\/ogloszenia-vi-niedziela-wielkanocna-22-05-2022-r\/","title":{"rendered":"OG\u0141OSZENIA VI Niedziela Wielkanocna 22.05.2022 r."},"content":{"rendered":"<ol>\n<li><strong>We wtorek <\/strong>24 maja:\n<ul>\n<li>wspomnienie Naj\u015bwi\u0119tszej Maryi Panny Wspomo\u017cycielki Wiernych,<\/li>\n<li>o godz. 18:00 na Msz\u0119 \u015bw. a po niej po odbi\u00f3r indeks\u00f3w zapraszamy M\u0142odzie\u017c, kt\u00f3ra przygotowywa\u0142a si\u0119 do bierzmowania w grupie Ks. Proboszcza,<\/li>\n<li>po Mszy \u015bw. na modlitw\u0119 uwielbienia Pana Jezusa w Naj\u015bwi\u0119tszym Sakramencie, zaprasza Wsp\u00f3lnota Doros\u0142ych.<\/li>\n<\/ul>\n<\/li>\n<li><strong>W \u015brod\u0119 <\/strong>25 maja:\n<ul>\n<li>po Mszy \u015bw. Nowenna do Matki Bo\u017cej Nieustaj\u0105cej Pomocy, Pani Zaleskiej,<\/li>\n<li>po Nowennie adoracja Naj\u015bwi\u0119tszego Sakramentu do godz. 20:00.<\/li>\n<\/ul>\n<\/li>\n<li><strong>W czwartek <\/strong>26 maja:\n<ul>\n<li>wspomnienie \u015bw. Filipa Nereusza, kap\u0142ana.<\/li>\n<\/ul>\n<\/li>\n<li><strong>W pi\u0105tek <\/strong>27 maja:\n<ul>\n<li>od godz. 17:00 adoracja Naj\u015bwi\u0119tszego Sakramentu.<\/li>\n<\/ul>\n<\/li>\n<li><strong>W niedziel\u0119<\/strong> 29 maja:\n<ul>\n<li><strong>Uroczysto\u015b\u0107 Wniebowst\u0105pienia Pana Jezusa,<\/strong><\/li>\n<li>R\u00f3\u017caniec poprowadzi R\u00f3\u017ca \u015bw. Jadwigi Kr\u00f3lowej,<\/li>\n<li>o godz. 17:00 na Mszy \u015bw. przywitamy uroczy\u015bcie w naszej parafii Figur\u0119 Matki Bo\u017cej Fatimskiej, w ramach peregrynacji po Diecezji Rzeszowskiej z okazji 30 \u2013 lecia jej istnienia,<\/li>\n<li>na godz. 20:00 zapraszamy Was na czuwanie rodzin z Maryj\u0105. Przyjd\u017acie rodzinami &#8211; dziadkowie, rodzice, dzieci &#8211; na modlitw\u0119 razem z Maryj\u0105 w sprawach naszych rodzin. Czuwanie zako\u0144czymy Apelem Jasnog\u00f3rskim.<\/li>\n<\/ul>\n<\/li>\n<li><strong>W poniedzia\u0142ek <\/strong>30 maja:\n<ul>\n<li>o godz. 7:00 Msz\u0105 \u015bw. rozpoczniemy ca\u0142odzienn\u0105 adoracj\u0119 Naj\u015bwi\u0119tszego Sakramentu wraz z peregrynacj\u0105 Figury Matki Bo\u017cej Fatimskiej,<\/li>\n<li>po Mszy \u015bw. wystawienie Naj\u015bwi\u0119tszego Sakramentu do godz. 18:00. Zapraszamy cho\u0107by na chwil\u0119 do ko\u015bcio\u0142a aby spotka\u0107 si\u0119 w tym dniu z Jezusem czekaj\u0105cym na nas w wystawionym Naj\u015bwi\u0119tszym Sakramencie i z Matk\u0105 Bo\u017c\u0105. Prosimy R\u00f3\u017ce R\u00f3\u017ca\u0144cowe i Grupy dzia\u0142aj\u0105ce w parafii o podj\u0119cie godzin adoracji. Godziny adoracji zosta\u0142y wywieszone na tablicy og\u0142osze\u0144,<\/li>\n<li>na godz. 15:00, w godzinie Mi\u0142osierdzia zapraszamy na modlitw\u0119 o mi\u0142osierdzie dla \u015bwiata podzielonego konfliktami,<\/li>\n<li>o godz. 18:00 Msza \u015bw., na kt\u00f3rej po\u017cegnamy Matk\u0119 Bo\u017c\u0105 w znaku Figury Matki Bo\u017cej Fatimskiej. Serdecznie zapraszamy do udzia\u0142u w tym wyj\u0105tkowym dla parafii dniu \u0142aski jakie przygotowa\u0142 B\u00f3g dla nas i jakie przyniesie Matka Bo\u017ca z my\u015bl\u0105 o nas, o naszych rodzinach.<\/li>\n<\/ul>\n<\/li>\n<li>W naszym ko\u015bciele znaleziono pewn\u0105 sum\u0119 pieni\u0119dzy. Mo\u017cna j\u0105 odebra\u0107 u Pana Ko\u015bcielnego w zakrystii.<\/li>\n<li>Rada Osiedla Zalesie serdecznie zaprasza mieszka\u0144c\u00f3w wraz z dzie\u0107mi w dniu 28 maja bie\u017c\u0105cego roku (sobota), w godzinach od 13:00 do 17:00, na Dni Osiedla Zalesie \u2013 piknik rodzinny i parafialny, kt\u00f3ry odb\u0119dzie si\u0119 za budynkiem Domu Parafialnego i Plebanii w ogrodzie. W programie przewidziano wiele atrakcji dla dzieci.<\/li>\n<\/ol>\n<p><strong>SPOTKANIA:<\/strong><\/p>\n<ul>\n<li>Duszpasterstwo Akademickie \u201eGrota\u201d \u2013 poniedzia\u0142ek 19:00<\/li>\n<li>Ch\u00f3r \u201eCredo\u201d \u2013 wtorek 18:30<\/li>\n<li>LSO \u2013 \u015broda po Mszy \u015bw.<\/li>\n<li>Ruch \u015awiat\u0142o &#8211; \u017bycie \u2013 pi\u0105tek po Mszy \u015bw.<\/li>\n<\/ul>\n","protected":false},"excerpt":{"rendered":"<p>We wtorek 24 maja: wspomnienie Naj\u015bwi\u0119tszej Maryi Panny Wspomo\u017cycielki Wiernych, o godz. 18:00 na Msz\u0119 \u015bw. a po niej po odbi\u00f3r indeks\u00f3w zapraszamy M\u0142odzie\u017c, kt\u00f3ra przygotowywa\u0142a si\u0119 do bierzmowania w grupie Ks. Proboszcza, po Mszy \u015bw. na modlitw\u0119 uwielbienia Pana Jezusa w Naj\u015bwi\u0119tszym Sakramencie, zaprasza Wsp\u00f3lnota Doros\u0142ych. W \u015brod\u0119 25 maja: po Mszy \u015bw. Nowenna <a class=\"read-more\" href=\"https:\/\/parafiazalesie.org\/index.php\/2022\/05\/21\/ogloszenia-vi-niedziela-wielkanocna-22-05-2022-r\/\"><\/p>\n<p>Zobacz wi\u0119cej<\/a><\/p>\n","protected":false},"author":1,"featured_media":827,"comment_status":"closed","ping_status":"closed","sticky":false,"template":"","format":"standard","meta":{"ngg_post_thumbnail":0,"footnotes":""},"categories":[3],"tags":[],"class_list":["post-826","post","type-post","status-publish","format-standard","has-post-thumbnail","hentry","category-ogloszenia"],"_links":{"self":[{"href":"https:\/\/parafiazalesie.org\/index.php\/wp-json\/wp\/v2\/posts\/826","targetHints":{"allow":["GET"]}}],"collection":[{"href":"https:\/\/parafiazalesie.org\/index.php\/wp-json\/wp\/v2\/posts"}],"about":[{"href":"https:\/\/parafiazalesie.org\/index.php\/wp-json\/wp\/v2\/types\/post"}],"author":[{"embeddable":true,"href":"https:\/\/parafiazalesie.org\/index.php\/wp-json\/wp\/v2\/users\/1"}],"replies":[{"embeddable":true,"href":"https:\/\/parafiazalesie.org\/index.php\/wp-json\/wp\/v2\/comments?post=826"}],"version-history":[{"count":0,"href":"https:\/\/parafiazalesie.org\/index.php\/wp-json\/wp\/v2\/posts\/826\/revisions"}],"wp:featuredmedia":[{"embeddable":true,"href":"https:\/\/parafiazalesie.org\/index.php\/wp-json\/wp\/v2\/media\/827"}],"wp:attachment":[{"href":"https:\/\/parafiazalesie.org\/index.php\/wp-json\/wp\/v2\/media?parent=826"}],"wp:term":[{"taxonomy":"category","embeddable":true,"href":"https:\/\/parafiazalesie.org\/index.php\/wp-json\/wp\/v2\/categories?post=826"},{"taxonomy":"post_tag","embeddable":true,"href":"https:\/\/parafiazalesie.org\/index.php\/wp-json\/wp\/v2\/tags?post=826"}],"curies":[{"name":"wp","href":"https:\/\/api.w.org\/{rel}","templated":true}]}}