{"id":821,"date":"2022-05-21T21:14:58","date_gmt":"2022-05-21T19:14:58","guid":{"rendered":"https:\/\/parafiazalesie.org\/?p=821"},"modified":"2022-05-18T21:18:16","modified_gmt":"2022-05-18T19:18:16","slug":"intencje-mszalne-23-29-05-2022r","status":"publish","type":"post","link":"https:\/\/parafiazalesie.org\/index.php\/2022\/05\/21\/intencje-mszalne-23-29-05-2022r\/","title":{"rendered":"INTENCJE MSZALNE  23 \u2013 29.05.2022r."},"content":{"rendered":"<table width=\"727\">\n<tbody>\n<tr>\n<td rowspan=\"2\" width=\"115\">\n<p>23.05.2022r.<\/p>\n<p><strong>Poniedzia\u0142ek<\/strong><\/p>\n<\/td>\n<td width=\"48\">\n<p>7.00<\/p>\n<\/td>\n<td width=\"564\">\n<p>1. O Bo\u017ce b\u0142ogos\u0142awie\u0144stwo dla Wiktorii<br \/>\n2. + Zofia Gruba \u2013 z int. R\u00f3\u017cy \u015aw. Jadwigi Kr\u00f3lowej (Anny Czyrek)<br \/>\n3. + Jan Nowak \u2013 z int. \u017cony w rocznic\u0119 \u015bmierci<\/p>\n<\/td>\n<\/tr>\n<tr>\n<td width=\"48\">\n<p>18.00<\/p>\n<\/td>\n<td width=\"564\">\n<p>1. + Bogus\u0142awa (f) Dworak gr.23<br \/>\n2. + Edward<br \/>\n3. + Stanis\u0142aw Skiba \u2013 z int. Janiny i Teodora Ros\u00f3\u0142<\/p>\n<\/td>\n<\/tr>\n<tr>\n<td rowspan=\"2\" width=\"115\">\n<p>24.05.2022r.<\/p>\n<p><strong>Wtorek<\/strong><\/p>\n<\/td>\n<td width=\"48\">\n<p>7.00<\/p>\n<\/td>\n<td width=\"564\">\n<p>1. + Jan Pondo \u2013 z int. s\u0105siad\u00f3w brata J\u00f3zefa z ul. Mieczykowej<br \/>\n2. + Stanis\u0142aw Skiba \u2013 z int. wnuka Micha\u0142a z Rodzin\u0105<br \/>\n3. + Jan Szyd\u0142o \u2013 z int. Krystyny Szajna<\/p>\n<\/td>\n<\/tr>\n<tr>\n<td width=\"48\">\n<p>18.00<\/p>\n<\/td>\n<td width=\"564\">\n<p>1. O zdrowie i Bo\u017ce b\u0142ogos\u0142awie\u0144stwo dla Anny<br \/>\n2. + Bogus\u0142awa (f) Dworak gr.24<br \/>\n3. + Zofia<\/p>\n<\/td>\n<\/tr>\n<tr>\n<td rowspan=\"2\" width=\"115\">\n<p>25.05.2022r.<\/p>\n<p><strong>\u015aroda<\/strong><\/p>\n<\/td>\n<td width=\"48\">\n<p>7.00<\/p>\n<\/td>\n<td width=\"564\">\n<p>1. Dzi\u0119kczynna za dar Chrztu \u015awi\u0119tego z pro\u015bba o Bo\u017ce b\u0142ogos\u0142awie\u0144stwo, potrzebne \u0142aski, opiek\u0119 Matki Bo\u017cej dla Grzegorza z okazji urodzin i imienin<br \/>\n2. ++ Stefania i Boles\u0142aw Jakubek\u00a0<br \/>\n3. + Stanis\u0142aw Skiba \u2013 z int. ch\u00f3ru Credo<\/p>\n<\/td>\n<\/tr>\n<tr>\n<td width=\"48\">\n<p>18.00<\/p>\n<\/td>\n<td width=\"564\">\n<p>1. + Bogus\u0142awa (f) Dworak gr.25<br \/>\n2. ++ J\u00f3zefa i Tadeusz<br \/>\n3. + Jan Szyd\u0142o \u2013 z int. rodziny Jawniak\u00f3w<\/p>\n<\/td>\n<\/tr>\n<tr>\n<td rowspan=\"2\" width=\"115\">\n<p>26.05.2022r.<\/p>\n<p><strong>Czwartek<\/strong><\/p>\n<\/td>\n<td width=\"48\">\n<p>7.00<\/p>\n<\/td>\n<td width=\"564\">\n<p>1. + Czes\u0142awa Stec<br \/>\n2. + J\u00f3zef Jarz\u0119bowski \u2013 z int \u017cony Janiny<br \/>\n3. + Jan Szyd\u0142o \u2013 z int. El\u017cbiety, Roberta i Miko\u0142aja<\/p>\n<\/td>\n<\/tr>\n<tr>\n<td width=\"48\">\n<p>18.00<\/p>\n<\/td>\n<td width=\"564\">\n<p>1. O Bo\u017ce b\u0142ogos\u0142awie\u0144stwo, zdrowie dla Braci z R\u00f3\u017cy b\u0142. Stefana kardyna\u0142a Wyszy\u0144skiego<br \/>\n2. + Bogus\u0142awa (f) Dworak gr.26<br \/>\n3. + Stanis\u0142aw Skiba \u2013 z int. Juliana Sowa z Rodzin\u0105<\/p>\n<\/td>\n<\/tr>\n<tr>\n<td rowspan=\"2\" width=\"115\">\n<p>27.05.2022r.<\/p>\n<p><strong>Pi\u0105tek<\/strong><\/p>\n<\/td>\n<td width=\"48\">\n<p>7.00<\/p>\n<\/td>\n<td width=\"564\">\n<p>1. + Augustyn Wilk<br \/>\n2. + Stanis\u0142aw Skiba z int. Bronis\u0142awy i Zdzis\u0142awa Gr\u00f3dka<br \/>\n3. + Jan Szyd\u0142o \u2013 z int. El\u017cbiety, Roberta i Miko\u0142aja<\/p>\n<\/td>\n<\/tr>\n<tr>\n<td width=\"48\">\n<p>18.00<\/p>\n<\/td>\n<td width=\"564\">\n<p>1. + Bogus\u0142awa (f) Dworak gr.27<br \/>\n2. ++ Franciszek, Bronis\u0142awa (f), W\u0142adys\u0142aw<br \/>\n3. + Renata Makuch \u2013 z int. kole\u017canek i koleg\u00f3w z MPWiK<\/p>\n<\/td>\n<\/tr>\n<tr>\n<td rowspan=\"2\" width=\"115\">\n<p>28.05.2022r.<\/p>\n<p><strong>Sobota<\/strong><\/p>\n<\/td>\n<td width=\"48\">\n<p>7.00<\/p>\n<\/td>\n<td width=\"564\">\n<p>1. O Bo\u017ce b\u0142ogos\u0142awie\u0144stwo i opiek\u0119 Matki Bo\u017cej dla Bogumi\u0142y i Kazimierza \u00a0z dzie\u0107mi<br \/>\n2. + Artur Dusza<br \/>\n3.\u00a0 + Jan Szyd\u0142o \u2013 z int. rodziny Sydor\u00f3w<\/p>\n<\/td>\n<\/tr>\n<tr>\n<td width=\"48\">\n<p>18.00<\/p>\n<\/td>\n<td width=\"564\">\n<p>1. + Bogus\u0142awa (f) Dworak gr.28<br \/>\n2. + Katarzyna<br \/>\n3. + Stanis\u0142aw Skiba \u2013 z int. kolegi Janusza<\/p>\n<\/td>\n<\/tr>\n<tr>\n<td rowspan=\"5\" width=\"115\">\n<p>29.05.2022r.<\/p>\n<p><strong>Niedziela<\/strong><\/p>\n<\/td>\n<td width=\"48\">\n<p>7.00<\/p>\n<\/td>\n<td width=\"564\">\n<p>1. + Stanis\u0142aw Skiba \u2013 z int. rodziny Siwi\u0144skich i Klimkiewicz\u00f3w<br \/>\n2. ++ Maria i Jadwiga<\/p>\n<\/td>\n<\/tr>\n<tr>\n<td width=\"48\">\n<p>9.00<\/p>\n<\/td>\n<td width=\"564\">\n<p>+ Bogus\u0142awa (f) Dworak gr.29<\/p>\n<\/td>\n<\/tr>\n<tr>\n<td width=\"48\">\n<p>10.30<\/p>\n<\/td>\n<td width=\"564\">\n<p>Za Parafian<\/p>\n<\/td>\n<\/tr>\n<tr>\n<td width=\"48\">\n<p>12.00<\/p>\n<\/td>\n<td width=\"564\">\n<p>O Bo\u017ce b\u0142ogos\u0142awie\u0144stwo i opiek\u0119 Matki Bo\u017cej Zaleskiej dla ksi\u0119dza Leszka w dniu imienin \u2013 z int. Wsp\u00f3lnot Parafialnych<\/p>\n<\/td>\n<\/tr>\n<tr>\n<td width=\"48\">\n<p>17.00<\/p>\n<\/td>\n<td width=\"564\">\n<p>++ Apolonia, Stefan<\/p>\n<\/td>\n<\/tr>\n<\/tbody>\n<\/table>\n","protected":false},"excerpt":{"rendered":"<p>23.05.2022r. Poniedzia\u0142ek 7.00 1. O Bo\u017ce b\u0142ogos\u0142awie\u0144stwo dla Wiktorii 2. + Zofia Gruba \u2013 z int. R\u00f3\u017cy \u015aw. Jadwigi Kr\u00f3lowej (Anny Czyrek) 3. + Jan Nowak \u2013 z int. \u017cony w rocznic\u0119 \u015bmierci 18.00 1. + Bogus\u0142awa (f) Dworak gr.23 2. + Edward 3. + Stanis\u0142aw Skiba \u2013 z int. Janiny i Teodora Ros\u00f3\u0142 24.05.2022r. <a class=\"read-more\" href=\"https:\/\/parafiazalesie.org\/index.php\/2022\/05\/21\/intencje-mszalne-23-29-05-2022r\/\"><\/p>\n<p>Zobacz wi\u0119cej<\/a><\/p>\n","protected":false},"author":1,"featured_media":111,"comment_status":"closed","ping_status":"closed","sticky":false,"template":"","format":"standard","meta":{"ngg_post_thumbnail":0,"footnotes":""},"categories":[5],"tags":[],"class_list":["post-821","post","type-post","status-publish","format-standard","has-post-thumbnail","hentry","category-intencje"],"_links":{"self":[{"href":"https:\/\/parafiazalesie.org\/index.php\/wp-json\/wp\/v2\/posts\/821","targetHints":{"allow":["GET"]}}],"collection":[{"href":"https:\/\/parafiazalesie.org\/index.php\/wp-json\/wp\/v2\/posts"}],"about":[{"href":"https:\/\/parafiazalesie.org\/index.php\/wp-json\/wp\/v2\/types\/post"}],"author":[{"embeddable":true,"href":"https:\/\/parafiazalesie.org\/index.php\/wp-json\/wp\/v2\/users\/1"}],"replies":[{"embeddable":true,"href":"https:\/\/parafiazalesie.org\/index.php\/wp-json\/wp\/v2\/comments?post=821"}],"version-history":[{"count":0,"href":"https:\/\/parafiazalesie.org\/index.php\/wp-json\/wp\/v2\/posts\/821\/revisions"}],"wp:featuredmedia":[{"embeddable":true,"href":"https:\/\/parafiazalesie.org\/index.php\/wp-json\/wp\/v2\/media\/111"}],"wp:attachment":[{"href":"https:\/\/parafiazalesie.org\/index.php\/wp-json\/wp\/v2\/media?parent=821"}],"wp:term":[{"taxonomy":"category","embeddable":true,"href":"https:\/\/parafiazalesie.org\/index.php\/wp-json\/wp\/v2\/categories?post=821"},{"taxonomy":"post_tag","embeddable":true,"href":"https:\/\/parafiazalesie.org\/index.php\/wp-json\/wp\/v2\/tags?post=821"}],"curies":[{"name":"wp","href":"https:\/\/api.w.org\/{rel}","templated":true}]}}