{"id":814,"date":"2022-05-14T11:43:44","date_gmt":"2022-05-14T09:43:44","guid":{"rendered":"https:\/\/parafiazalesie.org\/?p=814"},"modified":"2022-05-12T11:50:14","modified_gmt":"2022-05-12T09:50:14","slug":"ogloszenia-v-niedziela-wielkanocna-15-05-2022-r","status":"publish","type":"post","link":"https:\/\/parafiazalesie.org\/index.php\/2022\/05\/14\/ogloszenia-v-niedziela-wielkanocna-15-05-2022-r\/","title":{"rendered":"OG\u0141OSZENIA V Niedziela Wielkanocna (15.05.2022 r.)"},"content":{"rendered":"<ol>\n<li>Trwaj\u0105 nabo\u017ce\u0144stwa majowe, na kt\u00f3re zapraszamy liczniej, aby prosi\u0107 Maryj\u0119 o pomoc, bo udzia\u0142 jest niewielki a liczne biedy nas nie omijaj\u0105.<\/li>\n<li><strong>Dzi\u015b:<\/strong>\n<ul>\n<li>o godz. 12:00 na Mszy \u015bw. Pierwsza Komunia \u015awi\u0119ta dzieci klas trzecich. Obejmijmy ich i rodziny dzieci modlitw\u0105, aby dalej tak gorliwie jak w przygotowaniu do pe\u0142nego uczestnictwa w Eucharystii rozwija\u0142y si\u0119 w modlitwie, uczestnictwie w sakramentach i wra\u017cliwo\u015bci na s\u0142abego cz\u0142owieka. Rodzicom sk\u0142adamy podzi\u0119kowanie za pieni\u0119\u017cny dar o\u0142tarza. B\u00f3g zap\u0142a\u0107.<\/li>\n<\/ul>\n<\/li>\n<li>Od poniedzia\u0142ku przez ca\u0142y tydzie\u0144 dzieci komunijne b\u0119d\u0105 uczestniczy\u0107 w Bia\u0142ym Tygodniu przychodz\u0105c ka\u017cdego dnia na Msz\u0119 \u015bw. o godz. 18:00.<\/li>\n<li><strong>W poniedzia\u0142ek<\/strong> 16 maja:\n<ul>\n<li>\u015awi\u0119to \u015bw. Andrzeja Boboli, kap\u0142ana, m\u0119czennika, Patrona Polski.<\/li>\n<\/ul>\n<\/li>\n<li><strong>We wtorek<\/strong> 17 maja:\n<ul>\n<li>po Mszy \u015bw. na modlitw\u0119 uwielbienia Pana Jezusa w Naj\u015bwi\u0119tszym Sakramencie, zaprasza Wsp\u00f3lnota Doros\u0142ych.<\/li>\n<\/ul>\n<\/li>\n<li><strong>W \u015brod\u0119<\/strong> 18 maja:\n<ul>\n<li>po Nabo\u017ce\u0144stwie majowym Nowenna do Matki Bo\u017cej Nieustaj\u0105cej Pomocy, Pani Zaleskiej,<\/li>\n<li>po Nabo\u017ce\u0144stwie majowym adoracja Naj\u015bwi\u0119tszego Sakramentu do godz. 20:00. Garnijmy si\u0119 do Serca Jezusowego i szukajmy u Niego m\u0105dro\u015bci.<\/li>\n<\/ul>\n<\/li>\n<li><strong>W czwartek<\/strong> 19 maja:\n<ul>\n<li>o godz. 16:00 pr\u00f3ba dzieci przed I rocznic\u0105 Komunii \u015bw.<\/li>\n<\/ul>\n<\/li>\n<li><strong>W <\/strong><strong>pi\u0105tek<\/strong> 20 maja:\n<ul>\n<li>od godz. 17:00 spowied\u017a dla dzieci przed I rocznic\u0105 Komunii \u015bw.,<\/li>\n<li>od godz. 17:00 00 adoracja Naj\u015bwi\u0119tszego Sakramentu.<\/li>\n<\/ul>\n<\/li>\n<li><strong>W sobot\u0119<\/strong> 21 maja:\n<ul>\n<li>o godz. 11:00 I Komunia \u015awi\u0119ta dzieci z niepe\u0142nosprawno\u015bci\u0105 z Rzeszowskiego Stowarzyszenia Solis Radius maj\u0105cego swoj\u0105 plac\u00f3wk\u0119 przy ul. Go\u017adzikowej.<\/li>\n<\/ul>\n<\/li>\n<li><strong>W niedziel\u0119<\/strong> 22 maja:\n<ul>\n<li>modlitw\u0119 r\u00f3\u017ca\u0144cow\u0105 poprowadzi R\u00f3\u017ca \u015bw. Urszuli Led\u00f3chowskiej,<\/li>\n<li>o godz. 12:00 Rocznica I Komunii \u015bwi\u0119tej,<\/li>\n<li>po Mszy \u015bw. o godz. 17:00 modlitwa za wstawiennictwem \u015bw. Jana Paw\u0142a II \u2013 Nabo\u017ce\u0144stwo podzi\u0119kowa\u0144 i pr\u00f3\u015bb.<\/li>\n<\/ul>\n<\/li>\n<li>Z okazji trzydziestolecia naszej Rzeszowskiej Diecezji 25 marca bie\u017c\u0105cego roku rozpocz\u0119\u0142a si\u0119 peregrynacja figury Matki Bo\u017cej Fatimskiej od parafii do parafii. Peregrynacja trwa\u0107 b\u0119dzie przez okr\u0105g\u0142y rok. Chcemy i w naszej parafialnej wsp\u00f3lnocie godnie i pobo\u017cnie przyj\u0105\u0107 Matk\u0119 Bo\u017c\u0105 w figurze Fatimskiej. To spotkanie czeka nas ju\u017c wkr\u00f3tce, bo w sobot\u0119 28 maja przejmiemy j\u0105 od parafii katedralnej. Zmobilizujmy si\u0119 do udzia\u0142u w tej uroczysto\u015bciach, aby\u015bmy mogli pog\u0142\u0119bi\u0107 nasz\u0105 duchowo\u015b\u0107 Maryjn\u0105, wyprasza\u0107 potrzebne \u0142aski w trudnej sytuacji, w kt\u00f3rej przysz\u0142o nam \u017cy\u0107.<\/li>\n<\/ol>\n<p>&nbsp;<\/p>\n<p><strong>Spotkania<\/strong><\/p>\n<ul>\n<li><strong>Duszpasterstwo Akademickie &#8222;Grota&#8221;<\/strong> &#8211; poniedzia\u0142ek 19:00<\/li>\n<li><strong>Ch\u00f3r \u201eCredo\u201d<\/strong> &#8211; wtorek 18:30<\/li>\n<li><strong>LSO <\/strong>&#8211; \u015broda po Mszy \u015bw.<\/li>\n<li><strong>Ruch \u015awiat\u0142o &#8211; \u017bycie <\/strong>\u2013 pi\u0105tek po Mszy \u015bw.<\/li>\n<\/ul>\n","protected":false},"excerpt":{"rendered":"<p>Trwaj\u0105 nabo\u017ce\u0144stwa majowe, na kt\u00f3re zapraszamy liczniej, aby prosi\u0107 Maryj\u0119 o pomoc, bo udzia\u0142 jest niewielki a liczne biedy nas nie omijaj\u0105. Dzi\u015b: o godz. 12:00 na Mszy \u015bw. Pierwsza Komunia \u015awi\u0119ta dzieci klas trzecich. Obejmijmy ich i rodziny dzieci modlitw\u0105, aby dalej tak gorliwie jak w przygotowaniu do pe\u0142nego uczestnictwa w Eucharystii rozwija\u0142y si\u0119 <a class=\"read-more\" href=\"https:\/\/parafiazalesie.org\/index.php\/2022\/05\/14\/ogloszenia-v-niedziela-wielkanocna-15-05-2022-r\/\"><\/p>\n<p>Zobacz wi\u0119cej<\/a><\/p>\n","protected":false},"author":1,"featured_media":253,"comment_status":"closed","ping_status":"closed","sticky":false,"template":"","format":"standard","meta":{"ngg_post_thumbnail":0,"footnotes":""},"categories":[3],"tags":[],"class_list":["post-814","post","type-post","status-publish","format-standard","has-post-thumbnail","hentry","category-ogloszenia"],"_links":{"self":[{"href":"https:\/\/parafiazalesie.org\/index.php\/wp-json\/wp\/v2\/posts\/814","targetHints":{"allow":["GET"]}}],"collection":[{"href":"https:\/\/parafiazalesie.org\/index.php\/wp-json\/wp\/v2\/posts"}],"about":[{"href":"https:\/\/parafiazalesie.org\/index.php\/wp-json\/wp\/v2\/types\/post"}],"author":[{"embeddable":true,"href":"https:\/\/parafiazalesie.org\/index.php\/wp-json\/wp\/v2\/users\/1"}],"replies":[{"embeddable":true,"href":"https:\/\/parafiazalesie.org\/index.php\/wp-json\/wp\/v2\/comments?post=814"}],"version-history":[{"count":0,"href":"https:\/\/parafiazalesie.org\/index.php\/wp-json\/wp\/v2\/posts\/814\/revisions"}],"wp:featuredmedia":[{"embeddable":true,"href":"https:\/\/parafiazalesie.org\/index.php\/wp-json\/wp\/v2\/media\/253"}],"wp:attachment":[{"href":"https:\/\/parafiazalesie.org\/index.php\/wp-json\/wp\/v2\/media?parent=814"}],"wp:term":[{"taxonomy":"category","embeddable":true,"href":"https:\/\/parafiazalesie.org\/index.php\/wp-json\/wp\/v2\/categories?post=814"},{"taxonomy":"post_tag","embeddable":true,"href":"https:\/\/parafiazalesie.org\/index.php\/wp-json\/wp\/v2\/tags?post=814"}],"curies":[{"name":"wp","href":"https:\/\/api.w.org\/{rel}","templated":true}]}}