{"id":811,"date":"2022-05-14T10:02:36","date_gmt":"2022-05-14T08:02:36","guid":{"rendered":"https:\/\/parafiazalesie.org\/?p=811"},"modified":"2022-05-10T10:04:45","modified_gmt":"2022-05-10T08:04:45","slug":"intencje-mszalne-16-22-05-2022r","status":"publish","type":"post","link":"https:\/\/parafiazalesie.org\/index.php\/2022\/05\/14\/intencje-mszalne-16-22-05-2022r\/","title":{"rendered":"INTENCJE MSZALNE  16 \u2013 22.05.2022r."},"content":{"rendered":"<table width=\"727\">\n<tbody>\n<tr>\n<td rowspan=\"2\" width=\"115\">\n<p>16.05.2022r.<\/p>\n<p>Poniedzia\u0142ek<\/p>\n<\/td>\n<td width=\"48\">\n<p>7.00<\/p>\n<\/td>\n<td width=\"564\">\n<p>1. O Bo\u017ce b\u0142ogos\u0142awie\u0144stwo i opiek\u0119 Matki Bo\u017cej dla Zofii i Stanis\u0142awa<br \/>\n2. + Bogus\u0142awa (f) Dworak gr.16<br \/>\n3. ++ Zofia, Klementyna, Teodor<\/p>\n<\/td>\n<\/tr>\n<tr>\n<td width=\"48\">\n<p>18.00<\/p>\n<\/td>\n<td width=\"564\">\n<p>1. + Celina Steczkowska w 4r. \u015bmierci<br \/>\n2. + Stanis\u0142awa (f) Trzyna w 10r. \u015bmierci<br \/>\n3. ++ Zofia i Marcin Pa\u0142ka<\/p>\n<\/td>\n<\/tr>\n<tr>\n<td rowspan=\"2\" width=\"115\">\n<p>17.05.2022r.<\/p>\n<p>Wtorek<\/p>\n<\/td>\n<td width=\"48\">\n<p>7.00<\/p>\n<\/td>\n<td width=\"564\">\n<p>1. + Bogus\u0142awa (f) Dworak gr.17<br \/>\n2. ++ Zofia, Julian, Aleksandra (f)<br \/>\n3. + Szymon Vezzani<\/p>\n<\/td>\n<\/tr>\n<tr>\n<td width=\"48\">\n<p>18.00<\/p>\n<\/td>\n<td width=\"564\">\n<p>1. ++ Julia \u015alemp i Janina Jarosz<br \/>\n2. ++ Zofia, Jan, Emilia<br \/>\n3. ++ dusze w czy\u015b\u0107cu cierpi\u0105ce<\/p>\n<\/td>\n<\/tr>\n<tr>\n<td rowspan=\"2\" width=\"115\">\n<p>18.05.2022r.<\/p>\n<p>\u015aroda<\/p>\n<\/td>\n<td width=\"48\">\n<p>7.00<\/p>\n<\/td>\n<td width=\"564\">\n<p>1. + Bogus\u0142awa (f) Dworak gr.18<br \/>\n2. + Stanis\u0142aw Skiba \u2013 z int. Braci z R\u00f3\u017cy \u015bw. Jana Paw\u0142a II (Andrzeja Czyrka)<br \/>\n3. + Jan Szyd\u0142o \u2013 z int. Kazimierza Szyd\u0142o z Nawsia<\/p>\n<\/td>\n<\/tr>\n<tr>\n<td width=\"48\">\n<p>18.00<\/p>\n<\/td>\n<td width=\"564\">\n<p>1. Dzi\u0119kczynna za otrzymane \u0142aski z pro\u015bb\u0105 o Bo\u017ce b\u0142ogos\u0142awie\u0144stwo i opiek\u0119 Matki Bo\u017cej dla Si\u00f3str z R\u00f3\u017cy b\u0142. El\u017cbiety R. Czackiej<br \/>\n2. + Szymon Vezzani<br \/>\n3. ++z rodziny<\/p>\n<\/td>\n<\/tr>\n<tr>\n<td rowspan=\"2\" width=\"115\">\n<p>19.05.2022r.<\/p>\n<p>Czwartek<\/p>\n<\/td>\n<td width=\"48\">\n<p>7.00<\/p>\n<\/td>\n<td width=\"564\">\n<p>1. + Bogus\u0142awa (f) Dworak gr.19<br \/>\n2. + Stanis\u0142aw Skiba \u2013 z int. Renaty i Miros\u0142awa Ros\u00f3\u0142 z Rodzin\u0105<br \/>\n3. + Szymon Vezzani<\/p>\n<\/td>\n<\/tr>\n<tr>\n<td width=\"48\">\n<p>18.00<\/p>\n<\/td>\n<td width=\"564\">\n<p>1. O Bo\u017ce b\u0142ogos\u0142awie\u0144stwo, zdrowie dla Si\u00f3str z R\u00f3\u017cy \u015bw. Jadwigi \u015al\u0105skiej<br \/>\n2. O zdrowie i Bo\u017ce b\u0142ogos\u0142awie\u0144stwo dla Tomasza z podzi\u0119kowaniem za otrzymane \u0142aski<br \/>\n3. + Jan Szyd\u0142o \u2013 z int. rodziny Zawisz\u00f3w z S\u0119dziszowa<\/p>\n<\/td>\n<\/tr>\n<tr>\n<td rowspan=\"2\" width=\"115\">\n<p>20.05.2022r.<\/p>\n<p>Pi\u0105tek<\/p>\n<\/td>\n<td width=\"48\">\n<p>7.00<\/p>\n<\/td>\n<td width=\"564\">\n<p>1. + Bogus\u0142awa (f) Dworak gr.20<br \/>\n2. + Grzegorz w 10r. \u015bmierci<br \/>\n3. + Szymon Vezzani<\/p>\n<\/td>\n<\/tr>\n<tr>\n<td width=\"48\">\n<p>18.00<\/p>\n<\/td>\n<td width=\"564\">\n<p>1. Dzi\u0119kczynna za dar Chrztu \u015awi\u0119tego z pro\u015bba o Bo\u017ce b\u0142ogos\u0142awie\u0144stwo, potrzebne \u0142aski i opiek\u0119 Matki Bo\u017cej dla Aliny i jej Rodziny<br \/>\n2. O Bo\u017ce b\u0142ogos\u0142awie\u0144stwo dla Rodziny z podzi\u0119kowaniem za otrzymane \u0142aski<br \/>\n3. + Jan Szyd\u0142o \u2013 z int. rodziny Koni\u00f3w<\/p>\n<\/td>\n<\/tr>\n<tr>\n<td rowspan=\"2\" width=\"115\">\n<p>21.05.2022r.<\/p>\n<p>Sobota<\/p>\n<\/td>\n<td width=\"48\">\n<p>7.00<\/p>\n<\/td>\n<td width=\"564\">\n<p>1. + Bogus\u0142awa (f) Dworak gr.21<br \/>\n2. + Jan Szyd\u0142o \u2013 z int. rodziny Koni\u00f3w<br \/>\n3. + Stanis\u0142aw Skiba \u2013 z int. Ma\u0142gorzaty i Rafa\u0142a Ros\u00f3\u0142<\/p>\n<\/td>\n<\/tr>\n<tr>\n<td width=\"48\">\n<p>18.00<\/p>\n<\/td>\n<td width=\"564\">\n<p>1. O Bo\u017ce b\u0142ogos\u0142awie\u0144stwo dla Rodziny z podzi\u0119kowaniem za otrzymane \u0142aski<br \/>\n2. + Szymon Vezzani<br \/>\n3. + Antoni Tyl w r. \u015bmierci \u2013 z int. C\u00f3rki z Rodzin\u0105<\/p>\n<\/td>\n<\/tr>\n<tr>\n<td rowspan=\"5\" width=\"115\">\n<p>22.05.2022r.<\/p>\n<p>Niedziela<\/p>\n<\/td>\n<td width=\"48\">\n<p>7.00<\/p>\n<\/td>\n<td width=\"564\">\n<p>1. + Bogus\u0142awa (f) Dworak gr.22<br \/>\n2. + Jan Szyd\u0142o \u2013 z int. Krystyny i Janusza Lewkowicz<\/p>\n<\/td>\n<\/tr>\n<tr>\n<td width=\"48\">\n<p>9.00<\/p>\n<\/td>\n<td width=\"564\">\n<p>Za Parafian<\/p>\n<\/td>\n<\/tr>\n<tr>\n<td width=\"48\">\n<p>10.30<\/p>\n<\/td>\n<td width=\"564\">\n<p>++ Magdalena Jachyra i jej mama \u2013 z int. kole\u017canek z pracy<\/p>\n<\/td>\n<\/tr>\n<tr>\n<td width=\"48\">\n<p>12.00<\/p>\n<\/td>\n<td width=\"564\">\n<p>1. Dzi\u0119kczynna w pierwsz\u0105 rocznic\u0119 Komunii \u015awi\u0119tej<br \/>\n2. ++ Aniela i Micha\u0142 Bednarz<\/p>\n<\/td>\n<\/tr>\n<tr>\n<td width=\"48\">\n<p>17.00<\/p>\n<\/td>\n<td width=\"564\">\n<p>O potrzebne \u0142aski, Bo\u017ce b\u0142ogos\u0142awie\u0144stwo dla Rodziny Jagody i Wiktora<\/p>\n<\/td>\n<\/tr>\n<\/tbody>\n<\/table>\n<p>&nbsp;<\/p>\n","protected":false},"excerpt":{"rendered":"<p>16.05.2022r. Poniedzia\u0142ek 7.00 1. O Bo\u017ce b\u0142ogos\u0142awie\u0144stwo i opiek\u0119 Matki Bo\u017cej dla Zofii i Stanis\u0142awa 2. + Bogus\u0142awa (f) Dworak gr.16 3. ++ Zofia, Klementyna, Teodor 18.00 1. + Celina Steczkowska w 4r. \u015bmierci 2. + Stanis\u0142awa (f) Trzyna w 10r. \u015bmierci 3. ++ Zofia i Marcin Pa\u0142ka 17.05.2022r. Wtorek 7.00 1. + Bogus\u0142awa (f) <a class=\"read-more\" href=\"https:\/\/parafiazalesie.org\/index.php\/2022\/05\/14\/intencje-mszalne-16-22-05-2022r\/\"><\/p>\n<p>Zobacz wi\u0119cej<\/a><\/p>\n","protected":false},"author":1,"featured_media":111,"comment_status":"closed","ping_status":"closed","sticky":false,"template":"","format":"standard","meta":{"ngg_post_thumbnail":0,"footnotes":""},"categories":[5],"tags":[],"class_list":["post-811","post","type-post","status-publish","format-standard","has-post-thumbnail","hentry","category-intencje"],"_links":{"self":[{"href":"https:\/\/parafiazalesie.org\/index.php\/wp-json\/wp\/v2\/posts\/811","targetHints":{"allow":["GET"]}}],"collection":[{"href":"https:\/\/parafiazalesie.org\/index.php\/wp-json\/wp\/v2\/posts"}],"about":[{"href":"https:\/\/parafiazalesie.org\/index.php\/wp-json\/wp\/v2\/types\/post"}],"author":[{"embeddable":true,"href":"https:\/\/parafiazalesie.org\/index.php\/wp-json\/wp\/v2\/users\/1"}],"replies":[{"embeddable":true,"href":"https:\/\/parafiazalesie.org\/index.php\/wp-json\/wp\/v2\/comments?post=811"}],"version-history":[{"count":0,"href":"https:\/\/parafiazalesie.org\/index.php\/wp-json\/wp\/v2\/posts\/811\/revisions"}],"wp:featuredmedia":[{"embeddable":true,"href":"https:\/\/parafiazalesie.org\/index.php\/wp-json\/wp\/v2\/media\/111"}],"wp:attachment":[{"href":"https:\/\/parafiazalesie.org\/index.php\/wp-json\/wp\/v2\/media?parent=811"}],"wp:term":[{"taxonomy":"category","embeddable":true,"href":"https:\/\/parafiazalesie.org\/index.php\/wp-json\/wp\/v2\/categories?post=811"},{"taxonomy":"post_tag","embeddable":true,"href":"https:\/\/parafiazalesie.org\/index.php\/wp-json\/wp\/v2\/tags?post=811"}],"curies":[{"name":"wp","href":"https:\/\/api.w.org\/{rel}","templated":true}]}}