{"id":804,"date":"2022-05-07T08:02:36","date_gmt":"2022-05-07T06:02:36","guid":{"rendered":"https:\/\/parafiazalesie.org\/?p=804"},"modified":"2022-05-05T08:05:00","modified_gmt":"2022-05-05T06:05:00","slug":"ogloszenia-iv-niedziela-wielkanocna-8-05-2022-r","status":"publish","type":"post","link":"https:\/\/parafiazalesie.org\/index.php\/2022\/05\/07\/ogloszenia-iv-niedziela-wielkanocna-8-05-2022-r\/","title":{"rendered":"OG\u0141OSZENIA IV Niedziela Wielkanocna 8.05.2022 r."},"content":{"rendered":"<ol>\n<li><strong>Dzi\u015b:<\/strong>\n<ul>\n<li>rozpoczynamy Tydzie\u0144 modlitw o powo\u0142ania kap\u0142a\u0144skie i zakonne,<\/li>\n<li>uroczysto\u015b\u0107 \u015bw. Stanis\u0142awa biskupa, m\u0119czennika, Patrona Polski.<\/li>\n<\/ul>\n<\/li>\n<li>Pr\u00f3by przed Uroczysto\u015bci\u0105 Pierwszej Komunii \u015awi\u0119tej:\n<ul>\n<li>o godz. 19:00 w poniedzia\u0142ek i wtorek,<\/li>\n<li>o godz. 16:00 w czwartek i pi\u0105tek.<\/li>\n<\/ul>\n<\/li>\n<li><strong>W \u015brod\u0119 <\/strong>11 maja:\n<ul>\n<li>po Mszy \u015bw. Nowenna do Matki Bo\u017cej Nieustaj\u0105cej Pomocy, Pani Zaleskiej,<\/li>\n<li>po Nowennie adoracja Naj\u015bwi\u0119tszego Sakramentu do godz. 20:00.<\/li>\n<\/ul>\n<\/li>\n<li><strong>W pi\u0105tek <\/strong>13 maja:\n<ul>\n<li>po Mszy \u015bw. adoracja Naj\u015bwi\u0119tszego Sakramentu prowadzona przez Wsp\u00f3lnot\u0119 Intronizacyjn\u0105 do godz. 20:00 (wyj\u0105tkowo ze wzgl\u0119du na pr\u00f3by).<\/li>\n<\/ul>\n<\/li>\n<li><strong>W sobot\u0119 <\/strong>14 maja:\n<ul>\n<li>\u015bwi\u0119to \u015bw. Macieja, aposto\u0142a,<\/li>\n<li>od 9:00 do 10:30 spowied\u017a dzieci i ich rodzin przed Pierwsz\u0105 Komuni\u0105 \u015awi\u0119t\u0105.<\/li>\n<\/ul>\n<\/li>\n<li><strong>W Niedziel\u0119<\/strong> 15 maja:\n<ul>\n<li>R\u00f3\u017caniec poprowadzi R\u00f3\u017ca \u015bw. Barbary,<\/li>\n<li>o godz. 12:00 <strong>Uroczysto\u015b\u0107 Pierwszej Komunii \u015awi\u0119tej.<\/strong> Bardzo prosimy tak rozplanowa\u0107 sw\u00f3j udzia\u0142 w Eucharystii, aby t\u0119 pozostawi\u0107 dzieciom pierwszokomunijnym i ich rodzinom.<\/li>\n<\/ul>\n<\/li>\n<li>Pod ch\u00f3rem nowa prasa katolicka.<\/li>\n<\/ol>\n<p><strong>SPOTKANIA:<\/strong><\/p>\n<ul>\n<li>Duszpasterstwo Akademickie \u201eGrota\u201d \u2013 poniedzia\u0142ek 19:00<\/li>\n<li>Ch\u00f3r \u201eCredo\u201d \u2013 wtorek 18:30<\/li>\n<li>Wsp\u00f3lnota Doros\u0142ych \u2013 wtorek po Mszy \u015bw.<\/li>\n<li>LSO \u2013 \u015broda po Mszy \u015bw.<\/li>\n<li>Akcja Katolicka \u2013 czwartek po Mszy \u015bw.<\/li>\n<li>Ruch \u015awiat\u0142o &#8211; \u017bycie \u2013 pi\u0105tek po Mszy \u015bw.<\/li>\n<\/ul>\n","protected":false},"excerpt":{"rendered":"<p>Dzi\u015b: rozpoczynamy Tydzie\u0144 modlitw o powo\u0142ania kap\u0142a\u0144skie i zakonne, uroczysto\u015b\u0107 \u015bw. Stanis\u0142awa biskupa, m\u0119czennika, Patrona Polski. Pr\u00f3by przed Uroczysto\u015bci\u0105 Pierwszej Komunii \u015awi\u0119tej: o godz. 19:00 w poniedzia\u0142ek i wtorek, o godz. 16:00 w czwartek i pi\u0105tek. W \u015brod\u0119 11 maja: po Mszy \u015bw. Nowenna do Matki Bo\u017cej Nieustaj\u0105cej Pomocy, Pani Zaleskiej, po Nowennie adoracja Naj\u015bwi\u0119tszego <a class=\"read-more\" href=\"https:\/\/parafiazalesie.org\/index.php\/2022\/05\/07\/ogloszenia-iv-niedziela-wielkanocna-8-05-2022-r\/\"><\/p>\n<p>Zobacz wi\u0119cej<\/a><\/p>\n","protected":false},"author":1,"featured_media":805,"comment_status":"closed","ping_status":"closed","sticky":false,"template":"","format":"standard","meta":{"ngg_post_thumbnail":0,"footnotes":""},"categories":[3],"tags":[],"class_list":["post-804","post","type-post","status-publish","format-standard","has-post-thumbnail","hentry","category-ogloszenia"],"_links":{"self":[{"href":"https:\/\/parafiazalesie.org\/index.php\/wp-json\/wp\/v2\/posts\/804","targetHints":{"allow":["GET"]}}],"collection":[{"href":"https:\/\/parafiazalesie.org\/index.php\/wp-json\/wp\/v2\/posts"}],"about":[{"href":"https:\/\/parafiazalesie.org\/index.php\/wp-json\/wp\/v2\/types\/post"}],"author":[{"embeddable":true,"href":"https:\/\/parafiazalesie.org\/index.php\/wp-json\/wp\/v2\/users\/1"}],"replies":[{"embeddable":true,"href":"https:\/\/parafiazalesie.org\/index.php\/wp-json\/wp\/v2\/comments?post=804"}],"version-history":[{"count":0,"href":"https:\/\/parafiazalesie.org\/index.php\/wp-json\/wp\/v2\/posts\/804\/revisions"}],"wp:featuredmedia":[{"embeddable":true,"href":"https:\/\/parafiazalesie.org\/index.php\/wp-json\/wp\/v2\/media\/805"}],"wp:attachment":[{"href":"https:\/\/parafiazalesie.org\/index.php\/wp-json\/wp\/v2\/media?parent=804"}],"wp:term":[{"taxonomy":"category","embeddable":true,"href":"https:\/\/parafiazalesie.org\/index.php\/wp-json\/wp\/v2\/categories?post=804"},{"taxonomy":"post_tag","embeddable":true,"href":"https:\/\/parafiazalesie.org\/index.php\/wp-json\/wp\/v2\/tags?post=804"}],"curies":[{"name":"wp","href":"https:\/\/api.w.org\/{rel}","templated":true}]}}