{"id":794,"date":"2022-04-30T10:10:10","date_gmt":"2022-04-30T08:10:10","guid":{"rendered":"https:\/\/parafiazalesie.org\/?p=794"},"modified":"2022-04-27T10:14:06","modified_gmt":"2022-04-27T08:14:06","slug":"ogloszenia-iii-niedziela-wielkanocna-01-05-2022-r","status":"publish","type":"post","link":"https:\/\/parafiazalesie.org\/index.php\/2022\/04\/30\/ogloszenia-iii-niedziela-wielkanocna-01-05-2022-r\/","title":{"rendered":"OG\u0141OSZENIA III Niedziela Wielkanocna (01.05.2022 r.)"},"content":{"rendered":"<ol>\n<li><strong>Dzi\u015b:<\/strong>\n<ul>\n<li>po Mszach \u015bw. zbi\u00f3rka do puszek na remont Klinicznego Oddzia\u0142u Opieki Paliatywno \u2013 Hospicyjnej w Rzeszowie,<\/li>\n<li>pierwszy dzie\u0144 maja, miesi\u0105ca po\u015bwi\u0119conego w naszej polskiej religijno\u015bci Maryi. Codziennie nabo\u017ce\u0144stwo majowe po Mszy \u015bw. wieczornej.<\/li>\n<\/ul>\n<\/li>\n<li><strong>W poniedzia\u0142ek<\/strong> 2 maja:\n<ul>\n<li>wspomnienie \u015bw. Atanazego, biskupa, doktora Ko\u015bcio\u0142a.<\/li>\n<\/ul>\n<\/li>\n<li><strong>We wtorek<\/strong> 3 maja:\n<ul>\n<li>Uroczysto\u015b\u0107 NMP Kr\u00f3lowej Polski \u2013 g\u0142\u00f3wnej Patronki Polski. Msze \u015bw. w naszej parafii jak w ka\u017cd\u0105 niedziel\u0119,<\/li>\n<li>wspomnienie \u015bw. Floriana, m\u0119czennika, patronalne \u015bwi\u0119to stra\u017cak\u00f3w. Polecamy Bogu nasz\u0105 Ochotnicz\u0105 Stra\u017c Po\u017carn\u0105 w Zalesiu.<\/li>\n<\/ul>\n<\/li>\n<li><strong>Dzieci przygotowuj\u0105ce si\u0119 do I Komunii \u015awi\u0119tej<\/strong> zapraszamy wraz z rodzicami 4 i 5 maja na pr\u00f3by w ko\u015bciele o godz.16:30. Obecno\u015b\u0107 wszystkich obowi\u0105zkowa.<\/li>\n<li><strong>W \u015brod\u0119<\/strong> 4 maja:\n<ul>\n<li>po Mszy \u015bw. Nowenna do Matki Bo\u017cej Nieustaj\u0105cej Pomocy, Pani Zaleskiej. Po Nabo\u017ce\u0144stwie majowym adoracja Naj\u015bwi\u0119tszego Sakramentu do godz. 20:00.<\/li>\n<\/ul>\n<\/li>\n<li>W ka\u017cdy czwartek przed Msz\u0105 \u015bw. wieczorn\u0105 nasze R\u00f3\u017ce R\u00f3\u017ca\u0144cowe prowadz\u0105 cz\u0119\u015b\u0107 r\u00f3\u017ca\u0144ca z pi\u0119knymi rozwa\u017caniami. Serdecznie zapraszamy do w\u0142\u0105czenia si\u0119 w modlitw\u0119.\u00a0<\/li>\n<li>W tym tygodniu wypada <strong>pierwszy: czwartek, pi\u0105tek i sobota miesi\u0105ca<\/strong>. Mo\u017cliwo\u015b\u0107 spowiedzi codziennie p\u00f3\u0142 godziny przed Msz\u0105 \u015bw., a w pierwszy pi\u0105tek od godz. 17:00.<\/li>\n<li><strong>W <\/strong><strong>pi\u0105tek<\/strong> 6 maja:\n<ul>\n<li>\u015bwi\u0119to \u015bw. Aposto\u0142\u00f3w Filipa i Jakuba,<\/li>\n<li>adoracja Naj\u015bwi\u0119tszego Sakramentu po nabo\u017ce\u0144stwie majowym do godz. 20:00.<\/li>\n<\/ul>\n<\/li>\n<li><strong>W sobot\u0119<\/strong> 7 maja:\n<ul>\n<li>po Mszy \u015bw. wynagradzaj\u0105cej Naj\u015bwi\u0119tszemu Sercu Maryi wyruszymy z procesj\u0105 r\u00f3\u017ca\u0144cow\u0105 ul. Zelwerowicza i ul. \u0106wikli\u0144skiej.<\/li>\n<\/ul>\n<\/li>\n<li><strong>W niedziel\u0119<\/strong> 8 maja:\n<ul>\n<li>niedziela Dobrego Pasterza. Rozpocznie si\u0119 Tydzie\u0144 Modlitw o powo\u0142ania kap\u0142a\u0144skie i zakonne,<\/li>\n<li>r\u00f3\u017caniec poprowadzi R\u00f3\u017ca R\u00f3\u017ca\u0144cowa \u015bw. Jana Paw\u0142a II,<\/li>\n<\/ul>\n<\/li>\n<li>Ch\u00f3r naszej parafii organizuje w dniach 20 \u2013 22.05.2022 r. wyjazd w G\u00f3ry \u015awi\u0119tokrzyskie. W programie mi\u0119dzy innymi zamek w Ch\u0119cinach, \u0141ysa G\u00f3ra, Klasztor \u015aw. Krzy\u017ca, Sanktuarium Matki Bo\u017cej w Ka\u0142kowie \u2013 Godowie. Cena 450 z\u0142. Jest jeszcze kilka wolnych miejsc. Zapisy w zakrystii. Program jest te\u017c wywieszony w gablocie i podany telefon kontaktowy. Serdecznie zapraszamy.<\/li>\n<\/ol>\n<p>Spotkania<\/p>\n<ul>\n<li><strong>Duszpasterstwa Akademickiego &#8222;Grota&#8221;<\/strong> &#8211; poniedzia\u0142ek 19:00<\/li>\n<li><strong>Wsp\u00f3lnota Doros\u0142ych<\/strong> \u2013 wtorek po Mszy \u015bw.<\/li>\n<li><strong>Ch\u00f3r \u201eCredo\u201d<\/strong> &#8211; wtorek 18:30<\/li>\n<li><strong>LSO <\/strong>&#8211; \u015broda po Mszy \u015bw.<\/li>\n<li><strong>Ruch \u015awiat\u0142o &#8211; \u017bycie <\/strong>\u2013 pi\u0105tek po Mszy \u015bw.<\/li>\n<\/ul>\n","protected":false},"excerpt":{"rendered":"<p>Dzi\u015b: po Mszach \u015bw. zbi\u00f3rka do puszek na remont Klinicznego Oddzia\u0142u Opieki Paliatywno \u2013 Hospicyjnej w Rzeszowie, pierwszy dzie\u0144 maja, miesi\u0105ca po\u015bwi\u0119conego w naszej polskiej religijno\u015bci Maryi. Codziennie nabo\u017ce\u0144stwo majowe po Mszy \u015bw. wieczornej. W poniedzia\u0142ek 2 maja: wspomnienie \u015bw. Atanazego, biskupa, doktora Ko\u015bcio\u0142a. We wtorek 3 maja: Uroczysto\u015b\u0107 NMP Kr\u00f3lowej Polski \u2013 g\u0142\u00f3wnej Patronki <a class=\"read-more\" href=\"https:\/\/parafiazalesie.org\/index.php\/2022\/04\/30\/ogloszenia-iii-niedziela-wielkanocna-01-05-2022-r\/\"><\/p>\n<p>Zobacz wi\u0119cej<\/a><\/p>\n","protected":false},"author":1,"featured_media":384,"comment_status":"closed","ping_status":"closed","sticky":false,"template":"","format":"standard","meta":{"ngg_post_thumbnail":0,"footnotes":""},"categories":[3],"tags":[],"class_list":["post-794","post","type-post","status-publish","format-standard","has-post-thumbnail","hentry","category-ogloszenia"],"_links":{"self":[{"href":"https:\/\/parafiazalesie.org\/index.php\/wp-json\/wp\/v2\/posts\/794","targetHints":{"allow":["GET"]}}],"collection":[{"href":"https:\/\/parafiazalesie.org\/index.php\/wp-json\/wp\/v2\/posts"}],"about":[{"href":"https:\/\/parafiazalesie.org\/index.php\/wp-json\/wp\/v2\/types\/post"}],"author":[{"embeddable":true,"href":"https:\/\/parafiazalesie.org\/index.php\/wp-json\/wp\/v2\/users\/1"}],"replies":[{"embeddable":true,"href":"https:\/\/parafiazalesie.org\/index.php\/wp-json\/wp\/v2\/comments?post=794"}],"version-history":[{"count":0,"href":"https:\/\/parafiazalesie.org\/index.php\/wp-json\/wp\/v2\/posts\/794\/revisions"}],"wp:featuredmedia":[{"embeddable":true,"href":"https:\/\/parafiazalesie.org\/index.php\/wp-json\/wp\/v2\/media\/384"}],"wp:attachment":[{"href":"https:\/\/parafiazalesie.org\/index.php\/wp-json\/wp\/v2\/media?parent=794"}],"wp:term":[{"taxonomy":"category","embeddable":true,"href":"https:\/\/parafiazalesie.org\/index.php\/wp-json\/wp\/v2\/categories?post=794"},{"taxonomy":"post_tag","embeddable":true,"href":"https:\/\/parafiazalesie.org\/index.php\/wp-json\/wp\/v2\/tags?post=794"}],"curies":[{"name":"wp","href":"https:\/\/api.w.org\/{rel}","templated":true}]}}