{"id":781,"date":"2022-04-23T07:32:08","date_gmt":"2022-04-23T05:32:08","guid":{"rendered":"https:\/\/parafiazalesie.org\/?p=781"},"modified":"2022-04-21T07:36:16","modified_gmt":"2022-04-21T05:36:16","slug":"ogloszenia-ii-niedziela-wielkanocna-milosierdzia-bozego-24-04-2022-r","status":"publish","type":"post","link":"https:\/\/parafiazalesie.org\/index.php\/2022\/04\/23\/ogloszenia-ii-niedziela-wielkanocna-milosierdzia-bozego-24-04-2022-r\/","title":{"rendered":"OG\u0141OSZENIA II Niedziela Wielkanocna (Mi\u0142osierdzia Bo\u017cego) 24.04.2022 r."},"content":{"rendered":"<ol>\n<li><strong>Dzi\u015b:<\/strong>\n<ul>\n<li>Niedziela Mi\u0142osierdzia Bo\u017cego, czas szczeg\u00f3lnej \u0142aski dla \u015bwiata. Z dzisiejszym \u015awi\u0119tem zwi\u0105zana jest \u0142aska szczeg\u00f3lna obiecana przez Pana Jezusa wszystkim, kt\u00f3rzy zwr\u00f3c\u0105 si\u0119 do Niego z ufno\u015bci\u0105: &#8222;Kt\u00f3ra dusza przyst\u0105pi do spowiedzi i Komunii \u015awi\u0119tej, dost\u0105pi zupe\u0142nego odpuszczenia win i kar&#8221;. Jest to \u0142aska por\u00f3wnywalna z \u0142ask\u0105 chrztu \u015bwi\u0119tego. Warunki uzyskania \u0142aski odpuszczenia win i kar:<br \/>\n&#8211; sakramentalna spowied\u017a (b\u0105d\u017a bycie w stanie \u0142aski u\u015bwi\u0119caj\u0105cej), Komunia \u015awi\u0119ta, modlitwa w intencjach Ojca \u015awi\u0119tego, ca\u0142kowita wolno\u015b\u0107 od przywi\u0105zania do jakiegokolwiek grzechu, wykonanie aktu religijnego (nale\u017cy odm\u00f3wi\u0107 koronk\u0119 do Mi\u0142osierdzia Bo\u017cego),<\/li>\n<li>o godz. 15:00 wsp\u00f3lna modlitwa w Godzin\u0119 Bo\u017cego Mi\u0142osierdzia. Serdecznie zapraszamy.<\/li>\n<\/ul>\n<\/li>\n<li><strong>W poniedzia\u0142ek <\/strong>25 kwietnia:\n<ul>\n<li>\u015bwi\u0119to \u015bw. Marka ewangelisty.<\/li>\n<\/ul>\n<\/li>\n<li><strong>We wtorek <\/strong>26 kwietnia:\n<ul>\n<li>uroczysto\u015b\u0107 \u015bw. Wojciecha, biskupa i m\u0119czennika, patrona Polski.<\/li>\n<\/ul>\n<\/li>\n<li><strong>W \u015brod\u0119 <\/strong>27 kwietnia:\n<ul>\n<li>po Mszy \u015bw. Nowenna do Matki Bo\u017cej Nieustaj\u0105cej Pomocy, Pani Zaleskiej,<\/li>\n<li>po Nowennie adoracja Naj\u015bwi\u0119tszego Sakramentu do godz. 20:00.<\/li>\n<\/ul>\n<\/li>\n<li><strong>W pi\u0105tek<\/strong> 29 kwietnia:\n<ul>\n<li>\u015bwi\u0119to \u015bw. Katarzyny ze Sieny, dziewicy i doktora Ko\u015bcio\u0142a, patronki Europy,<\/li>\n<li>od godz. 17:00 adoracja Naj\u015bwi\u0119tszego Sakramentu.<\/li>\n<\/ul>\n<\/li>\n<li><strong>W niedziel\u0119 <\/strong>1 maja:\n<ul>\n<li>po Prymarii zmiana tajemnic r\u00f3\u017ca\u0144cowych,<\/li>\n<li>R\u00f3\u017caniec poprowadzi R\u00f3\u017ca b\u0142. Kard. Stefana Wyszy\u0144skiego,<\/li>\n<li>rozpoczynamy nabo\u017ce\u0144stwa majowe. Podtrzymujmy pi\u0119kn\u0105 tradycj\u0119 tych nabo\u017ce\u0144stw. Starszych prosimy o zaszczepianie w m\u0142odszym pokoleniu mi\u0142o\u015bci do Maryi, naszej Matki. Zach\u0119camy do przychodzenia do ko\u015bcio\u0142a r\u00f3wnie\u017c z najm\u0142odszymi. Nabo\u017ce\u0144stwa majowe b\u0119d\u0105 odprawiane po Mszy \u015bw. wieczornej. Udekorujmy kapliczki b\u0119d\u0105ce w pobli\u017cu naszych dom\u00f3w. Mo\u017ce uda si\u0119 zgromadzi\u0107 przy nich ze \u015bpiewem na ustach rodzin\u0119, s\u0105siad\u00f3w jak to czyni\u0142y pokolenia przed nami.<\/li>\n<\/ul>\n<\/li>\n<li>Ch\u00f3r naszej parafii organizuje w dniach 20 \u2013 22.05.2022 r. wyjazd w G\u00f3ry \u015awi\u0119tokrzyskie. W programie mi\u0119dzy innymi zamek w Ch\u0119cinach, \u0141ysa G\u00f3ra, Klasztor \u015aw. Krzy\u017ca, Sanktuarium Matki Bo\u017cej w Ka\u0142kowie \u2013 Godowie. Cena 450 z\u0142. Jest jeszcze kilka wolnych miejsc. Zapisy i dok\u0142adny program w zakrystii. Serdecznie zapraszamy.<\/li>\n<\/ol>\n<p><strong>\u00a0<\/strong><\/p>\n<p><strong>SPOTKANIA:<\/strong><\/p>\n<ul>\n<li>Duszpasterstwo Akademickie \u201eGrota\u201d \u2013 poniedzia\u0142ek 19:00<\/li>\n<li>Ch\u00f3r \u201eCredo\u201d \u2013 wtorek 18:30<\/li>\n<li>Wsp\u00f3lnota Doros\u0142ych \u2013 wtorek po Mszy \u015bw.<\/li>\n<li>LSO \u2013 \u015broda po Mszy \u015bw.<\/li>\n<li>Ruch \u015awiat\u0142o &#8211; \u017bycie \u2013 pi\u0105tek po Mszy \u015bw.<\/li>\n<\/ul>\n","protected":false},"excerpt":{"rendered":"<p>Dzi\u015b: Niedziela Mi\u0142osierdzia Bo\u017cego, czas szczeg\u00f3lnej \u0142aski dla \u015bwiata. Z dzisiejszym \u015awi\u0119tem zwi\u0105zana jest \u0142aska szczeg\u00f3lna obiecana przez Pana Jezusa wszystkim, kt\u00f3rzy zwr\u00f3c\u0105 si\u0119 do Niego z ufno\u015bci\u0105: &#8222;Kt\u00f3ra dusza przyst\u0105pi do spowiedzi i Komunii \u015awi\u0119tej, dost\u0105pi zupe\u0142nego odpuszczenia win i kar&#8221;. Jest to \u0142aska por\u00f3wnywalna z \u0142ask\u0105 chrztu \u015bwi\u0119tego. Warunki uzyskania \u0142aski odpuszczenia win <a class=\"read-more\" href=\"https:\/\/parafiazalesie.org\/index.php\/2022\/04\/23\/ogloszenia-ii-niedziela-wielkanocna-milosierdzia-bozego-24-04-2022-r\/\"><\/p>\n<p>Zobacz wi\u0119cej<\/a><\/p>\n","protected":false},"author":1,"featured_media":782,"comment_status":"closed","ping_status":"closed","sticky":false,"template":"","format":"standard","meta":{"ngg_post_thumbnail":0,"footnotes":""},"categories":[3],"tags":[],"class_list":["post-781","post","type-post","status-publish","format-standard","has-post-thumbnail","hentry","category-ogloszenia"],"_links":{"self":[{"href":"https:\/\/parafiazalesie.org\/index.php\/wp-json\/wp\/v2\/posts\/781","targetHints":{"allow":["GET"]}}],"collection":[{"href":"https:\/\/parafiazalesie.org\/index.php\/wp-json\/wp\/v2\/posts"}],"about":[{"href":"https:\/\/parafiazalesie.org\/index.php\/wp-json\/wp\/v2\/types\/post"}],"author":[{"embeddable":true,"href":"https:\/\/parafiazalesie.org\/index.php\/wp-json\/wp\/v2\/users\/1"}],"replies":[{"embeddable":true,"href":"https:\/\/parafiazalesie.org\/index.php\/wp-json\/wp\/v2\/comments?post=781"}],"version-history":[{"count":0,"href":"https:\/\/parafiazalesie.org\/index.php\/wp-json\/wp\/v2\/posts\/781\/revisions"}],"wp:featuredmedia":[{"embeddable":true,"href":"https:\/\/parafiazalesie.org\/index.php\/wp-json\/wp\/v2\/media\/782"}],"wp:attachment":[{"href":"https:\/\/parafiazalesie.org\/index.php\/wp-json\/wp\/v2\/media?parent=781"}],"wp:term":[{"taxonomy":"category","embeddable":true,"href":"https:\/\/parafiazalesie.org\/index.php\/wp-json\/wp\/v2\/categories?post=781"},{"taxonomy":"post_tag","embeddable":true,"href":"https:\/\/parafiazalesie.org\/index.php\/wp-json\/wp\/v2\/tags?post=781"}],"curies":[{"name":"wp","href":"https:\/\/api.w.org\/{rel}","templated":true}]}}