{"id":774,"date":"2022-04-16T14:10:21","date_gmt":"2022-04-16T12:10:21","guid":{"rendered":"https:\/\/parafiazalesie.org\/?p=774"},"modified":"2022-04-12T14:12:49","modified_gmt":"2022-04-12T12:12:49","slug":"intencje-mszalne-18-24-04-2022-r","status":"publish","type":"post","link":"https:\/\/parafiazalesie.org\/index.php\/2022\/04\/16\/intencje-mszalne-18-24-04-2022-r\/","title":{"rendered":"INTENCJE MSZALNE 18 \u2013 24.04.2022 r."},"content":{"rendered":"<table width=\"727\">\n<tbody>\n<tr>\n<td rowspan=\"4\" width=\"115\">\n<p>18.04.2022r.<\/p>\n<p>Poniedzia\u0142ek<\/p>\n<\/td>\n<td width=\"48\">\n<p>7.00<\/p>\n<\/td>\n<td width=\"564\">\n<p>1. Dzi\u0119kczynna w 87r. urodzin Joanny Bober z pro\u015bb\u0105 o b\u0142ogos\u0142awie\u0144stwo Bo\u017ce i potrzebne \u0142aski<br \/>\n2. + Gabriela D\u0105browska \u2013 z int. Ewy i Jerzego Winiarz z Rodzin\u0105<\/p>\n<\/td>\n<\/tr>\n<tr>\n<td width=\"48\">\n<p>9.00<\/p>\n<\/td>\n<td width=\"564\">\n<p>+ Rozalia S\u0119p w 2r. \u015bmierci<\/p>\n<\/td>\n<\/tr>\n<tr>\n<td width=\"48\">\n<p>10.30<\/p>\n<\/td>\n<td width=\"564\">\n<p>1. O \u0142ask\u0119 udanej operacji dla Marii<br \/>\n2. + W\u0142adys\u0142aw Bilut gr.9<\/p>\n<\/td>\n<\/tr>\n<tr>\n<td width=\"48\">\n<p>12.00<\/p>\n<\/td>\n<td width=\"564\">\n<p>+ W\u0142adys\u0142aw Proszak gr.17<\/p>\n<\/td>\n<\/tr>\n<tr>\n<td rowspan=\"2\" width=\"115\">\n<p>19.04.2022r.<\/p>\n<p>Wtorek<\/p>\n<\/td>\n<td width=\"48\">\n<p>7.00<\/p>\n<\/td>\n<td width=\"564\">\n<p>1. + W\u0142adys\u0142aw Proszak gr.18<br \/>\n2. + Renata Makuch \u2013 z int. przyjaci\u00f3\u0142 OSP Zalesie<br \/>\n3. + Joanna Matwij w r. \u015bmierci<\/p>\n<\/td>\n<\/tr>\n<tr>\n<td width=\"48\">\n<p>18.00<\/p>\n<\/td>\n<td width=\"564\">\n<p>1. + W\u0142adys\u0142aw Bilut gr.10<br \/>\n2. + Gabriela D\u0105browska \u2013 z int. Basi i Ani kole\u017canek ze szko\u0142y<br \/>\n3. + Marek Zin \u2013 z int. Zarz\u0105du Zak\u0142ad\u00f3w Mi\u0119snych \u201eSmak G\u00f3rno\u201d<\/p>\n<\/td>\n<\/tr>\n<tr>\n<td rowspan=\"2\" width=\"115\">\n<p>20.04.2022r.<\/p>\n<p>\u015aroda<\/p>\n<\/td>\n<td width=\"48\">\n<p>7.00<\/p>\n<\/td>\n<td width=\"564\">\n<p>1. + W\u0142adys\u0142aw Proszak gr.19<br \/>\n<span style=\"font-size: 15px;\">2. + Renata Makuch \u2013 z int. Kamili i Roberta Warcho\u0142<br \/>\n<\/span>3. + Marek Zin \u2013 z int. pracownik\u00f3w Instytutu Technologii \u017bywno\u015bci i \u017bywienia UR<\/p>\n<\/td>\n<\/tr>\n<tr>\n<td width=\"48\">\n<p>18.00<\/p>\n<\/td>\n<td width=\"564\">\n<p>1. + W\u0142adys\u0142aw Bilut gr.11<br \/>\n2. ++ Jan, Stefania, Marian \u0141uka<br \/>\n3. + Bronis\u0142aw Paluch<\/p>\n<\/td>\n<\/tr>\n<tr>\n<td rowspan=\"2\" width=\"115\">\n<p>21.04.2022r.<\/p>\n<p>Czwartek<\/p>\n<\/td>\n<td width=\"48\">\n<p>7.00<\/p>\n<\/td>\n<td width=\"564\">\n<p>1. + W\u0142adys\u0142aw Proszak gr.20<br \/>\n2. + Renata Makuch \u2013 z int. Marii i Janusza Nurek<br \/>\n3. + Anastazja Korczy\u0144ska<\/p>\n<\/td>\n<\/tr>\n<tr>\n<td width=\"48\">\n<p>18.00<\/p>\n<\/td>\n<td width=\"564\">\n<p>1. + W\u0142adys\u0142aw Bilut gr.12<br \/>\n2. + Zofia Brydak \u2013 z int. syna z Rodzin\u0105<br \/>\n3. + Marek Zin \u2013 z int. pracownik\u00f3w Instytutu Technologii \u017bywno\u015bci i \u017bywienia UR<\/p>\n<\/td>\n<\/tr>\n<tr>\n<td rowspan=\"2\" width=\"115\">\n<p>22.04.2022r.<\/p>\n<p>Pi\u0105tek<\/p>\n<\/td>\n<td width=\"48\">\n<p>7.00<\/p>\n<\/td>\n<td width=\"564\">\n<p>1. + W\u0142adys\u0142aw Proszak gr.21<br \/>\n2. ++ Czes\u0142awa i W\u0142adys\u0142aw Stec<br \/>\n3. + Renata Makuch \u2013 z int. Krystyny i Kazimierza Ciep\u0142y z Rodzin\u0105<\/p>\n<\/td>\n<\/tr>\n<tr>\n<td width=\"48\">\n<p>18.00<\/p>\n<\/td>\n<td width=\"564\">\n<p>1. + W\u0142adys\u0142aw Bilut gr.13<br \/>\n2. + Marian Pa\u0144czak<br \/>\n3. + Marek Zin \u2013 z int. koleg\u00f3w syna Bart\u0142omieja z 8 Bazy Lotnictwa Transportowego Krak\u00f3w \u2013 Balice<\/p>\n<\/td>\n<\/tr>\n<tr>\n<td rowspan=\"2\" width=\"115\">\n<p>23.04.2022r.<\/p>\n<p>Sobota<\/p>\n<\/td>\n<td width=\"48\">\n<p>7.00<\/p>\n<\/td>\n<td width=\"564\">\n<p>1. + W\u0142adys\u0142aw Proszak gr.22<br \/>\n2. + Renata Makuch \u2013 z int. Anny i Adama Lampart<br \/>\n3. + Roman Ha\u0142dy\u015b \u2013 z int. rodzic\u00f3w i za + synow\u0105 Ma\u0142gorzat\u0119<\/p>\n<\/td>\n<\/tr>\n<tr>\n<td width=\"48\">\n<p>18.00<\/p>\n<\/td>\n<td width=\"564\">\n<p>1. + W\u0142adys\u0142aw Bilut gr.14<br \/>\n2. ++ Rozalia i Tadeusz w r. \u015bmierci<\/p>\n<\/td>\n<\/tr>\n<tr>\n<td rowspan=\"5\" width=\"115\">\n<p>24.04.2022r.<\/p>\n<p>Niedziela<\/p>\n<\/td>\n<td width=\"48\">\n<p>7.00<\/p>\n<\/td>\n<td width=\"564\">\n<p>1. Za Parafian<br \/>\n2. + Renata Makuch \u2013 z int. Bogusi Toczek z Rodzin\u0105<\/p>\n<\/td>\n<\/tr>\n<tr>\n<td width=\"48\">\n<p>9.00<\/p>\n<\/td>\n<td width=\"564\">\n<p>O Mi\u0142osierdzie Bo\u017ce w \u017cyciu i w godzinie \u015bmierci dla Stanis\u0142awa i Stanis\u0142awy<\/p>\n<\/td>\n<\/tr>\n<tr>\n<td width=\"48\">\n<p>10.30<\/p>\n<\/td>\n<td width=\"564\">\n<p>+ Stefania Mita\u0142 w 18r. \u015bmierci<\/p>\n<\/td>\n<\/tr>\n<tr>\n<td width=\"48\">\n<p>12.00<\/p>\n<\/td>\n<td width=\"564\">\n<p>+ W\u0142adys\u0142aw Bilut gr.15<\/p>\n<\/td>\n<\/tr>\n<tr>\n<td width=\"48\">\n<p>17.00<\/p>\n<\/td>\n<td width=\"564\">\n<p>+ W\u0142adys\u0142aw Proszak gr.23<\/p>\n<\/td>\n<\/tr>\n<\/tbody>\n<\/table>\n<p>&nbsp;<\/p>\n","protected":false},"excerpt":{"rendered":"<p>18.04.2022r. Poniedzia\u0142ek 7.00 1. Dzi\u0119kczynna w 87r. urodzin Joanny Bober z pro\u015bb\u0105 o b\u0142ogos\u0142awie\u0144stwo Bo\u017ce i potrzebne \u0142aski 2. + Gabriela D\u0105browska \u2013 z int. Ewy i Jerzego Winiarz z Rodzin\u0105 9.00 + Rozalia S\u0119p w 2r. \u015bmierci 10.30 1. O \u0142ask\u0119 udanej operacji dla Marii 2. + W\u0142adys\u0142aw Bilut gr.9 12.00 + W\u0142adys\u0142aw Proszak <a class=\"read-more\" href=\"https:\/\/parafiazalesie.org\/index.php\/2022\/04\/16\/intencje-mszalne-18-24-04-2022-r\/\"><\/p>\n<p>Zobacz wi\u0119cej<\/a><\/p>\n","protected":false},"author":1,"featured_media":111,"comment_status":"closed","ping_status":"closed","sticky":false,"template":"","format":"standard","meta":{"ngg_post_thumbnail":0,"footnotes":""},"categories":[5],"tags":[],"class_list":["post-774","post","type-post","status-publish","format-standard","has-post-thumbnail","hentry","category-intencje"],"_links":{"self":[{"href":"https:\/\/parafiazalesie.org\/index.php\/wp-json\/wp\/v2\/posts\/774","targetHints":{"allow":["GET"]}}],"collection":[{"href":"https:\/\/parafiazalesie.org\/index.php\/wp-json\/wp\/v2\/posts"}],"about":[{"href":"https:\/\/parafiazalesie.org\/index.php\/wp-json\/wp\/v2\/types\/post"}],"author":[{"embeddable":true,"href":"https:\/\/parafiazalesie.org\/index.php\/wp-json\/wp\/v2\/users\/1"}],"replies":[{"embeddable":true,"href":"https:\/\/parafiazalesie.org\/index.php\/wp-json\/wp\/v2\/comments?post=774"}],"version-history":[{"count":0,"href":"https:\/\/parafiazalesie.org\/index.php\/wp-json\/wp\/v2\/posts\/774\/revisions"}],"wp:featuredmedia":[{"embeddable":true,"href":"https:\/\/parafiazalesie.org\/index.php\/wp-json\/wp\/v2\/media\/111"}],"wp:attachment":[{"href":"https:\/\/parafiazalesie.org\/index.php\/wp-json\/wp\/v2\/media?parent=774"}],"wp:term":[{"taxonomy":"category","embeddable":true,"href":"https:\/\/parafiazalesie.org\/index.php\/wp-json\/wp\/v2\/categories?post=774"},{"taxonomy":"post_tag","embeddable":true,"href":"https:\/\/parafiazalesie.org\/index.php\/wp-json\/wp\/v2\/tags?post=774"}],"curies":[{"name":"wp","href":"https:\/\/api.w.org\/{rel}","templated":true}]}}