{"id":741,"date":"2022-03-26T11:29:50","date_gmt":"2022-03-26T10:29:50","guid":{"rendered":"https:\/\/parafiazalesie.org\/?p=741"},"modified":"2022-03-27T09:30:02","modified_gmt":"2022-03-27T07:30:02","slug":"ogloszenia-iv-niedziela-wielkiego-postu-27-03-2022-r","status":"publish","type":"post","link":"https:\/\/parafiazalesie.org\/index.php\/2022\/03\/26\/ogloszenia-iv-niedziela-wielkiego-postu-27-03-2022-r\/","title":{"rendered":"OG\u0141OSZENIA IV Niedziela Wielkiego Postu 27.03.2022 r."},"content":{"rendered":"<ol>\n<li><strong>Dzi\u015b:<\/strong>\n<ul>\n<li>Niedziela \u201eLaetare\u201d &#8211; wzywaj\u0105ca do rado\u015bci,<\/li>\n<li>o godz. 16:00 Gorzkie \u017bale z kazaniem pasyjnym,<\/li>\n<li>o godz. 17:00 Msza \u015bw.<\/li>\n<\/ul>\n<\/li>\n<li><strong>W poniedzia\u0142ek <\/strong>28 marca:\n<ul>\n<li>od godz. 16:30 do godz. 18:00 spowied\u017a dla kandydat\u00f3w do bierzmowania, \u015bwiadk\u00f3w i cz\u0142onk\u00f3w rodzin.<\/li>\n<\/ul>\n<\/li>\n<li><strong>We wtorek <\/strong>29 marca:\n<ul>\n<li>o godz. 17:00 pr\u00f3ba generalna przed sakramentem bierzmowania. Obecno\u015b\u0107 obowi\u0105zkowa.<\/li>\n<\/ul>\n<\/li>\n<li><strong>W \u015brod\u0119 <\/strong>30 marca:\n<ul>\n<li>o godz. 18:00 Msza \u015bw. pod przewodnictwem Ks. Biskupa Jana W\u0105troby, w czasie kt\u00f3rej 86 kandydat\u00f3w przyjmie z r\u0105k Biskupa <strong>sakrament bierzmowania<\/strong>. Zach\u0119camy najbli\u017csz\u0105 rodzin\u0119 bierzmowanej m\u0142odzie\u017cy, aby w tym dniu przyst\u0105pi\u0107 do Komunii \u015awi\u0119tej w intencji swoich dzieci, rodze\u0144stwa,<\/li>\n<li>po Mszy \u015bw. Nowenna do Matki Bo\u017cej Nieustaj\u0105cej Pomocy, Pani Zaleskiej,<\/li>\n<li>po Nowennie adoracja Naj\u015bwi\u0119tszego Sakramentu do godz. 20:00,<\/li>\n<li>o godz. 20:00 Droga Krzy\u017cowa dla student\u00f3w, nauczycieli akademickich i wszystkich ch\u0119tnych.<\/li>\n<\/ul>\n<\/li>\n<li>W tym tygodniu wypada <strong>pierwszy pi\u0105tek i pierwsza sobota miesi\u0105ca<\/strong>. Zach\u0119camy do uczczenia Naj\u015bwi\u0119tszego Serca Jezusowego i Niepokalanego Serca Maryi przez podj\u0119cie wynagrodzenia za grzechy, kt\u00f3rymi s\u0105 obra\u017cane przez tocz\u0105c\u0105 si\u0119 wojn\u0119 cho\u0107by na Ukrainie, przeproszenie za terror, gdzie tyle cierpienia, ginie tylu ludzi.<\/li>\n<li>Spowied\u017a codziennie przed Msz\u0105 \u015bw. porann\u0105 i wieczorn\u0105 a w pi\u0105tek od godz. 17:00.<\/li>\n<li><strong>W pi\u0105tek<\/strong> 1 kwietnia:\n<ul>\n<li>o godz. 16:30 Droga Krzy\u017cowa dla dzieci,<\/li>\n<li>po nabo\u017ce\u0144stwie pierwszego pi\u0105tku Droga Krzy\u017cowa dla wszystkich, a po niej Adoracja Naj\u015bwi\u0119tszego Sakramentu do godz. 20:00.<\/li>\n<\/ul>\n<\/li>\n<li><strong>W niedziel\u0119<\/strong> 3 kwietnia:\n<ul>\n<li>rozpoczniemy wielkopostne rekolekcje dla naszej parafii. Bardzo zach\u0119camy do wzi\u0119cia licznego udzia\u0142u w tych \u0107wiczeniach duchowych. Przez dwa lata z powodu trwaj\u0105cej pandemii takie rekolekcje si\u0119 nie odby\u0142y. Potrzeba nam wszystkim solidnego duchowego remanentu, refleksji nad g\u0142oszonym S\u0142owem Bo\u017cym, aby oceni\u0107 w jakim stanie jest nasze \u017cycie gdyby przysz\u0142o nam stan\u0105\u0107 przed Bogiem na s\u0105d. We\u017amy sobie do serca to zaproszenie, tym bardziej gdy sytuacja za wschodni\u0105 nasz\u0105 granic\u0105 jest niespokojna i nikt dzi\u015b nie potrafi powiedzie\u0107, w jakim kierunku zmierza. Rekolekcje wyg\u0142osi O. Dominikan Roman Bakalarz z Borku Starego. W\u0142\u0105czmy si\u0119 w modlitw\u0119 o liczny udzia\u0142 i owocne prze\u017cycie rekolekcji.<\/li>\n<li>po Prymarii zmiana tajemnic r\u00f3\u017ca\u0144cowych,<\/li>\n<li>R\u00f3\u017caniec poprowadzi R\u00f3\u017ca \u015bw. Jadwigi \u015al\u0105skiej,<\/li>\n<li>o godz. 12:00 Msza \u015bw. z udzia\u0142em dzieci.<\/li>\n<\/ul>\n<\/li>\n<li>Odwiedziny chorych z sakramentami b\u0119d\u0105 bli\u017cej \u015bwi\u0105t. Termin zostanie og\u0142oszony.<\/li>\n<li>Pod ch\u00f3rem mo\u017cemy sk\u0142ada\u0107 w koszu dary &#8211; produkty \u017cywno\u015bciowe, chemiczne. W ramach pomocy dla potrzebuj\u0105cych organizowanej przez Caritas naszej parafii, w tym roku taka pomoc zostanie r\u00f3wnie\u017c skierowana do Ukrai\u0144c\u00f3w, kt\u00f3rzy znale\u017ali si\u0119 na terenie naszej parafii. Parafian, kt\u00f3rzy wiedz\u0105, gdzie przebywaj\u0105 osoby z Ukrainy, prosimy o kontakt w zakrystii lub z Paniami z Caritasu.<\/li>\n<li>M\u00f3dlmy si\u0119 w naszych rodzinach o zako\u0144czenie dzia\u0142a\u0144 wojennych w Ukrainie i pok\u00f3j.<\/li>\n<\/ol>\n<p><strong>SPOTKANIA:<\/strong><\/p>\n<ul>\n<li>Duszpasterstwo Akademickie \u201eGrota\u201d \u2013 poniedzia\u0142ek 19:00<\/li>\n<li>Ch\u00f3r \u201eCredo\u201d \u2013 wtorek 18:30<\/li>\n<li>Wsp\u00f3lnota Doros\u0142ych \u2013 wtorek po Mszy \u015bw.<\/li>\n<li>Zesp\u00f3\u0142 \u201eLa Strada\u201d \u2013 czwartek 19:00<\/li>\n<li>Ruch \u015awiat\u0142o &#8211; \u017bycie \u2013 pi\u0105tek po Mszy \u015bw.<\/li>\n<\/ul>\n<p><strong>\u00a0<\/strong><\/p>\n<p style=\"text-align: center;\"><strong>Wielkopostne Rekolekcje Parafii <\/strong><strong>Wniebowzi\u0119cia Naj\u015bwi\u0119tszej Maryi Panny\u00a0<\/strong><strong>Rzesz\u00f3w &#8211; Zalesie<\/strong><\/p>\n<p style=\"text-align: center;\">03.04 \u2013 06.04.2022 r.<\/p>\n<p><strong>Niedziela<\/strong> (3 kwietnia)<\/p>\n<p>godz. 7:00; 9:00; 10:30 \u00a0Msze \u015bw. z nauk\u0105 dla wszystkich<\/p>\n<p>godz. 12:00\u00a0\u00a0\u00a0\u00a0\u00a0 \u00a0\u00a0\u00a0\u00a0\u00a0\u00a0\u00a0\u00a0\u00a0\u00a0\u00a0\u00a0\u00a0\u00a0Msza \u015bw. po niej nauka stanowa dla ma\u0142\u017conk\u00f3w i rodzic\u00f3w<\/p>\n<p>godz. 16:00\u00a0\u00a0\u00a0\u00a0\u00a0\u00a0 \u00a0\u00a0\u00a0\u00a0\u00a0\u00a0\u00a0\u00a0\u00a0\u00a0\u00a0\u00a0\u00a0Gorzkie \u017bale z kazaniem pasyjnym<\/p>\n<p>godz. 17:00\u00a0\u00a0\u00a0\u00a0\u00a0\u00a0\u00a0 \u00a0\u00a0\u00a0\u00a0\u00a0\u00a0\u00a0\u00a0\u00a0\u00a0\u00a0\u00a0Msza \u015bw. z nauk\u0105 dla wszystkich<\/p>\n<p><strong>Poniedzia\u0142ek <\/strong>(4 kwietnia)<\/p>\n<p>godz. 9:00\u00a0\u00a0\u00a0\u00a0\u00a0\u00a0\u00a0\u00a0\u00a0\u00a0 \u00a0\u00a0\u00a0\u00a0\u00a0\u00a0\u00a0\u00a0\u00a0\u00a0\u00a0\u00a0Msza \u015bw. z nauk\u0105 dla wszystkich<\/p>\n<p>godz. 11:00\u00a0\u00a0\u00a0\u00a0\u00a0\u00a0\u00a0\u00a0 \u00a0\u00a0\u00a0\u00a0\u00a0\u00a0\u00a0\u00a0\u00a0\u00a0\u00a0\u00a0Msza \u015bw. z nauk\u0105 dla senior\u00f3w<\/p>\n<p>godz. 18:00\u00a0\u00a0\u00a0\u00a0\u00a0\u00a0\u00a0\u00a0 \u00a0\u00a0\u00a0\u00a0\u00a0\u00a0\u00a0\u00a0\u00a0\u00a0\u00a0\u00a0Msza \u015bw. z nauk\u0105 dla wszystkich<\/p>\n<p>Nauka stanowa dla ma\u0142\u017conk\u00f3w i rodzic\u00f3w<\/p>\n<p><strong>Wtorek<\/strong> (5 kwietnia)<\/p>\n<p>godz. 9:00\u00a0\u00a0\u00a0\u00a0\u00a0\u00a0\u00a0\u00a0\u00a0\u00a0\u00a0 \u00a0\u00a0\u00a0\u00a0\u00a0\u00a0\u00a0\u00a0\u00a0\u00a0\u00a0Msza \u015bw. z nauk\u0105 dla wszystkich<\/p>\n<p>godz. 18:00\u00a0\u00a0\u00a0 \u00a0\u00a0\u00a0\u00a0\u00a0\u00a0\u00a0\u00a0\u00a0\u00a0\u00a0\u00a0\u00a0\u00a0\u00a0\u00a0\u00a0Msza \u015bw. z nauk\u0105 dla wszystkich<\/p>\n<p>\u00a0\u00a0\u00a0\u00a0\u00a0\u00a0\u00a0\u00a0\u00a0\u00a0\u00a0\u00a0\u00a0\u00a0\u00a0\u00a0\u00a0\u00a0\u00a0\u00a0\u00a0\u00a0\u00a0\u00a0\u00a0\u00a0\u00a0\u00a0\u00a0\u00a0\u00a0\u00a0\u00a0\u00a0\u00a0\u00a0\u00a0\u00a0\u00a0\u00a0\u00a0\u00a0\u00a0\u00a0\u00a0\u00a0 \u00a0Droga Krzy\u017cowa dla wszystkich<\/p>\n<p><strong>\u015aroda<\/strong> (6 kwietnia)<\/p>\n<p>godz. 9:00 \u00a0\u00a0\u00a0\u00a0\u00a0\u00a0\u00a0\u00a0\u00a0\u00a0\u00a0\u00a0\u00a0\u00a0\u00a0\u00a0\u00a0\u00a0\u00a0\u00a0\u00a0\u00a0Msza \u015bw. z nauk\u0105 dla wszystkich<\/p>\n<p>godz. 18:00\u00a0\u00a0\u00a0\u00a0\u00a0\u00a0\u00a0\u00a0 \u00a0\u00a0\u00a0\u00a0\u00a0\u00a0\u00a0\u00a0\u00a0\u00a0\u00a0\u00a0Msza \u015bw. z nauk\u0105 dla wszystkich, zako\u0144czenie rekolekcji<\/p>\n<p>godz. 20:00\u00a0\u00a0\u00a0\u00a0\u00a0\u00a0\u00a0\u00a0 \u00a0\u00a0\u00a0\u00a0\u00a0\u00a0\u00a0\u00a0\u00a0\u00a0\u00a0\u00a0Nauka dla m\u0142odzie\u017cy i student\u00f3w. Droga Krzy\u017cowa<\/p>\n<p>&nbsp;<\/p>\n<p>&nbsp;<\/p>\n","protected":false},"excerpt":{"rendered":"<p>Dzi\u015b: Niedziela \u201eLaetare\u201d &#8211; wzywaj\u0105ca do rado\u015bci, o godz. 16:00 Gorzkie \u017bale z kazaniem pasyjnym, o godz. 17:00 Msza \u015bw. W poniedzia\u0142ek 28 marca: od godz. 16:30 do godz. 18:00 spowied\u017a dla kandydat\u00f3w do bierzmowania, \u015bwiadk\u00f3w i cz\u0142onk\u00f3w rodzin. We wtorek 29 marca: o godz. 17:00 pr\u00f3ba generalna przed sakramentem bierzmowania. Obecno\u015b\u0107 obowi\u0105zkowa. W \u015brod\u0119 <a class=\"read-more\" href=\"https:\/\/parafiazalesie.org\/index.php\/2022\/03\/26\/ogloszenia-iv-niedziela-wielkiego-postu-27-03-2022-r\/\"><\/p>\n<p>Zobacz wi\u0119cej<\/a><\/p>\n","protected":false},"author":1,"featured_media":742,"comment_status":"closed","ping_status":"closed","sticky":false,"template":"","format":"standard","meta":{"ngg_post_thumbnail":0,"footnotes":""},"categories":[3],"tags":[],"class_list":["post-741","post","type-post","status-publish","format-standard","has-post-thumbnail","hentry","category-ogloszenia"],"_links":{"self":[{"href":"https:\/\/parafiazalesie.org\/index.php\/wp-json\/wp\/v2\/posts\/741","targetHints":{"allow":["GET"]}}],"collection":[{"href":"https:\/\/parafiazalesie.org\/index.php\/wp-json\/wp\/v2\/posts"}],"about":[{"href":"https:\/\/parafiazalesie.org\/index.php\/wp-json\/wp\/v2\/types\/post"}],"author":[{"embeddable":true,"href":"https:\/\/parafiazalesie.org\/index.php\/wp-json\/wp\/v2\/users\/1"}],"replies":[{"embeddable":true,"href":"https:\/\/parafiazalesie.org\/index.php\/wp-json\/wp\/v2\/comments?post=741"}],"version-history":[{"count":0,"href":"https:\/\/parafiazalesie.org\/index.php\/wp-json\/wp\/v2\/posts\/741\/revisions"}],"wp:featuredmedia":[{"embeddable":true,"href":"https:\/\/parafiazalesie.org\/index.php\/wp-json\/wp\/v2\/media\/742"}],"wp:attachment":[{"href":"https:\/\/parafiazalesie.org\/index.php\/wp-json\/wp\/v2\/media?parent=741"}],"wp:term":[{"taxonomy":"category","embeddable":true,"href":"https:\/\/parafiazalesie.org\/index.php\/wp-json\/wp\/v2\/categories?post=741"},{"taxonomy":"post_tag","embeddable":true,"href":"https:\/\/parafiazalesie.org\/index.php\/wp-json\/wp\/v2\/tags?post=741"}],"curies":[{"name":"wp","href":"https:\/\/api.w.org\/{rel}","templated":true}]}}