{"id":730,"date":"2022-03-19T19:54:59","date_gmt":"2022-03-19T18:54:59","guid":{"rendered":"https:\/\/parafiazalesie.org\/?p=730"},"modified":"2022-03-15T19:57:04","modified_gmt":"2022-03-15T18:57:04","slug":"intencje-mszalne-21-27-03-2022r","status":"publish","type":"post","link":"https:\/\/parafiazalesie.org\/index.php\/2022\/03\/19\/intencje-mszalne-21-27-03-2022r\/","title":{"rendered":"INTENCJE MSZALNE 21 \u2013 27.03.2022r."},"content":{"rendered":"<table width=\"727\">\n<tbody>\n<tr>\n<td rowspan=\"2\" width=\"111\">\n<p>21.03.2022r.<\/p>\n<p>Poniedzia\u0142ek<\/p>\n<\/td>\n<td width=\"52\">\n<p>7.00<\/p>\n<\/td>\n<td width=\"564\">\n<p>1. + Ryszard Ociepka gr.21<br \/>\n2. + Piotr K\u0119dzior<br \/>\n3. + Anna Pi\u0105tek<\/p>\n<\/td>\n<\/tr>\n<tr>\n<td width=\"52\">\n<p>18.00<\/p>\n<\/td>\n<td width=\"564\">\n<p>1. + Anna Zaborowska \u2013 z int. Ryszarda z Rodzin\u0105<br \/>\n2. + Genowefa Szczepa\u0144ska \u2013 z int. kole\u017canek i koleg\u00f3w z pracy syna Marka<br \/>\n<span style=\"font-size: 15px;\">3<\/span><strong style=\"font-size: 15px;\">. <\/strong><span style=\"font-size: 15px;\">+ Renata Makuch \u2013 z int. s\u0105siad\u00f3w Malak\u00f3w<\/span><\/p>\n<\/td>\n<\/tr>\n<tr>\n<td rowspan=\"2\" width=\"111\">\n<p>22.03.2022r.<\/p>\n<p>Wtorek<\/p>\n<\/td>\n<td width=\"52\">\n<p>7.00<\/p>\n<\/td>\n<td width=\"564\">\n<p>1. + Ryszard Ociepka gr.22<br \/>\n2. + Genowefa Szczepa\u0144ska \u2013 z int. kole\u017canek i koleg\u00f3w z pracy syna Marka<br \/>\n3. + Anna Zaborowska \u2013 z int. pracownik\u00f3w Delikatesy Centrum<\/p>\n<\/td>\n<\/tr>\n<tr>\n<td width=\"52\">\n<p>18.00<\/p>\n<\/td>\n<td width=\"564\">\n<p>1. Dzi\u0119kczynna w dniu urodzin Marysi z pro\u015bba o Bo\u017ce b\u0142ogos\u0142awie\u0144stwo i opiek\u0119 Matki Bo\u017cej<br \/>\n2. + Gra\u017cyna w r. \u015bmierci<br \/>\n3. + Renata Makuch \u2013 z int. Bronis\u0142awy z Rodzin\u0105<\/p>\n<\/td>\n<\/tr>\n<tr>\n<td rowspan=\"2\" width=\"111\">\n<p>23.03.2022r.<\/p>\n<p>\u015aroda<\/p>\n<\/td>\n<td width=\"52\">\n<p>7.00<\/p>\n<\/td>\n<td width=\"564\">\n<p>1. Dzi\u0119kczynna za otrzymane \u0142aski, cuda i niesko\u0144czon\u0105 Mi\u0142o\u015b\u0107 i Mi\u0142osierdzie Bo\u017ce<br \/>\n2. + Ryszard Ociepka gr.23<br \/>\n3. + Sebastian Gac \u2013 z int. Rodziny Pyzar\u00f3w<\/p>\n<\/td>\n<\/tr>\n<tr>\n<td width=\"52\">\n<p>18.00<\/p>\n<\/td>\n<td width=\"564\">\n<p>1. Dzi\u0119kczynna w 10r. urodzin Kacpra z pro\u015bb\u0105 o Bo\u017ce b\u0142ogos\u0142awie\u0144stwo i opiek\u0119 Matki Bo\u017cej<br \/>\n2. + Anna Zaborowska \u2013 z int. pracownik\u00f3w Delikatesy Centrum<br \/>\n3. + Genowefa Szczepa\u0144ska \u2013 z int. kole\u017canek i koleg\u00f3w z pracy syna Marka<\/p>\n<\/td>\n<\/tr>\n<tr>\n<td rowspan=\"2\" width=\"111\">\n<p>24.03.2022r.<\/p>\n<p>Czwartek<\/p>\n<\/td>\n<td width=\"52\">\n<p>7.00<\/p>\n<\/td>\n<td width=\"564\">\n<p>1. + Ryszard Ociepka gr.24<br \/>\n2. + Genowefa Szczepa\u0144ska \u2013 z int. kole\u017canek i koleg\u00f3w z pracy syna Marka<br \/>\n3. + Anna Zaborowska \u2013 z int. pracownik\u00f3w Delikatesy Centrum<\/p>\n<\/td>\n<\/tr>\n<tr>\n<td width=\"52\">\n<p>18.00<\/p>\n<\/td>\n<td width=\"564\">\n<p>1. + Janina<br \/>\n2. + Robert Kocielski w 11r. \u015bmierci<br \/>\n3. + Renata Makuch \u2013 z int. Rodziny Koz\u00f3w z Potoka<\/p>\n<\/td>\n<\/tr>\n<tr>\n<td rowspan=\"2\" width=\"111\">\n<p>25.03.2022r.<\/p>\n<p>Pi\u0105tek<\/p>\n<\/td>\n<td width=\"52\">\n<p>7.00<\/p>\n<\/td>\n<td width=\"564\">\n<p>1. O przemian\u0119 serca, uzdrowienie zranie\u0144 i odnowienie mi\u0142o\u015bci ma\u0142\u017ce\u0144skiej<br \/>\n2. + Ryszard Ociepka gr.25<br \/>\n3. + Kazimierz<\/p>\n<\/td>\n<\/tr>\n<tr>\n<td width=\"52\">\n<p>18.00<\/p>\n<\/td>\n<td width=\"564\">\n<p>1. Dzi\u0119kczynna za otrzymane \u0142aski z pro\u015bb\u0105 o dalsz\u0105 opiek\u0119, \u0142aski i Bo\u017ce b\u0142ogos\u0142awie\u0144stwo dla modl\u0105cych si\u0119 w intencji pewnej osoby<br \/>\n2. + Anna Zaborowska \u2013 z int. pracownik\u00f3w Delikatesy Centrum<br \/>\n3. + Renata Makuch \u2013 z int. Sylwii i Paw\u0142a Haby z Rodzin\u0105<\/p>\n<\/td>\n<\/tr>\n<tr>\n<td rowspan=\"2\" width=\"111\">\n<p>26.03.2022r.<\/p>\n<p>Sobota<\/p>\n<\/td>\n<td width=\"52\">\n<p>7.00<\/p>\n<\/td>\n<td width=\"564\">\n<p>1. + Ryszard Ociepka gr.26<br \/>\n2. + Anna Zaborowska \u2013 z int. pracownik\u00f3w Delikatesy Centrum<br \/>\n3. ++ Danuta i Tadeusz Antonik, Joanna i Stanis\u0142aw Ha\u0142dys<\/p>\n<\/td>\n<\/tr>\n<tr>\n<td width=\"52\">\n<p>18.00<\/p>\n<\/td>\n<td width=\"564\">\n<p>1. O Bo\u017ce b\u0142ogos\u0142awie\u0144stwo i opiek\u0119 Matki Bo\u017cej dla Anny w r. urodzin<br \/>\n2. + Henryk Steczkowski w r. \u015bmierci<br \/>\n3. + Renata Makuch \u2013 z int. siostry z Rodzin\u0105<\/p>\n<\/td>\n<\/tr>\n<tr>\n<td rowspan=\"5\" width=\"111\">\n<p>27.03.2022r.<\/p>\n<p>Niedziela<\/p>\n<\/td>\n<td width=\"52\">\n<p>7.00<\/p>\n<\/td>\n<td width=\"564\">\n<p>1. + Leszek Kozik \u2013 z int. Haliny i W\u0142adys\u0142awa Ryszka<br \/>\n2. ++Maria i W\u0142adys\u0142aw Balicki w 1r. \u015bmierci<\/p>\n<\/td>\n<\/tr>\n<tr>\n<td width=\"52\">\n<p>9.00<\/p>\n<\/td>\n<td width=\"564\">\n<p>++ z Rodziny Cyrk\u00f3w i Czach\u00f3w<\/p>\n<\/td>\n<\/tr>\n<tr>\n<td width=\"52\">\n<p>10.30<\/p>\n<\/td>\n<td width=\"564\">\n<p>Za Parafian<\/p>\n<\/td>\n<\/tr>\n<tr>\n<td width=\"52\">\n<p>12.00<\/p>\n<\/td>\n<td width=\"564\">\n<p>+ Ryszard Ociepka gr.27<\/p>\n<\/td>\n<\/tr>\n<tr>\n<td width=\"52\">\n<p>17.00<\/p>\n<\/td>\n<td width=\"564\">\n<p>+ Anna Zaborowska \u2013 z int. kole\u017canek i koleg\u00f3w Doroty z LECLERC Rzesz\u00f3w<\/p>\n<\/td>\n<\/tr>\n<\/tbody>\n<\/table>\n<p>&nbsp;<\/p>\n","protected":false},"excerpt":{"rendered":"<p>21.03.2022r. Poniedzia\u0142ek 7.00 1. + Ryszard Ociepka gr.21 2. + Piotr K\u0119dzior 3. + Anna Pi\u0105tek 18.00 1. + Anna Zaborowska \u2013 z int. Ryszarda z Rodzin\u0105 2. + Genowefa Szczepa\u0144ska \u2013 z int. kole\u017canek i koleg\u00f3w z pracy syna Marka 3. + Renata Makuch \u2013 z int. s\u0105siad\u00f3w Malak\u00f3w 22.03.2022r. Wtorek 7.00 1. + <a class=\"read-more\" href=\"https:\/\/parafiazalesie.org\/index.php\/2022\/03\/19\/intencje-mszalne-21-27-03-2022r\/\"><\/p>\n<p>Zobacz wi\u0119cej<\/a><\/p>\n","protected":false},"author":1,"featured_media":111,"comment_status":"closed","ping_status":"closed","sticky":false,"template":"","format":"standard","meta":{"ngg_post_thumbnail":0,"footnotes":""},"categories":[5],"tags":[],"class_list":["post-730","post","type-post","status-publish","format-standard","has-post-thumbnail","hentry","category-intencje"],"_links":{"self":[{"href":"https:\/\/parafiazalesie.org\/index.php\/wp-json\/wp\/v2\/posts\/730","targetHints":{"allow":["GET"]}}],"collection":[{"href":"https:\/\/parafiazalesie.org\/index.php\/wp-json\/wp\/v2\/posts"}],"about":[{"href":"https:\/\/parafiazalesie.org\/index.php\/wp-json\/wp\/v2\/types\/post"}],"author":[{"embeddable":true,"href":"https:\/\/parafiazalesie.org\/index.php\/wp-json\/wp\/v2\/users\/1"}],"replies":[{"embeddable":true,"href":"https:\/\/parafiazalesie.org\/index.php\/wp-json\/wp\/v2\/comments?post=730"}],"version-history":[{"count":0,"href":"https:\/\/parafiazalesie.org\/index.php\/wp-json\/wp\/v2\/posts\/730\/revisions"}],"wp:featuredmedia":[{"embeddable":true,"href":"https:\/\/parafiazalesie.org\/index.php\/wp-json\/wp\/v2\/media\/111"}],"wp:attachment":[{"href":"https:\/\/parafiazalesie.org\/index.php\/wp-json\/wp\/v2\/media?parent=730"}],"wp:term":[{"taxonomy":"category","embeddable":true,"href":"https:\/\/parafiazalesie.org\/index.php\/wp-json\/wp\/v2\/categories?post=730"},{"taxonomy":"post_tag","embeddable":true,"href":"https:\/\/parafiazalesie.org\/index.php\/wp-json\/wp\/v2\/tags?post=730"}],"curies":[{"name":"wp","href":"https:\/\/api.w.org\/{rel}","templated":true}]}}