{"id":699,"date":"2022-02-27T11:23:22","date_gmt":"2022-02-27T10:23:22","guid":{"rendered":"https:\/\/parafiazalesie.org\/?p=699"},"modified":"2022-02-27T11:23:22","modified_gmt":"2022-02-27T10:23:22","slug":"intencje-mszalne-28-02-06-03-2022r-2","status":"publish","type":"post","link":"https:\/\/parafiazalesie.org\/index.php\/2022\/02\/27\/intencje-mszalne-28-02-06-03-2022r-2\/","title":{"rendered":"INTENCJE MSZALNE 28.02 \u2013 06.03.2022r."},"content":{"rendered":"<table width=\"709\">\n<tbody>\n<tr>\n<td rowspan=\"2\" width=\"111\">\n<p>28.02.2022r.<\/p>\n<p>Poniedzia\u0142ek<\/p>\n<\/td>\n<td width=\"66\">\n<p>7.00<\/p>\n<\/td>\n<td width=\"531\">\n<p>1. Dzi\u0119kczynna za otrzymane \u0142aski z pro\u015bb\u0105 o Bo\u017ce b\u0142ogos\u0142awie\u0144stwo i opiek\u0119 Matki Bo\u017cej dla Piotra<br \/>\n2. + Mariusz Kusy gr.28<br \/>\n3. + Genowefa Szczepa\u0144ska \u2013 z int. s\u0105siad\u00f3w z ul. Smosarskiej<\/p>\n<\/td>\n<\/tr>\n<tr>\n<td width=\"66\">\n<p>18.00<\/p>\n<\/td>\n<td width=\"531\">\n<p>1. + W\u0142adys\u0142aw Bilut \u2013 z int. OSP Zalesie<br \/>\n2. + Anna Zaborowska \u2013 z int. wnuka \u0141ukasza Kalisztana<br \/>\n3. + Renata Makuch \u2013 z int. m\u0119\u017ca Bogdana<\/p>\n<\/td>\n<\/tr>\n<tr>\n<td rowspan=\"2\" width=\"111\">\n<p>01.03.2022r.<\/p>\n<p>Wtorek<\/p>\n<\/td>\n<td width=\"66\">\n<p>7.00<\/p>\n<\/td>\n<td width=\"531\">\n<p>1. + Mariusz Kusy gr.29<br \/>\n2. + W\u0142adys\u0142aw Bilut \u2013 z int. OSP Zalesie<br \/>\n3. ++ Kazimierz i Jadwiga Kope\u0107 z ul. Fio\u0142kowej<\/p>\n<\/td>\n<\/tr>\n<tr>\n<td width=\"66\">\n<p>18.00<\/p>\n<\/td>\n<td width=\"531\">\n<p>1. + Ryszard Ociepka gr.(rozpocz\u0119cie)<br \/>\n2. + Anna Zaborowska \u2013 z int. wnuczki Pauliny Wilk z Rodzin\u0105<br \/>\n3. + Renata Makuch \u2013 z int. m\u0119\u017ca Bogdana<\/p>\n<\/td>\n<\/tr>\n<tr>\n<td rowspan=\"4\" width=\"111\">\n<p>02.03.2022r.<\/p>\n<p>\u015aroda<\/p>\n<\/td>\n<td width=\"66\">\n<p>7.00<\/p>\n<\/td>\n<td width=\"531\">\n<p>+ Mariusz Kusy gr.(zako\u0144czenie)<\/p>\n<\/td>\n<\/tr>\n<tr>\n<td width=\"66\">\n<p>9.00<\/p>\n<\/td>\n<td width=\"531\">\n<p>+ Pawe\u0142 Jarz\u0119bowski w 2r. \u015bmierci<\/p>\n<\/td>\n<\/tr>\n<tr>\n<td width=\"66\">\n<p>18.00<\/p>\n<\/td>\n<td width=\"531\">\n<p>1. + Ryszard Ociepka gr.2<br \/>\n2. ++ Wiktoria i W\u0142adys\u0142aw Sado oraz Zofia Malinek<br \/>\n3. + Renata Makuch \u2013 z int. c\u00f3rek Sabiny i Justyny<\/p>\n<\/td>\n<\/tr>\n<tr>\n<td width=\"66\">\n<p>20.00<\/p>\n<\/td>\n<td width=\"531\">\n<p>+ Anna Zaborowska \u2013 z int. pracownik\u00f3w firmy FLORES<\/p>\n<\/td>\n<\/tr>\n<tr>\n<td rowspan=\"2\" width=\"111\">\n<p>03.03.2022r.<\/p>\n<p>Czwartek<\/p>\n<\/td>\n<td width=\"66\">\n<p>7.00<\/p>\n<\/td>\n<td width=\"531\">\n<p>1. + J\u00f3zef Surdel \u2013 z int. \u017cony<br \/>\n2. + W\u0142adys\u0142aw Bilut \u2013 z int. OSP Zalesie<br \/>\n3. + Anna Zaborowska \u2013 z int. pracownik\u00f3w Delikatesy Centrum z Jazowej<\/p>\n<\/td>\n<\/tr>\n<tr>\n<td width=\"66\">\n<p>18.00<\/p>\n<\/td>\n<td width=\"531\">\n<p>1. + Ryszard Ociepka gr.3<br \/>\n2. ++ Janina i Edmund Rzepka<br \/>\n3. + Renata Makuch \u2013 z int. syna z \u017con\u0105<\/p>\n<\/td>\n<\/tr>\n<tr>\n<td rowspan=\"2\" width=\"111\">\n<p>04.03.2022r.<\/p>\n<p>Pi\u0105tek<\/p>\n<\/td>\n<td width=\"66\">\n<p>7.00<\/p>\n<\/td>\n<td width=\"531\">\n<p>1. + Kazimierz Mazur w dniu imienin<br \/>\n2. + W\u0142adys\u0142aw Bilut \u2013 z int. Anny i Paw\u0142a Niemiec z Rodzin\u0105<br \/>\n3. + Anna Zaborowska \u2013 z int. pracownik\u00f3w Delikatesy Centrum z Jazowej<br \/>\n4. + Genowefa Szczepa\u0144ska \u2013 z int. Iwony i Bogdana Ple\u015bniak z Rodzin\u0105<\/p>\n<\/td>\n<\/tr>\n<tr>\n<td width=\"66\">\n<p>18.00<\/p>\n<\/td>\n<td width=\"531\">\n<p>1. + Ryszard Ociepka gr.4<br \/>\n2. + Renata Makuch \u2013 z int. Si\u00f3str z R\u00f3\u017cy \u015awi\u0119tej Jadwigi \u015al\u0105skiej<\/p>\n<\/td>\n<\/tr>\n<tr>\n<td rowspan=\"2\" width=\"111\">\n<p>05.03.2022r.<\/p>\n<p>Sobota<\/p>\n<\/td>\n<td width=\"66\">\n<p>7.00<\/p>\n<\/td>\n<td width=\"531\">\n<p>1. + W\u0142adys\u0142aw Bilut \u2013 z int. Rodziny Nizio\u0142<\/p>\n<p>2. + Anna Zaborowska \u2013 z int. pracownik\u00f3w Delikatesy Centrum z Jazowej<\/p>\n<p>3. ++ Monika i Jan Domarscy<\/p>\n<\/td>\n<\/tr>\n<tr>\n<td width=\"66\">\n<p>18.00<\/p>\n<\/td>\n<td width=\"531\">\n<p>1. + Ryszard Ociepka gr.5<br \/>\n2. + Wiktoria Bal w 5r. \u015bmierci \u2013 z int. c\u00f3rki z dzie\u0107mi<br \/>\n3. + Renata Makuch \u2013 z int. Si\u00f3str z R\u00f3\u017cy \u015awi\u0119tej Jadwigi \u015al\u0105skiej<\/p>\n<\/td>\n<\/tr>\n<tr>\n<td rowspan=\"5\" width=\"111\">\n<p>06.03.2022r.<\/p>\n<p>Niedziela<\/p>\n<\/td>\n<td width=\"66\">\n<p>7.00<\/p>\n<\/td>\n<td width=\"531\">\n<p>1. Dzi\u0119kczynna za otrzymane \u0142aski z pro\u015bb\u0105 o Bo\u017ce b\u0142ogos\u0142awie\u0144stwo i opiek\u0119 Matki Bo\u017cej Kr\u00f3lowej R\u00f3\u017ca\u0144ca dla Wsp\u00f3lnoty R\u00f3\u017c R\u00f3\u017ca\u0144cowych i ich Rodzin<br \/>\n2. + Anna Zaborowska \u2013 z int. Jolanty i J\u00f3zefa Kaliszan<\/p>\n<\/td>\n<\/tr>\n<tr>\n<td width=\"66\">\n<p>9.00<\/p>\n<\/td>\n<td width=\"531\">\n<p>+ Ryszard Ociepka gr.6<\/p>\n<\/td>\n<\/tr>\n<tr>\n<td width=\"66\">\n<p>10.30<\/p>\n<\/td>\n<td width=\"531\">\n<p>Za Parafian<\/p>\n<\/td>\n<\/tr>\n<tr>\n<td width=\"66\">\n<p>12.00<\/p>\n<\/td>\n<td width=\"531\">\n<p>O zdrowie, Bo\u017ce b\u0142ogos\u0142awie\u0144stwo i potrzebne \u0142aski w 80r. urodzin Bronis\u0142awy<\/p>\n<\/td>\n<\/tr>\n<tr>\n<td width=\"66\">\n<p>17.00<\/p>\n<\/td>\n<td width=\"531\">\n<p>+ Zdzis\u0142aw Ferenc w 9r. \u015bmierci<\/p>\n<\/td>\n<\/tr>\n<\/tbody>\n<\/table>\n<p>&nbsp;<\/p>\n","protected":false},"excerpt":{"rendered":"<p>28.02.2022r. Poniedzia\u0142ek 7.00 1. Dzi\u0119kczynna za otrzymane \u0142aski z pro\u015bb\u0105 o Bo\u017ce b\u0142ogos\u0142awie\u0144stwo i opiek\u0119 Matki Bo\u017cej dla Piotra 2. + Mariusz Kusy gr.28 3. + Genowefa Szczepa\u0144ska \u2013 z int. s\u0105siad\u00f3w z ul. Smosarskiej 18.00 1. + W\u0142adys\u0142aw Bilut \u2013 z int. OSP Zalesie 2. + Anna Zaborowska \u2013 z int. wnuka \u0141ukasza Kalisztana <a class=\"read-more\" href=\"https:\/\/parafiazalesie.org\/index.php\/2022\/02\/27\/intencje-mszalne-28-02-06-03-2022r-2\/\"><\/p>\n<p>Zobacz wi\u0119cej<\/a><\/p>\n","protected":false},"author":1,"featured_media":111,"comment_status":"closed","ping_status":"closed","sticky":false,"template":"","format":"standard","meta":{"ngg_post_thumbnail":0,"footnotes":""},"categories":[5],"tags":[],"class_list":["post-699","post","type-post","status-publish","format-standard","has-post-thumbnail","hentry","category-intencje"],"_links":{"self":[{"href":"https:\/\/parafiazalesie.org\/index.php\/wp-json\/wp\/v2\/posts\/699","targetHints":{"allow":["GET"]}}],"collection":[{"href":"https:\/\/parafiazalesie.org\/index.php\/wp-json\/wp\/v2\/posts"}],"about":[{"href":"https:\/\/parafiazalesie.org\/index.php\/wp-json\/wp\/v2\/types\/post"}],"author":[{"embeddable":true,"href":"https:\/\/parafiazalesie.org\/index.php\/wp-json\/wp\/v2\/users\/1"}],"replies":[{"embeddable":true,"href":"https:\/\/parafiazalesie.org\/index.php\/wp-json\/wp\/v2\/comments?post=699"}],"version-history":[{"count":0,"href":"https:\/\/parafiazalesie.org\/index.php\/wp-json\/wp\/v2\/posts\/699\/revisions"}],"wp:featuredmedia":[{"embeddable":true,"href":"https:\/\/parafiazalesie.org\/index.php\/wp-json\/wp\/v2\/media\/111"}],"wp:attachment":[{"href":"https:\/\/parafiazalesie.org\/index.php\/wp-json\/wp\/v2\/media?parent=699"}],"wp:term":[{"taxonomy":"category","embeddable":true,"href":"https:\/\/parafiazalesie.org\/index.php\/wp-json\/wp\/v2\/categories?post=699"},{"taxonomy":"post_tag","embeddable":true,"href":"https:\/\/parafiazalesie.org\/index.php\/wp-json\/wp\/v2\/tags?post=699"}],"curies":[{"name":"wp","href":"https:\/\/api.w.org\/{rel}","templated":true}]}}