{"id":636,"date":"2022-01-23T13:52:46","date_gmt":"2022-01-23T12:52:46","guid":{"rendered":"https:\/\/parafiazalesie.org\/?p=636"},"modified":"2022-01-23T13:52:46","modified_gmt":"2022-01-23T12:52:46","slug":"intencje-mszalne-24-30-01-2022r","status":"publish","type":"post","link":"https:\/\/parafiazalesie.org\/index.php\/2022\/01\/23\/intencje-mszalne-24-30-01-2022r\/","title":{"rendered":"INTENCJE MSZALNE 24 \u2013 30.01.2022r."},"content":{"rendered":"<table style=\"width: 95.874%;\" width=\"709\">\n<tbody>\n<tr>\n<td style=\"width: 16.1473%;\" rowspan=\"2\" width=\"111\">\n<p>24.01.2022r.<\/p>\n<p>Poniedzia\u0142ek<\/p>\n<\/td>\n<td style=\"width: 9.63173%;\" width=\"66\">\n<p>7.00<\/p>\n<\/td>\n<td style=\"width: 106.126%;\" width=\"531\">\n<p>1. + Marek Sznajder gr.16<br \/>\n2. + Franciszka (f) Sowa \u2013 z int. chrze\u015bnicy Krystyny<br \/>\n3. + Kazimiera Lewek \u2013 z int. kole\u017canek Ani i Heni z Tyczyna<\/p>\n<\/td>\n<\/tr>\n<tr>\n<td style=\"width: 9.63173%;\" width=\"66\">\n<p>18.00<\/p>\n<\/td>\n<td style=\"width: 106.126%;\" width=\"531\">\n<p>1. + Franciszka (f) \u015anie\u017cek gr.24<br \/>\n2. + Jerzy Furman \u2013 z int. c\u00f3rki Ma\u0142gorzaty z Rodzin\u0105<\/p>\n<\/td>\n<\/tr>\n<tr>\n<td style=\"width: 16.1473%;\" rowspan=\"2\" width=\"111\">\n<p>25.01.2022r.<\/p>\n<p>Wtorek<\/p>\n<\/td>\n<td style=\"width: 9.63173%;\" width=\"66\">\n<p>7.00<\/p>\n<\/td>\n<td style=\"width: 106.126%;\" width=\"531\">\n<p>1. + Marek Sznajder gr.17<br \/>\n2. + Franciszka (f) Sowa \u2013 z int. Stefanii Fedejko z Rodzin\u0105<br \/>\n3. + Augustyn Krawczyk w r. \u015bmierci \u2013 z int. \u017cony<\/p>\n<\/td>\n<\/tr>\n<tr>\n<td style=\"width: 9.63173%;\" width=\"66\">\n<p>18.00<\/p>\n<\/td>\n<td style=\"width: 106.126%;\" width=\"531\">\n<p>1. + Franciszka (f) \u015anie\u017cek gr.25<br \/>\n2. + Tadeusz i ++ z Rodziny<\/p>\n<\/td>\n<\/tr>\n<tr>\n<td style=\"width: 16.1473%;\" rowspan=\"2\" width=\"111\">\n<p>26.01.2022r.<\/p>\n<p>\u015aroda<\/p>\n<\/td>\n<td style=\"width: 9.63173%;\" width=\"66\">\n<p>7.00<\/p>\n<\/td>\n<td style=\"width: 106.126%;\" width=\"531\">\n<p>1. + Marek Sznajder gr.18<br \/>\n2. + Franciszka (f) Sowa \u2013 z int. Rodziny Ple\u015bniak\u00f3w<br \/>\n3. + Kazimiera Lewek \u2013 z int. w\u0142a\u015bcicieli firmy DRIMPOL<\/p>\n<\/td>\n<\/tr>\n<tr>\n<td style=\"width: 9.63173%;\" width=\"66\">\n<p>18.00<\/p>\n<\/td>\n<td style=\"width: 106.126%;\" width=\"531\">\n<p>1. + Franciszka (f) \u015anie\u017cek gr.26<br \/>\n2. + Jerzy Furman \u2013 z int. te\u015bciowej<\/p>\n<\/td>\n<\/tr>\n<tr>\n<td style=\"width: 16.1473%;\" rowspan=\"2\" width=\"111\">\n<p>27.01.2022r.<\/p>\n<p>Czwartek<\/p>\n<\/td>\n<td style=\"width: 9.63173%;\" width=\"66\">\n<p>7.00<\/p>\n<\/td>\n<td style=\"width: 106.126%;\" width=\"531\">\n<p>1. + Marek Sznajder gr.19<br \/>\n2. + Franciszka (f) Sowa \u2013 z int. pracownik\u00f3w\u00a0 Biura\u00a0 Administracyjnego RARR w Rzeszowie<br \/>\n3. + Czes\u0142awa (f) Szczepan<\/p>\n<\/td>\n<\/tr>\n<tr>\n<td style=\"width: 9.63173%;\" width=\"66\">\n<p>18.00<\/p>\n<\/td>\n<td style=\"width: 106.126%;\" width=\"531\">\n<p>1. + Franciszka (f) \u015anie\u017cek gr.27<br \/>\n2. + Jerzy Furman \u2013 z int. te\u015bciowej<\/p>\n<\/td>\n<\/tr>\n<tr>\n<td style=\"width: 16.1473%;\" rowspan=\"2\" width=\"111\">\n<p>28.01.2022r.<\/p>\n<p>Pi\u0105tek<\/p>\n<\/td>\n<td style=\"width: 9.63173%;\" width=\"66\">\n<p>7.00<\/p>\n<\/td>\n<td style=\"width: 106.126%;\" width=\"531\">\n<p>1. O zdrowie dla Marii<br \/>\n2. + Marek Sznajder gr.20<br \/>\n3. + Franciszka (f) Sowa \u2013 z int. pracownik\u00f3w\u00a0 Biura\u00a0 Administracyjnego RARR w Rzeszowie<\/p>\n<\/td>\n<\/tr>\n<tr>\n<td style=\"width: 9.63173%;\" width=\"66\">\n<p>18.00<\/p>\n<\/td>\n<td style=\"width: 106.126%;\" width=\"531\">\n<p>1. + Franciszka (f) \u015anie\u017cek gr.28<br \/>\n2. ++ Dusze w czy\u015b\u0107cu cierpi\u0105ce<\/p>\n<\/td>\n<\/tr>\n<tr>\n<td style=\"width: 16.1473%;\" rowspan=\"2\" width=\"111\">\n<p>29.01.2022r.<\/p>\n<p>Sobota<\/p>\n<\/td>\n<td style=\"width: 9.63173%;\" width=\"66\">\n<p>7.00<\/p>\n<\/td>\n<td style=\"width: 106.126%;\" width=\"531\">\n<p>1. + Marek Sznajder gr.21<br \/>\n2. + Franciszka (f) Sowa \u2013 z int. Ryszarda i Alicji<br \/>\n3. ++ Dusze w czy\u015b\u0107cu cierpi\u0105ce z naszej wsp\u00f3lnoty parafialnej<\/p>\n<\/td>\n<\/tr>\n<tr>\n<td style=\"width: 9.63173%;\" width=\"66\">\n<p>18.00<\/p>\n<\/td>\n<td style=\"width: 106.126%;\" width=\"531\">\n<p>1. W intencji Bogu wiadomej<br \/>\n2. + Franciszka (f) \u015anie\u017cek gr.29<\/p>\n<\/td>\n<\/tr>\n<tr>\n<td style=\"width: 16.1473%;\" rowspan=\"6\" width=\"111\">\n<p>30.01.2022r.<\/p>\n<p>Niedziela<\/p>\n<\/td>\n<td style=\"width: 9.63173%;\" width=\"66\">\n<p>7.00<\/p>\n<\/td>\n<td style=\"width: 106.126%;\" width=\"531\">\n<p>O zdrowie i Bo\u017ce b\u0142ogos\u0142awie\u0144stwo dla mamy i dziecka i o szcz\u0119\u015bliwe rozwi\u0105zanie<\/p>\n<\/td>\n<\/tr>\n<tr>\n<td style=\"width: 9.63173%;\" width=\"66\">\n<p>9.00<\/p>\n<\/td>\n<td style=\"width: 106.126%;\" width=\"531\">\n<p>Dzi\u0119kczynna za otrzymane \u0142aski<\/p>\n<\/td>\n<\/tr>\n<tr>\n<td style=\"width: 9.63173%;\" width=\"66\">\n<p>10.30<\/p>\n<\/td>\n<td style=\"width: 106.126%;\" width=\"531\">\n<p>1. + Wojciech Kmiotek \u2013 z int. Rodziny<br \/>\n2. + Marian Miros\u0142aw w 1r. \u015bmierci<\/p>\n<\/td>\n<\/tr>\n<tr>\n<td style=\"width: 9.63173%;\" width=\"66\">\n<p>12.00<\/p>\n<\/td>\n<td style=\"width: 106.126%;\" width=\"531\">\n<p>+ Marek Sznajder gr.22<\/p>\n<\/td>\n<\/tr>\n<tr>\n<td style=\"width: 9.63173%;\" width=\"66\">\n<p>14.00<\/p>\n<\/td>\n<td style=\"width: 106.126%;\" width=\"531\">\n<p>O Bo\u017ce b\u0142ogos\u0142awie\u0144stwo, opiek\u0119 Matki Bo\u017cej i potrzebne \u0142aski <br \/>\nw nowym roku dla mieszka\u0144c\u00f3w z ul. Sasanki, Daliowej, Konwalii, Azaliowej i Mieczykowej, oraz za ++ z Rodzin<\/p>\n<\/td>\n<\/tr>\n<tr>\n<td style=\"width: 9.63173%;\" width=\"66\">\n<p>17.00<\/p>\n<\/td>\n<td style=\"width: 106.126%;\" width=\"531\">\n<p>+ Franciszka (f) \u015anie\u017cek gr.(zako\u0144czenie)<\/p>\n<\/td>\n<\/tr>\n<\/tbody>\n<\/table>\n<p>&nbsp;<\/p>\n","protected":false},"excerpt":{"rendered":"<p>24.01.2022r. Poniedzia\u0142ek 7.00 1. + Marek Sznajder gr.16 2. + Franciszka (f) Sowa \u2013 z int. chrze\u015bnicy Krystyny 3. + Kazimiera Lewek \u2013 z int. kole\u017canek Ani i Heni z Tyczyna 18.00 1. + Franciszka (f) \u015anie\u017cek gr.24 2. + Jerzy Furman \u2013 z int. c\u00f3rki Ma\u0142gorzaty z Rodzin\u0105 25.01.2022r. Wtorek 7.00 1. + Marek <a class=\"read-more\" href=\"https:\/\/parafiazalesie.org\/index.php\/2022\/01\/23\/intencje-mszalne-24-30-01-2022r\/\"><\/p>\n<p>Zobacz wi\u0119cej<\/a><\/p>\n","protected":false},"author":1,"featured_media":111,"comment_status":"closed","ping_status":"closed","sticky":false,"template":"","format":"standard","meta":{"ngg_post_thumbnail":0,"footnotes":""},"categories":[5],"tags":[],"class_list":["post-636","post","type-post","status-publish","format-standard","has-post-thumbnail","hentry","category-intencje"],"_links":{"self":[{"href":"https:\/\/parafiazalesie.org\/index.php\/wp-json\/wp\/v2\/posts\/636","targetHints":{"allow":["GET"]}}],"collection":[{"href":"https:\/\/parafiazalesie.org\/index.php\/wp-json\/wp\/v2\/posts"}],"about":[{"href":"https:\/\/parafiazalesie.org\/index.php\/wp-json\/wp\/v2\/types\/post"}],"author":[{"embeddable":true,"href":"https:\/\/parafiazalesie.org\/index.php\/wp-json\/wp\/v2\/users\/1"}],"replies":[{"embeddable":true,"href":"https:\/\/parafiazalesie.org\/index.php\/wp-json\/wp\/v2\/comments?post=636"}],"version-history":[{"count":0,"href":"https:\/\/parafiazalesie.org\/index.php\/wp-json\/wp\/v2\/posts\/636\/revisions"}],"wp:featuredmedia":[{"embeddable":true,"href":"https:\/\/parafiazalesie.org\/index.php\/wp-json\/wp\/v2\/media\/111"}],"wp:attachment":[{"href":"https:\/\/parafiazalesie.org\/index.php\/wp-json\/wp\/v2\/media?parent=636"}],"wp:term":[{"taxonomy":"category","embeddable":true,"href":"https:\/\/parafiazalesie.org\/index.php\/wp-json\/wp\/v2\/categories?post=636"},{"taxonomy":"post_tag","embeddable":true,"href":"https:\/\/parafiazalesie.org\/index.php\/wp-json\/wp\/v2\/tags?post=636"}],"curies":[{"name":"wp","href":"https:\/\/api.w.org\/{rel}","templated":true}]}}