{"id":607,"date":"2022-01-04T13:57:34","date_gmt":"2022-01-04T12:57:34","guid":{"rendered":"https:\/\/parafiazalesie.org\/?p=607"},"modified":"2022-01-04T13:58:06","modified_gmt":"2022-01-04T12:58:06","slug":"intencje-mszalne-03-09-01-2022r","status":"publish","type":"post","link":"https:\/\/parafiazalesie.org\/index.php\/2022\/01\/04\/intencje-mszalne-03-09-01-2022r\/","title":{"rendered":"INTENCJE MSZALNE 03 \u2013 09.01.2022r."},"content":{"rendered":"<table style=\"width: 100%; height: 1435px;\" width=\"709\">\n<tbody>\n<tr style=\"height: 91px;\">\n<td style=\"height: 160px;\" rowspan=\"2\" width=\"111\">\n<p>03.01.2022r.<\/p>\n<p>Poniedzia\u0142ek<\/p>\n<\/td>\n<td style=\"height: 91px;\" width=\"66\">\n<p>7.00<\/p>\n<\/td>\n<td style=\"height: 91px;\" width=\"531\">\n<p>1. + W\u0142adys\u0142awa (f) Sikora gr.25<br \/>\n2. + Franciszka (f) \u015anie\u017cek gr.3<br \/>\n3. + Adrianna Szoblik \u2013 z int. kole\u017canek Agaty z Rodzin\u0105<\/p>\n<\/td>\n<\/tr>\n<tr style=\"height: 69px;\">\n<td style=\"height: 69px;\" width=\"66\">\n<p>18.00<\/p>\n<\/td>\n<td style=\"height: 69px;\" width=\"531\">\n<p>1. O zdrowie i Bo\u017ce b\u0142ogos\u0142awie\u0144stwo dla Franciszka<br \/>\n<span style=\"font-size: 15px;\">2. + Stanis\u0142awa \u00a0Piszcz \u00a0\u2013 \u00a0z \u00a0int. \u00a0kole\u017canek\u00a0 i\u00a0 koleg\u00f3w\u00a0 emeryt\u00f3w<\/span> z samochod\u00f3wki<\/p>\n<\/td>\n<\/tr>\n<tr style=\"height: 82px;\">\n<td style=\"height: 151px;\" rowspan=\"2\" width=\"111\">\n<p>04.01.2022r.<\/p>\n<p>Wtorek<\/p>\n<\/td>\n<td style=\"height: 82px;\" width=\"66\">\n<p>7.00<\/p>\n<\/td>\n<td style=\"height: 82px;\" width=\"531\">\n<p>1. + W\u0142adys\u0142awa (f) Sikora gr.26<br \/>\n2. + Franciszka (f) \u015anie\u017cek gr.4<br \/>\n3. + Franciszka (f) Sowa \u2013 z int. wnuczki Basi z Rodzin\u0105<\/p>\n<\/td>\n<\/tr>\n<tr style=\"height: 69px;\">\n<td style=\"height: 69px;\" width=\"66\">\n<p>18.00<\/p>\n<\/td>\n<td style=\"height: 69px;\" width=\"531\">\n<p>1. W intencji Kamila i opiekun\u00f3w<br \/>\n2. + Maria Lisek w 11r. \u015bmierci<\/p>\n<\/td>\n<\/tr>\n<tr style=\"height: 91px;\">\n<td style=\"height: 160px;\" rowspan=\"2\" width=\"111\">\n<p>05.01.2022r.<\/p>\n<p>\u015aroda<\/p>\n<\/td>\n<td style=\"height: 91px;\" width=\"66\">\n<p>7.00<\/p>\n<\/td>\n<td style=\"height: 91px;\" width=\"531\">\n<p>1. + Franciszka (f) \u015anie\u017cek gr.5<br \/>\n2. + Franciszka (f) Sowa \u2013 z int. wnuka Wojciecha<br \/>\n3. ++ Rozalia, J\u00f3zef, Janusz<\/p>\n<\/td>\n<\/tr>\n<tr style=\"height: 69px;\">\n<td style=\"height: 69px;\" width=\"66\">\n<p>18.00<\/p>\n<\/td>\n<td style=\"height: 69px;\" width=\"531\">\n<p>1. O zdrowie i Bo\u017ce b\u0142ogos\u0142awie\u0144stwo dla Natalii i Leny i ich Rodzic\u00f3w<br \/>\n2. + W\u0142adys\u0142awa (f) Sikora gr.27<\/p>\n<\/td>\n<\/tr>\n<tr style=\"height: 69px;\">\n<td style=\"height: 322px;\" rowspan=\"6\" width=\"111\">\n<p>06.01.2022r.<\/p>\n<p>Czwartek<\/p>\n<\/td>\n<td style=\"height: 69px;\" width=\"66\">\n<p>7.00<\/p>\n<\/td>\n<td style=\"height: 69px;\" width=\"531\">\n<p>1. + Franciszka (f) Sowa \u2013 z int. wnuczki Agaty<br \/>\n2. + Genowefa Szczepa\u0144ska \u2013 z int. Danuty i Stanis\u0142awa Pa\u0142ka<\/p>\n<\/td>\n<\/tr>\n<tr style=\"height: 46px;\">\n<td style=\"height: 46px;\" width=\"66\">\n<p>9.00<\/p>\n<\/td>\n<td style=\"height: 46px;\" width=\"531\">\n<p>+ Franciszka (f) \u015anie\u017cek gr.6<\/p>\n<\/td>\n<\/tr>\n<tr style=\"height: 46px;\">\n<td style=\"height: 46px;\" width=\"66\">\n<p>10.30<\/p>\n<\/td>\n<td style=\"height: 46px;\" width=\"531\">\n<p>+ W\u0142adys\u0142awa (f) Sikora gr.28<\/p>\n<\/td>\n<\/tr>\n<tr style=\"height: 46px;\">\n<td style=\"height: 46px;\" width=\"66\">\n<p>12.00<\/p>\n<\/td>\n<td style=\"height: 46px;\" width=\"531\">\n<p>++ Jan i Agata<\/p>\n<\/td>\n<\/tr>\n<tr style=\"height: 69px;\">\n<td style=\"height: 69px;\" width=\"66\">\n<p>14.00<\/p>\n<\/td>\n<td style=\"height: 69px;\" width=\"531\">\n<p>O Bo\u017ce b\u0142ogos\u0142awie\u0144stwo, opiek\u0119 Matki Bo\u017cej i potrzebne \u0142aski w nowym roku dla mieszka\u0144c\u00f3w z ul. Wrzosowej, Osterwy, Czajkowskiego, Irysowej, Frezji, Bernackiego (domy i szereg\u00f3wki) oraz za ++ z Rodzin<\/p>\n<\/td>\n<\/tr>\n<tr style=\"height: 46px;\">\n<td style=\"height: 46px;\" width=\"66\">\n<p>17.00<\/p>\n<\/td>\n<td style=\"height: 46px;\" width=\"531\">\n<p>++ Mieczys\u0142aw i Anna<\/p>\n<\/td>\n<\/tr>\n<tr style=\"height: 114px;\">\n<td style=\"height: 160px;\" rowspan=\"2\" width=\"111\">\n<p>07.01.2022r.<\/p>\n<p>Pi\u0105tek<\/p>\n<\/td>\n<td style=\"height: 114px;\" width=\"66\">\n<p>7.00<\/p>\n<\/td>\n<td style=\"height: 114px;\" width=\"531\">\n<p>1. Dzi\u0119kczynna w 70r. urodzin z pro\u015bb\u0105 o Bo\u017ce b\u0142ogos\u0142awie\u0144stwo na\u00a0dalsze lata<br \/>\n2. + Franciszka (f) \u015anie\u017cek gr.7<br \/>\n3. + Franciszka (f) Sowa \u2013 z int. wnuka \u0141ukasza z Rodzin\u0105<br \/>\n4. + Mariusz Kusy<\/p>\n<\/td>\n<\/tr>\n<tr style=\"height: 46px;\">\n<td style=\"height: 46px;\" width=\"66\">\n<p>18.00<\/p>\n<\/td>\n<td style=\"height: 46px;\" width=\"531\">\n<p>+ W\u0142adys\u0142awa (f) Sikora gr.29<\/p>\n<\/td>\n<\/tr>\n<tr style=\"height: 91px;\">\n<td style=\"height: 160px;\" rowspan=\"2\" width=\"111\">\n<p>08.01.2022r.<\/p>\n<p>Sobota<\/p>\n<\/td>\n<td style=\"height: 91px;\" width=\"66\">\n<p>7.00<\/p>\n<\/td>\n<td style=\"height: 91px;\" width=\"531\">\n<p>1. + Franciszka (f) \u015anie\u017cek gr.8<br \/>\n2. + Franciszka (f) Sowa \u2013 z int. wnuka Jakuba z \u017con\u0105<br \/>\n3. + Genowefa Szczepa\u0144ska \u2013 z int. Wojciecha Pa\u0142ki z \u017con\u0105 i dzie\u0107mi<\/p>\n<\/td>\n<\/tr>\n<tr style=\"height: 69px;\">\n<td style=\"height: 69px;\" width=\"66\">\n<p>18.00<\/p>\n<\/td>\n<td style=\"height: 69px;\" width=\"531\">\n<p>1. + W\u0142adys\u0142awa (f) Sikora gr.(zako\u0144czenie)<br \/>\n2. + Emil Kloc<\/p>\n<\/td>\n<\/tr>\n<tr style=\"height: 69px;\">\n<td style=\"height: 322px;\" rowspan=\"6\" width=\"111\">\n<p>09.01.2022r.<\/p>\n<p>Niedziela<\/p>\n<\/td>\n<td style=\"height: 69px;\" width=\"66\">\n<p>7.00<\/p>\n<\/td>\n<td style=\"height: 69px;\" width=\"531\">\n<p>1. + Marek Sznajder gr.(rozpocz\u0119cie)<br \/>\n2. + W\u0142adys\u0142aw Bober<\/p>\n<\/td>\n<\/tr>\n<tr style=\"height: 46px;\">\n<td style=\"height: 46px;\" width=\"66\">\n<p>9.00<\/p>\n<\/td>\n<td style=\"height: 46px;\" width=\"531\">\n<p>+ Stefania w 6r. \u015bmierci<\/p>\n<\/td>\n<\/tr>\n<tr style=\"height: 46px;\">\n<td style=\"height: 46px;\" width=\"66\">\n<p>10.30<\/p>\n<\/td>\n<td style=\"height: 46px;\" width=\"531\">\n<p>+ Franciszka (f) \u015anie\u017cek gr.9<\/p>\n<\/td>\n<\/tr>\n<tr style=\"height: 46px;\">\n<td style=\"height: 46px;\" width=\"66\">\n<p>12.00<\/p>\n<\/td>\n<td style=\"height: 46px;\" width=\"531\">\n<p>+ J\u00f3zef Kutniewski w 11r. \u015bmierci<\/p>\n<\/td>\n<\/tr>\n<tr style=\"height: 69px;\">\n<td style=\"height: 69px;\" width=\"66\">\n<p>14.00<\/p>\n<\/td>\n<td style=\"height: 69px;\" width=\"531\">\n<p>O Bo\u017ce b\u0142ogos\u0142awie\u0144stwo, opiek\u0119 Matki Bo\u017cej i potrzebne \u0142aski w nowym roku dla mieszka\u0144c\u00f3w z ul. Dunikowskiego (domy i bloki), Forsycji (domy i bloki), \u0141an\u00f3w oraz za ++ z Rodzin<\/p>\n<\/td>\n<\/tr>\n<tr style=\"height: 46px;\">\n<td style=\"height: 46px;\" width=\"66\">\n<p>17.00<\/p>\n<\/td>\n<td style=\"height: 46px;\" width=\"531\">\n<p>Za Parafian<\/p>\n<\/td>\n<\/tr>\n<\/tbody>\n<\/table>\n<p>&nbsp;<\/p>\n","protected":false},"excerpt":{"rendered":"<p>03.01.2022r. Poniedzia\u0142ek 7.00 1. + W\u0142adys\u0142awa (f) Sikora gr.25 2. + Franciszka (f) \u015anie\u017cek gr.3 3. + Adrianna Szoblik \u2013 z int. kole\u017canek Agaty z Rodzin\u0105 18.00 1. O zdrowie i Bo\u017ce b\u0142ogos\u0142awie\u0144stwo dla Franciszka 2. + Stanis\u0142awa \u00a0Piszcz \u00a0\u2013 \u00a0z \u00a0int. \u00a0kole\u017canek\u00a0 i\u00a0 koleg\u00f3w\u00a0 emeryt\u00f3w z samochod\u00f3wki 04.01.2022r. Wtorek 7.00 1. + W\u0142adys\u0142awa (f) <a class=\"read-more\" href=\"https:\/\/parafiazalesie.org\/index.php\/2022\/01\/04\/intencje-mszalne-03-09-01-2022r\/\"><\/p>\n<p>Zobacz wi\u0119cej<\/a><\/p>\n","protected":false},"author":1,"featured_media":111,"comment_status":"closed","ping_status":"closed","sticky":false,"template":"","format":"standard","meta":{"ngg_post_thumbnail":0,"footnotes":""},"categories":[5],"tags":[],"class_list":["post-607","post","type-post","status-publish","format-standard","has-post-thumbnail","hentry","category-intencje"],"_links":{"self":[{"href":"https:\/\/parafiazalesie.org\/index.php\/wp-json\/wp\/v2\/posts\/607","targetHints":{"allow":["GET"]}}],"collection":[{"href":"https:\/\/parafiazalesie.org\/index.php\/wp-json\/wp\/v2\/posts"}],"about":[{"href":"https:\/\/parafiazalesie.org\/index.php\/wp-json\/wp\/v2\/types\/post"}],"author":[{"embeddable":true,"href":"https:\/\/parafiazalesie.org\/index.php\/wp-json\/wp\/v2\/users\/1"}],"replies":[{"embeddable":true,"href":"https:\/\/parafiazalesie.org\/index.php\/wp-json\/wp\/v2\/comments?post=607"}],"version-history":[{"count":0,"href":"https:\/\/parafiazalesie.org\/index.php\/wp-json\/wp\/v2\/posts\/607\/revisions"}],"wp:featuredmedia":[{"embeddable":true,"href":"https:\/\/parafiazalesie.org\/index.php\/wp-json\/wp\/v2\/media\/111"}],"wp:attachment":[{"href":"https:\/\/parafiazalesie.org\/index.php\/wp-json\/wp\/v2\/media?parent=607"}],"wp:term":[{"taxonomy":"category","embeddable":true,"href":"https:\/\/parafiazalesie.org\/index.php\/wp-json\/wp\/v2\/categories?post=607"},{"taxonomy":"post_tag","embeddable":true,"href":"https:\/\/parafiazalesie.org\/index.php\/wp-json\/wp\/v2\/tags?post=607"}],"curies":[{"name":"wp","href":"https:\/\/api.w.org\/{rel}","templated":true}]}}