{"id":584,"date":"2021-12-31T10:49:44","date_gmt":"2021-12-31T09:49:44","guid":{"rendered":"https:\/\/parafiazalesie.org\/?p=584"},"modified":"2021-12-23T10:30:08","modified_gmt":"2021-12-23T09:30:08","slug":"ogloszenia-ii-niedziela-po-narodzeniu-panskim-02-01-2022-r","status":"publish","type":"post","link":"https:\/\/parafiazalesie.org\/index.php\/2021\/12\/31\/ogloszenia-ii-niedziela-po-narodzeniu-panskim-02-01-2022-r\/","title":{"rendered":"OG\u0141OSZENIA II Niedziela po Narodzeniu Pa\u0144skim 02.01.2022 r."},"content":{"rendered":"<ol>\n<li><strong>We wtorek<\/strong> 4 stycznia:\n<ul>\n<li>po Mszy \u015bw. zapraszamy na spotkanie Wsp\u00f3lnoty Doros\u0142ych.<\/li>\n<\/ul>\n<\/li>\n<li><strong>W \u015brod\u0119 <\/strong>5 stycznia:\n<ul>\n<li>po Mszy \u015bw. Nowenna do Matki Bo\u017cej Nieustaj\u0105cej Pomocy, Pani Zaleskiej, a po niej adoracja Naj\u015bwi\u0119tszego Sakramentu do godz. 20:00.<\/li>\n<\/ul>\n<\/li>\n<li><strong>W czwartek <\/strong>6 stycznia:\n<ul>\n<li><strong>Uroczysto\u015b\u0107 Objawienia Pa\u0144skiego (Trzech Kr\u00f3li)<\/strong>,<\/li>\n<li>Msze \u015bw. jak w ka\u017cd\u0105 niedziel\u0119,<\/li>\n<li>sk\u0142adka przeznaczona b\u0119dzie na misje,<\/li>\n<li>rocznica konsekracji Bp\u00f3w Kazimierza i Edwarda, polecamy ich Bogu w modlitwie,<\/li>\n<li>po Mszach \u015bw. po\u015bwi\u0119cenie kadzid\u0142a i kredy,<\/li>\n<li>o godz. 14:00 na Msz\u0119 \u015bw. kol\u0119dow\u0105, zapraszamy mieszka\u0144c\u00f3w ul.: Wrzosowej, Osterwy, Czajkowskiego, Irysowej, Frezji, Bernackiego (domy i szereg\u00f3wki).<\/li>\n<\/ul>\n<\/li>\n<li>Mo\u017cliwo\u015b\u0107 skorzystania z sakramentu pokuty i pojednania codziennie przed Mszami \u015bw. a w pierwszy pi\u0105tek od godz. 17:00.<\/li>\n<li><strong>W pierwszy pi\u0105tek <\/strong>7 stycznia:\n<ul>\n<li>zapraszamy do uczczenia Naj\u015bwi\u0119tszego Serca Pana Jezusa,<\/li>\n<li>po nabo\u017ce\u0144stwie pierwszego pi\u0105tku adoracja Naj\u015bwi\u0119tszego Sakramentu do godz. 20:00.<\/li>\n<\/ul>\n<\/li>\n<li><strong>W niedziel\u0119<\/strong> 9 stycznia:\n<ul>\n<li><strong>\u015awi\u0119to Chrztu Pa\u0144skiego,<\/strong><\/li>\n<li>koniec okresu Narodzenia Pa\u0144skiego, tradycyjny \u015bpiew kol\u0119d do 2 lutego,<\/li>\n<li>R\u00f3\u017caniec poprowadzi R\u00f3\u017ca b\u0142. Marii Teresy Led\u00f3chowskiej,<\/li>\n<li>o godz. 14:00 na Msz\u0119 \u015bw. kol\u0119dow\u0105, zapraszamy mieszka\u0144c\u00f3w ul.: Dunikowskiego (domy i bloki), Forsycji (domy i bloki) oraz \u0141an\u00f3w.<\/li>\n<\/ul>\n<\/li>\n<\/ol>\n","protected":false},"excerpt":{"rendered":"<p>We wtorek 4 stycznia: po Mszy \u015bw. zapraszamy na spotkanie Wsp\u00f3lnoty Doros\u0142ych. W \u015brod\u0119 5 stycznia: po Mszy \u015bw. Nowenna do Matki Bo\u017cej Nieustaj\u0105cej Pomocy, Pani Zaleskiej, a po niej adoracja Naj\u015bwi\u0119tszego Sakramentu do godz. 20:00. W czwartek 6 stycznia: Uroczysto\u015b\u0107 Objawienia Pa\u0144skiego (Trzech Kr\u00f3li), Msze \u015bw. jak w ka\u017cd\u0105 niedziel\u0119, sk\u0142adka przeznaczona b\u0119dzie na <a class=\"read-more\" href=\"https:\/\/parafiazalesie.org\/index.php\/2021\/12\/31\/ogloszenia-ii-niedziela-po-narodzeniu-panskim-02-01-2022-r\/\"><\/p>\n<p>Zobacz wi\u0119cej<\/a><\/p>\n","protected":false},"author":1,"featured_media":594,"comment_status":"closed","ping_status":"closed","sticky":false,"template":"","format":"standard","meta":{"ngg_post_thumbnail":0,"footnotes":""},"categories":[3],"tags":[],"class_list":["post-584","post","type-post","status-publish","format-standard","has-post-thumbnail","hentry","category-ogloszenia"],"_links":{"self":[{"href":"https:\/\/parafiazalesie.org\/index.php\/wp-json\/wp\/v2\/posts\/584","targetHints":{"allow":["GET"]}}],"collection":[{"href":"https:\/\/parafiazalesie.org\/index.php\/wp-json\/wp\/v2\/posts"}],"about":[{"href":"https:\/\/parafiazalesie.org\/index.php\/wp-json\/wp\/v2\/types\/post"}],"author":[{"embeddable":true,"href":"https:\/\/parafiazalesie.org\/index.php\/wp-json\/wp\/v2\/users\/1"}],"replies":[{"embeddable":true,"href":"https:\/\/parafiazalesie.org\/index.php\/wp-json\/wp\/v2\/comments?post=584"}],"version-history":[{"count":0,"href":"https:\/\/parafiazalesie.org\/index.php\/wp-json\/wp\/v2\/posts\/584\/revisions"}],"wp:featuredmedia":[{"embeddable":true,"href":"https:\/\/parafiazalesie.org\/index.php\/wp-json\/wp\/v2\/media\/594"}],"wp:attachment":[{"href":"https:\/\/parafiazalesie.org\/index.php\/wp-json\/wp\/v2\/media?parent=584"}],"wp:term":[{"taxonomy":"category","embeddable":true,"href":"https:\/\/parafiazalesie.org\/index.php\/wp-json\/wp\/v2\/categories?post=584"},{"taxonomy":"post_tag","embeddable":true,"href":"https:\/\/parafiazalesie.org\/index.php\/wp-json\/wp\/v2\/tags?post=584"}],"curies":[{"name":"wp","href":"https:\/\/api.w.org\/{rel}","templated":true}]}}