{"id":550,"date":"2021-12-08T09:00:55","date_gmt":"2021-12-08T08:00:55","guid":{"rendered":"https:\/\/parafiazalesie.org\/?p=550"},"modified":"2021-12-08T09:03:06","modified_gmt":"2021-12-08T08:03:06","slug":"uroczystosc-niepokalanego-poczecia-nmp","status":"publish","type":"post","link":"https:\/\/parafiazalesie.org\/index.php\/2021\/12\/08\/uroczystosc-niepokalanego-poczecia-nmp\/","title":{"rendered":"Uroczysto\u015b\u0107 Niepokalanego Pocz\u0119cia NMP"},"content":{"rendered":"<div class=\"o9v6fnle cxmmr5t8 oygrvhab hcukyx3x c1et5uql ii04i59q\">\n<div dir=\"auto\">W naszym ko\u015bciele:<\/div>\n<\/div>\n<div class=\"o9v6fnle cxmmr5t8 oygrvhab hcukyx3x c1et5uql ii04i59q\">\n<div dir=\"auto\">7.00, 9.00 Msze \u015awi\u0119te z kazaniem<\/div>\n<\/div>\n<div class=\"o9v6fnle cxmmr5t8 oygrvhab hcukyx3x c1et5uql ii04i59q\">\n<div dir=\"auto\"><strong>12.00 GODZINA \u0141ASKI<\/strong><\/div>\n<\/div>\n<div class=\"o9v6fnle cxmmr5t8 oygrvhab hcukyx3x c1et5uql ii04i59q\">\n<div dir=\"auto\">18.00 Msza \u015awi\u0119ta Roratnia z kazaniem i \u015brodow\u0105 nowenn\u0105<\/div>\n<\/div>\n<div class=\"o9v6fnle cxmmr5t8 oygrvhab hcukyx3x c1et5uql ii04i59q\">\n<div dir=\"auto\">19.00 &#8211; 20.00 cotygodniowa Adoracja Naj\u015bwi\u0119tszego Sakramentu<\/div>\n<div dir=\"auto\">\u00a0<\/div>\n<\/div>\n<div class=\"o9v6fnle cxmmr5t8 oygrvhab hcukyx3x c1et5uql ii04i59q\">\n<div dir=\"auto\">Prawda o Niepokalanym Pocz\u0119ciu Naj\u015bwi\u0119tszej Maryi Panny jest dogmatem wiary og\u0142oszonym uroczy\u015bcie 8 grudnia 1854 roku przez papie\u017ca Piusa IX bull\u0105 Innefabilis Deus.<\/div>\n<\/div>\n<div class=\"o9v6fnle cxmmr5t8 oygrvhab hcukyx3x c1et5uql ii04i59q\">\n<div dir=\"auto\">Dogmat ten g\u0142osi, \u017ce Maryja od momentu pocz\u0119cia zosta\u0142a zachowana nie tylko od wszelkiego grzechu, kt\u00f3rego mog\u0142aby si\u0119 dopu\u015bci\u0107, ale r\u00f3wnie\u017c od dziedziczonego przez wszystkich ludzi grzechu pierworodnego. Sta\u0142o si\u0119 tak z uwagi na Bo\u017ce plany wzgl\u0119dem Maryi.<\/div>\n<\/div>\n<div class=\"o9v6fnle cxmmr5t8 oygrvhab hcukyx3x c1et5uql ii04i59q\">\n<div dir=\"auto\">Historia samego dogmatu o Niepokalanym Pocz\u0119ciu si\u0119ga pierwszych wiek\u00f3w chrze\u015bcija\u0144stwa, kiedy liczni teologowie wskazywali na szczeg\u00f3ln\u0105 rol\u0119 Maryi, a Ojcowie Ko\u015bcio\u0142a nazywali j\u0105 \u201eczyst\u0105\u201d, \u201ebez skazy\u201d oraz \u201eniewinn\u0105\u201d. W Ko\u015bciele zachodnim ju\u017c w VIII wieku ustanowiono \u015bwi\u0119to Pocz\u0119cia Maryi. W 1477 roku papie\u017c Sykstus IV ustanowi\u0142 w Rzymie \u015bwi\u0119to Pocz\u0119cia Niepokalanej, kt\u00f3re od czas\u00f3w papie\u017ca Piusa V zacz\u0119to obchodzi\u0107 w ca\u0142ym Ko\u015bciele.<\/div>\n<\/div>\n<div class=\"o9v6fnle cxmmr5t8 oygrvhab hcukyx3x c1et5uql ii04i59q\">\n<div dir=\"auto\">Og\u0142oszony w 1854 roku dogmat potwierdzi\u0142a sama Maryja cztery lata p\u00f3\u017aniej podczas objawie\u0144 w Lourdes, gdzie przedstawi\u0142a si\u0119 Bernadecie Soubirous jako \u201eNiepokalane Pocz\u0119cie\u201d.<\/div>\n<\/div>\n<div class=\"o9v6fnle cxmmr5t8 oygrvhab hcukyx3x c1et5uql ii04i59q\">\n<div dir=\"auto\">Zgodnie z kanonem 1246 Kodeksu Prawa Kanonicznego w dniu dzisiejszym mamy obowi\u0105zek uczestniczy\u0107 w Eucharystii, jednak na mocy dekretu Kongregacji ds. Kultu Bo\u017cego i Dyscypliny Sakrament\u00f3w z 4 marca 2003 roku Polacy s\u0105 zwolnieni z tego obowi\u0105zku ze wzgl\u0119du na fakt, i\u017c 8 grudnia nie jest dniem ustawowo wolnym od pracy.<img loading=\"lazy\" decoding=\"async\" class=\"aligncenter wp-image-553 size-full\" src=\"https:\/\/parafiazalesie.org\/wp-content\/uploads\/2021\/12\/u2.jpg\" alt=\"\" width=\"888\" height=\"551\" srcset=\"https:\/\/parafiazalesie.org\/wp-content\/uploads\/2021\/12\/u2.jpg 888w, https:\/\/parafiazalesie.org\/wp-content\/uploads\/2021\/12\/u2-300x186.jpg 300w, https:\/\/parafiazalesie.org\/wp-content\/uploads\/2021\/12\/u2-768x477.jpg 768w\" sizes=\"auto, (max-width: 888px) 100vw, 888px\" \/><\/div>\n<\/div>\n","protected":false},"excerpt":{"rendered":"<p>W naszym ko\u015bciele: 7.00, 9.00 Msze \u015awi\u0119te z kazaniem 12.00 GODZINA \u0141ASKI 18.00 Msza \u015awi\u0119ta Roratnia z kazaniem i \u015brodow\u0105 nowenn\u0105 19.00 &#8211; 20.00 cotygodniowa Adoracja Naj\u015bwi\u0119tszego Sakramentu \u00a0 Prawda o Niepokalanym Pocz\u0119ciu Naj\u015bwi\u0119tszej Maryi Panny jest dogmatem wiary og\u0142oszonym uroczy\u015bcie 8 grudnia 1854 roku przez papie\u017ca Piusa IX bull\u0105 Innefabilis Deus. Dogmat ten g\u0142osi, <a class=\"read-more\" href=\"https:\/\/parafiazalesie.org\/index.php\/2021\/12\/08\/uroczystosc-niepokalanego-poczecia-nmp\/\"><\/p>\n<p>Zobacz wi\u0119cej<\/a><\/p>\n","protected":false},"author":1,"featured_media":551,"comment_status":"closed","ping_status":"closed","sticky":false,"template":"","format":"standard","meta":{"ngg_post_thumbnail":0,"footnotes":""},"categories":[6],"tags":[],"class_list":["post-550","post","type-post","status-publish","format-standard","has-post-thumbnail","hentry","category-aktualnosci"],"_links":{"self":[{"href":"https:\/\/parafiazalesie.org\/index.php\/wp-json\/wp\/v2\/posts\/550","targetHints":{"allow":["GET"]}}],"collection":[{"href":"https:\/\/parafiazalesie.org\/index.php\/wp-json\/wp\/v2\/posts"}],"about":[{"href":"https:\/\/parafiazalesie.org\/index.php\/wp-json\/wp\/v2\/types\/post"}],"author":[{"embeddable":true,"href":"https:\/\/parafiazalesie.org\/index.php\/wp-json\/wp\/v2\/users\/1"}],"replies":[{"embeddable":true,"href":"https:\/\/parafiazalesie.org\/index.php\/wp-json\/wp\/v2\/comments?post=550"}],"version-history":[{"count":0,"href":"https:\/\/parafiazalesie.org\/index.php\/wp-json\/wp\/v2\/posts\/550\/revisions"}],"wp:featuredmedia":[{"embeddable":true,"href":"https:\/\/parafiazalesie.org\/index.php\/wp-json\/wp\/v2\/media\/551"}],"wp:attachment":[{"href":"https:\/\/parafiazalesie.org\/index.php\/wp-json\/wp\/v2\/media?parent=550"}],"wp:term":[{"taxonomy":"category","embeddable":true,"href":"https:\/\/parafiazalesie.org\/index.php\/wp-json\/wp\/v2\/categories?post=550"},{"taxonomy":"post_tag","embeddable":true,"href":"https:\/\/parafiazalesie.org\/index.php\/wp-json\/wp\/v2\/tags?post=550"}],"curies":[{"name":"wp","href":"https:\/\/api.w.org\/{rel}","templated":true}]}}