{"id":538,"date":"2021-12-03T14:19:40","date_gmt":"2021-12-03T13:19:40","guid":{"rendered":"https:\/\/parafiazalesie.org\/?p=538"},"modified":"2021-12-02T14:21:22","modified_gmt":"2021-12-02T13:21:22","slug":"intencje-mszalne-06-12-12-2021r","status":"publish","type":"post","link":"https:\/\/parafiazalesie.org\/index.php\/2021\/12\/03\/intencje-mszalne-06-12-12-2021r\/","title":{"rendered":"INTENCJE MSZALNE 06 \u2013 12.12.2021r."},"content":{"rendered":"<table style=\"width: 100%;\" width=\"709\">\n<tbody>\n<tr>\n<td style=\"width: 15.6716%;\" rowspan=\"2\" width=\"111\">\n<p>06.12.2021r.<\/p>\n<p>Poniedzia\u0142ek<\/p>\n<\/td>\n<td style=\"width: 9.2869%;\" width=\"66\">\n<p>7.00<\/p>\n<\/td>\n<td style=\"width: 74.9585%;\" width=\"531\">\n<p>1. + Franciszka (f) Sowa gr.27<br \/>\n2. ++ Wac\u0142aw i Honorata i ++ z rodziny<br \/>\n3. ++ Wincenty i W\u0142adys\u0142awa<\/p>\n<\/td>\n<\/tr>\n<tr>\n<td style=\"width: 9.2869%;\" width=\"66\">\n<p>18.00<\/p>\n<\/td>\n<td style=\"width: 74.9585%;\" width=\"531\">\n<p>1. + Czes\u0142aw Bal gr.18<br \/>\n2. + Kazimierz Mazur<br \/>\n3. ++ Miko\u0142aj, Maria i Wincenty Czyrek<\/p>\n<\/td>\n<\/tr>\n<tr>\n<td style=\"width: 15.6716%;\" rowspan=\"2\" width=\"111\">\n<p>07.12.2021r.<\/p>\n<p>Wtorek<\/p>\n<\/td>\n<td style=\"width: 9.2869%;\" width=\"66\">\n<p>7.00<\/p>\n<\/td>\n<td style=\"width: 74.9585%;\" width=\"531\">\n<p>1. + Franciszka (f) Sowa gr.28<br \/>\n2. + Helena Trawka w 25r. \u015bmierci<br \/>\n3. + Jerzy Furman \u2013 z int. s\u0105siad\u00f3w z ul. Mieczykowej<\/p>\n<\/td>\n<\/tr>\n<tr>\n<td style=\"width: 9.2869%;\" width=\"66\">\n<p>18.00<\/p>\n<\/td>\n<td style=\"width: 74.9585%;\" width=\"531\">\n<p>1. + Czes\u0142aw Bal gr.19<br \/>\n2. + Krzysztof Stachurski<\/p>\n<\/td>\n<\/tr>\n<tr>\n<td style=\"width: 15.6716%;\" rowspan=\"3\" width=\"111\">\n<p>08.12.2021r.<\/p>\n<p>\u015aroda<\/p>\n<\/td>\n<td style=\"width: 9.2869%;\" width=\"66\">\n<p>7.00<\/p>\n<\/td>\n<td style=\"width: 74.9585%;\" width=\"531\">\n<p>1. + Franciszka (f) Sowa gr.29<br \/>\n2. + Barbara Kowalska\u00a0<\/p>\n<\/td>\n<\/tr>\n<tr>\n<td style=\"width: 9.2869%;\" width=\"66\">\n<p>9.00<\/p>\n<\/td>\n<td style=\"width: 74.9585%;\" width=\"531\">\n<p>&nbsp;<\/p>\n<\/td>\n<\/tr>\n<tr>\n<td style=\"width: 9.2869%;\" width=\"66\">\n<p>18.00<\/p>\n<\/td>\n<td style=\"width: 74.9585%;\" width=\"531\">\n<p>1. O Bo\u017ce b\u0142ogos\u0142awie\u0144stwo i opiek\u0119 Matki Bo\u017cej dla cz\u0142onk\u00f3w Kr\u0119gu Domowego Ko\u015bcio\u0142a i ich rodzin<br \/>\n2. + Czes\u0142aw Bal gr.20<\/p>\n<\/td>\n<\/tr>\n<tr>\n<td style=\"width: 15.6716%;\" rowspan=\"2\" width=\"111\">\n<p>09.12.2021r.<\/p>\n<p>Czwartek<\/p>\n<\/td>\n<td style=\"width: 9.2869%;\" width=\"66\">\n<p>7.00<\/p>\n<\/td>\n<td style=\"width: 74.9585%;\" width=\"531\">\n<p>1. + Franciszka (f) Sowa gr.(zako\u0144czenie)<br \/>\n2. + Maria Borek w 5r. \u015bmierci<br \/>\n3. + Maria Krowiak w 30r. \u015bmierci i + W\u0142adys\u0142aw<\/p>\n<\/td>\n<\/tr>\n<tr>\n<td style=\"width: 9.2869%;\" width=\"66\">\n<p>18.00<\/p>\n<\/td>\n<td style=\"width: 74.9585%;\" width=\"531\">\n<p>1. + Czes\u0142aw Bal gr.21<br \/>\n2. + Alfred Bembenek<\/p>\n<\/td>\n<\/tr>\n<tr>\n<td style=\"width: 15.6716%;\" rowspan=\"2\" width=\"111\">\n<p>10.12.2021r.<\/p>\n<p>Pi\u0105tek<\/p>\n<\/td>\n<td style=\"width: 9.2869%;\" width=\"66\">\n<p>7.00<\/p>\n<\/td>\n<td style=\"width: 74.9585%;\" width=\"531\">\n<p>1. O zdrowie, Bo\u017ce b\u0142ogos\u0142awie\u0144stwo i opiek\u0119 Matki Bo\u017cej Zaleskiej dla Adeli Wnuk<br \/>\n2. + W\u0142adys\u0142awa (f) Sikora gr.(rozpocz\u0119cie)<br \/>\n3. + Jadwiga Kinasz &#8211; z int. Si\u00f3str z R\u00f3\u017cy \u015bw. Faustyny (Anny Kuczmendy)<\/p>\n<\/td>\n<\/tr>\n<tr>\n<td style=\"width: 9.2869%;\" width=\"66\">\n<p>18.00<\/p>\n<\/td>\n<td style=\"width: 74.9585%;\" width=\"531\">\n<p>1. O intronizacj\u0119 Serca Jezusowego we wszystkich sercach ludzkich<br \/>\n2. + Czes\u0142aw Bal gr.22<\/p>\n<\/td>\n<\/tr>\n<tr>\n<td style=\"width: 15.6716%;\" rowspan=\"2\" width=\"111\">\n<p>11.12.2021r.<\/p>\n<p>Sobota<\/p>\n<\/td>\n<td style=\"width: 9.2869%;\" width=\"66\">\n<p>7.00<\/p>\n<\/td>\n<td style=\"width: 74.9585%;\" width=\"531\">\n<p>1. Dzi\u0119kczynna za otrzymane \u0142aski z pro\u015bb\u0105 o dalsze b\u0142ogos\u0142awie\u0144stwo Bo\u017ce dla si\u00f3str z R\u00f3\u017cy \u015bw. Jadwigi \u015al\u0105skiej (Danuty Kubit)<br \/>\n2. + W\u0142adys\u0142awa (f) Sikora gr.2<br \/>\n3. + Barbara Kowalska<\/p>\n<\/td>\n<\/tr>\n<tr>\n<td style=\"width: 9.2869%;\" width=\"66\">\n<p>18.00<\/p>\n<\/td>\n<td style=\"width: 74.9585%;\" width=\"531\">\n<p>1. + Czes\u0142aw Bal gr.23<br \/>\n2. ++ Helena i Stanis\u0142aw Cyrek<\/p>\n<\/td>\n<\/tr>\n<tr>\n<td style=\"width: 15.6716%;\" rowspan=\"5\" width=\"111\">\n<p>12.12.2021r.<\/p>\n<p>Niedziela<\/p>\n<\/td>\n<td style=\"width: 9.2869%;\" width=\"66\">\n<p>7.00<\/p>\n<\/td>\n<td style=\"width: 74.9585%;\" width=\"531\">\n<p>1. Za Parafian<br \/>\n2. + Jadwiga Kinasz \u2013 z int. rodziny Grochola z Soko\u0142owa<\/p>\n<\/td>\n<\/tr>\n<tr>\n<td style=\"width: 9.2869%;\" width=\"66\">\n<p>9.00<\/p>\n<\/td>\n<td style=\"width: 74.9585%;\" width=\"531\">\n<p>+ W\u0142adys\u0142awa (f) Sikora gr.3<\/p>\n<\/td>\n<\/tr>\n<tr>\n<td style=\"width: 9.2869%;\" width=\"66\">\n<p>10.30<\/p>\n<\/td>\n<td style=\"width: 74.9585%;\" width=\"531\">\n<p>+ Bronis\u0142awa (f) Cyrek<\/p>\n<\/td>\n<\/tr>\n<tr>\n<td style=\"width: 9.2869%;\" width=\"66\">\n<p>12.00<\/p>\n<\/td>\n<td style=\"width: 74.9585%;\" width=\"531\">\n<p>+ Czes\u0142aw Bal gr.24<\/p>\n<\/td>\n<\/tr>\n<tr>\n<td style=\"width: 9.2869%;\" width=\"66\">\n<p>17.00<\/p>\n<\/td>\n<td style=\"width: 74.9585%;\" width=\"531\">\n<p>+ Eugeniusz Ferenc<\/p>\n<\/td>\n<\/tr>\n<\/tbody>\n<\/table>\n<p>&nbsp;<\/p>\n","protected":false},"excerpt":{"rendered":"<p>06.12.2021r. Poniedzia\u0142ek 7.00 1. + Franciszka (f) Sowa gr.27 2. ++ Wac\u0142aw i Honorata i ++ z rodziny 3. ++ Wincenty i W\u0142adys\u0142awa 18.00 1. + Czes\u0142aw Bal gr.18 2. + Kazimierz Mazur 3. ++ Miko\u0142aj, Maria i Wincenty Czyrek 07.12.2021r. Wtorek 7.00 1. + Franciszka (f) Sowa gr.28 2. + Helena Trawka w 25r. <a class=\"read-more\" href=\"https:\/\/parafiazalesie.org\/index.php\/2021\/12\/03\/intencje-mszalne-06-12-12-2021r\/\"><\/p>\n<p>Zobacz wi\u0119cej<\/a><\/p>\n","protected":false},"author":1,"featured_media":111,"comment_status":"closed","ping_status":"closed","sticky":false,"template":"","format":"standard","meta":{"ngg_post_thumbnail":0,"footnotes":""},"categories":[5],"tags":[],"class_list":["post-538","post","type-post","status-publish","format-standard","has-post-thumbnail","hentry","category-intencje"],"_links":{"self":[{"href":"https:\/\/parafiazalesie.org\/index.php\/wp-json\/wp\/v2\/posts\/538","targetHints":{"allow":["GET"]}}],"collection":[{"href":"https:\/\/parafiazalesie.org\/index.php\/wp-json\/wp\/v2\/posts"}],"about":[{"href":"https:\/\/parafiazalesie.org\/index.php\/wp-json\/wp\/v2\/types\/post"}],"author":[{"embeddable":true,"href":"https:\/\/parafiazalesie.org\/index.php\/wp-json\/wp\/v2\/users\/1"}],"replies":[{"embeddable":true,"href":"https:\/\/parafiazalesie.org\/index.php\/wp-json\/wp\/v2\/comments?post=538"}],"version-history":[{"count":0,"href":"https:\/\/parafiazalesie.org\/index.php\/wp-json\/wp\/v2\/posts\/538\/revisions"}],"wp:featuredmedia":[{"embeddable":true,"href":"https:\/\/parafiazalesie.org\/index.php\/wp-json\/wp\/v2\/media\/111"}],"wp:attachment":[{"href":"https:\/\/parafiazalesie.org\/index.php\/wp-json\/wp\/v2\/media?parent=538"}],"wp:term":[{"taxonomy":"category","embeddable":true,"href":"https:\/\/parafiazalesie.org\/index.php\/wp-json\/wp\/v2\/categories?post=538"},{"taxonomy":"post_tag","embeddable":true,"href":"https:\/\/parafiazalesie.org\/index.php\/wp-json\/wp\/v2\/tags?post=538"}],"curies":[{"name":"wp","href":"https:\/\/api.w.org\/{rel}","templated":true}]}}