{"id":534,"date":"2021-11-26T08:03:54","date_gmt":"2021-11-26T07:03:54","guid":{"rendered":"https:\/\/parafiazalesie.org\/?p=534"},"modified":"2021-11-29T14:11:10","modified_gmt":"2021-11-29T13:11:10","slug":"ogloszenia-i-niedziela-adwentu-28-11-20221-r","status":"publish","type":"post","link":"https:\/\/parafiazalesie.org\/index.php\/2021\/11\/26\/ogloszenia-i-niedziela-adwentu-28-11-20221-r\/","title":{"rendered":"OG\u0141OSZENIA I Niedziela Adwentu (28.11.20221 r.)"},"content":{"rendered":"<ol>\n<li><strong>Dzi\u015b<\/strong> <strong>rozpoczynamy Adwent<\/strong>: czas liturgicznego, radosnego oczekiwania na \u015awi\u0119ta Bo\u017cego Narodzenia, ale i oczekiwania na przyj\u015bcie Pana na ko\u0144cu czas\u00f3w. Od poniedzia\u0142ku zach\u0119camy rodziny, m\u0142odzie\u017c i dzieci do uczestnictwa w roratach. Msza \u015bw. roratnia wieczorem o godz. 18:00. Dla dzieci zosta\u0142y przygotowane pomoce w prze\u017cywaniu tegorocznego adwentu. S\u0105 to kartonowe plansze do uzupe\u0142niania na wz\u00f3r puzzli.\u00a0 Po\u015bwi\u0119cone tematowi budowania \u017cywego Ko\u015bcio\u0142a z pomoc\u0105 \u015bwi\u0119tych.<\/li>\n<li>Do spowiedzi zapraszamy codziennie przed Mszami \u015bw. zar\u00f3wno porann\u0105 jak i wieczorn\u0105. W pierwszy pi\u0105tek spowied\u017a od godz. 17:00.<\/li>\n<li><strong>We wtorek <\/strong>30 listopada:\n<ul>\n<li>\u015bwi\u0119to \u015bw. Andrzeja aposto\u0142a.<\/li>\n<\/ul>\n<\/li>\n<li><strong>W <\/strong><strong>\u015brod\u0119<\/strong> 1 grudnia:\n<ul>\n<li>po Mszy \u015bw. Nowenna do Matki Bo\u017cej Nieustaj\u0105cej Pomocy, Pani Zaleskiej, a po niej adoracja Naj\u015bwi\u0119tszego Sakramentu do godz. 20:00.<\/li>\n<\/ul>\n<\/li>\n<li>W tym tygodniu wypada <strong>pierwszy czwartek, pierwszy pi\u0105tek i pierwsza sobota miesi\u0105ca. <\/strong>Zach\u0119camy do udzia\u0142u w nabo\u017ce\u0144stwach w poszczeg\u00f3lne dni.<\/li>\n<li><strong>W czwartek<\/strong> 2 grudnia:\n<ul>\n<li>na Msz\u0119 \u015bw. o godz. 18:00, a po niej na spotkanie, zapraszamy drug\u0105 grup\u0119 kandydat\u00f3w do bierzmowania.<\/li>\n<\/ul>\n<\/li>\n<li><strong>W <\/strong><strong>pi\u0105tek<\/strong> 3 grudnia:\n<ul>\n<li>wspomnienie \u015bw. Franciszka Ksawerego,<\/li>\n<li>adoracja Naj\u015bwi\u0119tszego Sakramentu po nabo\u017ce\u0144stwie pierwszopi\u0105tkowym do godz. 20:00.<\/li>\n<\/ul>\n<\/li>\n<li><strong>W sobot\u0119<\/strong> 4 grudnia:\n<ul>\n<li>wspomnienie \u015bw. Barbary.<\/li>\n<\/ul>\n<\/li>\n<li><strong>W niedziel\u0119<\/strong> 5 grudnia:\n<ul>\n<li>po prymarii zmiana tajemnic r\u00f3\u017ca\u0144cowych,<\/li>\n<li>r\u00f3\u017caniec poprowadzi R\u00f3\u017ca \u015bw. Kingi,<\/li>\n<li>o godz. 12:00 Msza \u015bw. z udzia\u0142em dzieci,<\/li>\n<li>pob\u0142ogos\u0142awimy op\u0142atki na st\u00f3\u0142 wigilijny i mo\u017cna je b\u0119dzie zabra\u0107 sprzed o\u0142tarza. Je\u015bli kto\u015b chcia\u0142by z tej okazji z\u0142o\u017cy\u0107 ofiar\u0119 sk\u0142adajmy w kopercie na tac\u0119 z dopiskiem &#8211; &#8222;op\u0142atek&#8221;.<\/li>\n<li>obchodzimy 22 Dzie\u0144 Modlitwy i Pomocy materialnej Ko\u015bcio\u0142owi na Wschodzie. Po Mszach \u015bw. zbi\u00f3rka do puszek.<\/li>\n<\/ul>\n<\/li>\n<li>Chorych z sakramentem spowiedzi i komunii odwiedzimy bli\u017cej \u015awi\u0105t Bo\u017cego Narodzenia. Termin zostanie podany p\u00f3\u017aniej.<\/li>\n<li>Caritas b\u0119dzie kontynuowa\u0142o akcj\u0119 \u015awiece Wigilijnego Dzie\u0142a Pomocy Dzieciom. W zakrystii mo\u017cna naby\u0107 \u015bwiec\u0119 du\u017c\u0105 lub ma\u0142\u0105. Mo\u017cna r\u00f3wnie\u017c zabra\u0107 torb\u0119 mi\u0142osierdzia, przygotowa\u0107 paczk\u0119 \u2013 na zbli\u017caj\u0105ce si\u0119 \u015awi\u0119ta Bo\u017cego Narodzenia i dostarczy\u0107 do domu kogo\u015b potrzebuj\u0105cego.<\/li>\n<li>Bardzo dzi\u0119kujemy Wsp\u00f3lnocie Doros\u0142ych za przygotowanie dekoracji adwentowej przed o\u0142tarzem g\u0142\u00f3wnym naszej \u015bwi\u0105tyni.<\/li>\n<\/ol>\n<p><strong>Spotkania<\/strong><\/p>\n<ul>\n<li><strong>Kandydaci do bierzmowania<\/strong> \u2013 poniedzia\u0142ek, wtorek, czwartek po Mszy \u015bw.<\/li>\n<li><strong>Scholka dzieci\u0119ca<\/strong> \u2013 poniedzia\u0142ek 17:00<\/li>\n<li><strong>DA \u201eGrota<\/strong>\u201d \u2013 poniedzia\u0142ek 19:00<\/li>\n<li><strong>Ch\u00f3r \u201eCredo\u201d<\/strong> \u2013 wtorek 18:30<\/li>\n<li><strong>Wsp\u00f3lnota Doros\u0142ych<\/strong> \u2013 wtorek po Mszy \u015bw.<\/li>\n<li><strong>LSO<\/strong> &#8211; \u015broda po Mszy \u015bw.<\/li>\n<li><strong>Kandydaci na ministrant\u00f3w<\/strong> \u2013 czwartek 17:00<\/li>\n<li><strong>Ruch \u015awiat\u0142o &#8211; \u017bycie<\/strong> \u2013 pi\u0105tek po Mszy \u015bw.<\/li>\n<\/ul>\n","protected":false},"excerpt":{"rendered":"<p>Dzi\u015b rozpoczynamy Adwent: czas liturgicznego, radosnego oczekiwania na \u015awi\u0119ta Bo\u017cego Narodzenia, ale i oczekiwania na przyj\u015bcie Pana na ko\u0144cu czas\u00f3w. Od poniedzia\u0142ku zach\u0119camy rodziny, m\u0142odzie\u017c i dzieci do uczestnictwa w roratach. Msza \u015bw. roratnia wieczorem o godz. 18:00. Dla dzieci zosta\u0142y przygotowane pomoce w prze\u017cywaniu tegorocznego adwentu. S\u0105 to kartonowe plansze do uzupe\u0142niania na wz\u00f3r <a class=\"read-more\" href=\"https:\/\/parafiazalesie.org\/index.php\/2021\/11\/26\/ogloszenia-i-niedziela-adwentu-28-11-20221-r\/\"><\/p>\n<p>Zobacz wi\u0119cej<\/a><\/p>\n","protected":false},"author":1,"featured_media":537,"comment_status":"closed","ping_status":"closed","sticky":false,"template":"","format":"standard","meta":{"ngg_post_thumbnail":0,"footnotes":""},"categories":[3],"tags":[],"class_list":["post-534","post","type-post","status-publish","format-standard","has-post-thumbnail","hentry","category-ogloszenia"],"_links":{"self":[{"href":"https:\/\/parafiazalesie.org\/index.php\/wp-json\/wp\/v2\/posts\/534","targetHints":{"allow":["GET"]}}],"collection":[{"href":"https:\/\/parafiazalesie.org\/index.php\/wp-json\/wp\/v2\/posts"}],"about":[{"href":"https:\/\/parafiazalesie.org\/index.php\/wp-json\/wp\/v2\/types\/post"}],"author":[{"embeddable":true,"href":"https:\/\/parafiazalesie.org\/index.php\/wp-json\/wp\/v2\/users\/1"}],"replies":[{"embeddable":true,"href":"https:\/\/parafiazalesie.org\/index.php\/wp-json\/wp\/v2\/comments?post=534"}],"version-history":[{"count":0,"href":"https:\/\/parafiazalesie.org\/index.php\/wp-json\/wp\/v2\/posts\/534\/revisions"}],"wp:featuredmedia":[{"embeddable":true,"href":"https:\/\/parafiazalesie.org\/index.php\/wp-json\/wp\/v2\/media\/537"}],"wp:attachment":[{"href":"https:\/\/parafiazalesie.org\/index.php\/wp-json\/wp\/v2\/media?parent=534"}],"wp:term":[{"taxonomy":"category","embeddable":true,"href":"https:\/\/parafiazalesie.org\/index.php\/wp-json\/wp\/v2\/categories?post=534"},{"taxonomy":"post_tag","embeddable":true,"href":"https:\/\/parafiazalesie.org\/index.php\/wp-json\/wp\/v2\/tags?post=534"}],"curies":[{"name":"wp","href":"https:\/\/api.w.org\/{rel}","templated":true}]}}