{"id":532,"date":"2021-11-26T07:55:36","date_gmt":"2021-11-26T06:55:36","guid":{"rendered":"https:\/\/parafiazalesie.org\/?p=532"},"modified":"2021-11-26T07:55:36","modified_gmt":"2021-11-26T06:55:36","slug":"intencje-mszalne-29-11-05-12-2021r","status":"publish","type":"post","link":"https:\/\/parafiazalesie.org\/index.php\/2021\/11\/26\/intencje-mszalne-29-11-05-12-2021r\/","title":{"rendered":"INTENCJE MSZALNE 29.11 \u2013 05.12.2021r."},"content":{"rendered":"<p>&nbsp;<\/p>\n<table style=\"width: 100%; height: 1199px;\" width=\"709\">\n<tbody>\n<tr style=\"height: 91px;\">\n<td style=\"width: 15.6716%; height: 160px;\" rowspan=\"2\" width=\"111\">\n<p>29.11.2021r.<\/p>\n<p>Poniedzia\u0142ek<\/p>\n<\/td>\n<td style=\"width: 9.2869%; height: 91px;\" width=\"66\">\n<p>7.00<\/p>\n<\/td>\n<td style=\"width: 74.9585%; height: 91px;\" width=\"531\">\n<p>1. + Czes\u0142aw Bal gr.11<br \/>\n2. + Renata Makuch \u2013 z int. m\u0119\u017ca z dzie\u0107mi w dniu urodzin<br \/>\n3. + Maria Bere\u015b<\/p>\n<\/td>\n<\/tr>\n<tr style=\"height: 69px;\">\n<td style=\"width: 9.2869%; height: 69px;\" width=\"66\">\n<p>18.00<\/p>\n<\/td>\n<td style=\"width: 74.9585%; height: 69px;\" width=\"531\">\n<p>1. + Franciszka (f) Sowa gr.20<br \/>\n2. + Jan Kazimierz Mak\u00f3wka \u2013 z int. najbli\u017cszej rodziny<\/p>\n<\/td>\n<\/tr>\n<tr style=\"height: 91px;\">\n<td style=\"width: 15.6716%; height: 160px;\" rowspan=\"2\" width=\"111\">\n<p>30.11.2021r.<\/p>\n<p>Wtorek<\/p>\n<\/td>\n<td style=\"width: 9.2869%; height: 91px;\" width=\"66\">\n<p>7.00<\/p>\n<\/td>\n<td style=\"width: 74.9585%; height: 91px;\" width=\"531\">\n<p>1. + Czes\u0142aw Bal gr.12<br \/>\n2. ++ Zofia Klementyna, Teodor<br \/>\n3. ++ Dusze w czy\u015b\u0107cu cierpi\u0105ce<\/p>\n<\/td>\n<\/tr>\n<tr style=\"height: 69px;\">\n<td style=\"width: 9.2869%; height: 69px;\" width=\"66\">\n<p>18.00<\/p>\n<\/td>\n<td style=\"width: 74.9585%; height: 69px;\" width=\"531\">\n<p>1. + Franciszka (f) Sowa gr.21<br \/>\n2. + Rafa\u0142 Rybka w 1r. \u015bmierci<\/p>\n<\/td>\n<\/tr>\n<tr style=\"height: 91px;\">\n<td style=\"width: 15.6716%; height: 160px;\" rowspan=\"2\" width=\"111\">\n<p>01.12.2021r.<\/p>\n<p>\u015aroda<\/p>\n<\/td>\n<td style=\"width: 9.2869%; height: 91px;\" width=\"66\">\n<p>7.00<\/p>\n<\/td>\n<td style=\"width: 74.9585%; height: 91px;\" width=\"531\">\n<p>1. O zdrowie, Bo\u017ce b\u0142ogos\u0142awie\u0144stwo, opiek\u0119 Matki Bo\u017cej Zaleskiej dla Barbary Rzepki<br \/>\n2. + Czes\u0142aw Bal gr.13<br \/>\n3. ++ Dusze w czy\u015b\u0107cu cierpi\u0105ce<\/p>\n<\/td>\n<\/tr>\n<tr style=\"height: 69px;\">\n<td style=\"width: 9.2869%; height: 69px;\" width=\"66\">\n<p>18.00<\/p>\n<\/td>\n<td style=\"width: 74.9585%; height: 69px;\" width=\"531\">\n<p>1. + Franciszka (f) Sowa gr.22<br \/>\n2. ++ z rodziny<\/p>\n<\/td>\n<\/tr>\n<tr style=\"height: 91px;\">\n<td style=\"width: 15.6716%; height: 160px;\" rowspan=\"2\" width=\"111\">\n<p>02.12.2021r.<\/p>\n<p>Czwartek<\/p>\n<\/td>\n<td style=\"width: 9.2869%; height: 91px;\" width=\"66\">\n<p>7.00<\/p>\n<\/td>\n<td style=\"width: 74.9585%; height: 91px;\" width=\"531\">\n<p>1. + Czes\u0142aw Bal gr.14<br \/>\n2. ++ Zofia i Jan<br \/>\n3. + Tadeusz Sobkowicz<\/p>\n<\/td>\n<\/tr>\n<tr style=\"height: 69px;\">\n<td style=\"width: 9.2869%; height: 69px;\" width=\"66\">\n<p>18.00<\/p>\n<\/td>\n<td style=\"width: 74.9585%; height: 69px;\" width=\"531\">\n<p>1. + Franciszka (f) Sowa gr.23<br \/>\n2. ++ Anna i Jan<\/p>\n<\/td>\n<\/tr>\n<tr style=\"height: 114px;\">\n<td style=\"width: 15.6716%; height: 160px;\" rowspan=\"2\" width=\"111\">\n<p>03.12.2021r.<\/p>\n<p>Pi\u0105tek<\/p>\n<\/td>\n<td style=\"width: 9.2869%; height: 114px;\" width=\"66\">\n<p>7.00<\/p>\n<\/td>\n<td style=\"width: 74.9585%; height: 114px;\" width=\"531\">\n<p>1. + Czes\u0142aw Bal gr.15<br \/>\n2. ++ Anna i Stanis\u0142aw<br \/>\n3. + Krzysztof Kwasieborski<br \/>\n4. + Anna Marsza\u0142ek \u2013 z int. kole\u017canek c\u00f3rki z Harklowej<\/p>\n<\/td>\n<\/tr>\n<tr style=\"height: 46px;\">\n<td style=\"width: 9.2869%; height: 46px;\" width=\"66\">\n<p>18.00<\/p>\n<\/td>\n<td style=\"width: 74.9585%; height: 46px;\" width=\"531\">\n<p>+ Franciszka (f) Sowa gr.24<\/p>\n<\/td>\n<\/tr>\n<tr style=\"height: 91px;\">\n<td style=\"width: 15.6716%; height: 160px;\" rowspan=\"2\" width=\"111\">\n<p>04.12.2021r.<\/p>\n<p>Sobota<\/p>\n<\/td>\n<td style=\"width: 9.2869%; height: 91px;\" width=\"66\">\n<p>7.00<\/p>\n<\/td>\n<td style=\"width: 74.9585%; height: 91px;\" width=\"531\">\n<p>1. + Czes\u0142aw Bal gr.16<br \/>\n2. + Stanis\u0142awa (f) w 1r. \u015bmierci<br \/>\n3. + Renata Makuch w 1r. \u015bmierci \u2013 z int. m\u0119\u017ca i dzieci<\/p>\n<\/td>\n<\/tr>\n<tr style=\"height: 69px;\">\n<td style=\"width: 9.2869%; height: 69px;\" width=\"66\">\n<p>18.00<\/p>\n<\/td>\n<td style=\"width: 74.9585%; height: 69px;\" width=\"531\">\n<p>1. + Franciszka (f) Sowa gr.25<br \/>\n2. + Ma\u0142gorzata \u2013 z int. brata Krzysztofa z rodzin\u0105<\/p>\n<\/td>\n<\/tr>\n<tr style=\"height: 91px;\">\n<td style=\"width: 15.6716%; height: 239px;\" rowspan=\"5\" width=\"111\">\n<p>05.12.2021r.<\/p>\n<p>Niedziela<\/p>\n<\/td>\n<td style=\"width: 9.2869%; height: 91px;\" width=\"66\">\n<p>7.00<\/p>\n<\/td>\n<td style=\"width: 74.9585%; height: 91px;\" width=\"531\">\n<p>1. Dzi\u0119kczynna za otrzymane \u0142aski z pro\u015bb\u0105 o Bo\u017ce b\u0142ogos\u0142awie\u0144stwo i opiek\u0119 Matki Bo\u017cej Kr\u00f3lowej R\u00f3\u017ca\u0144ca dla Wsp\u00f3lnoty R\u00f3\u017c R\u00f3\u017ca\u0144cowych i ich rodzin<br \/>\n2. ++ Aniela, Jan i ++ z rodziny<\/p>\n<\/td>\n<\/tr>\n<tr style=\"height: 46px;\">\n<td style=\"width: 9.2869%; height: 46px;\" width=\"66\">\n<p>9.00<\/p>\n<\/td>\n<td style=\"width: 74.9585%; height: 46px;\" width=\"531\">\n<p>+ W\u0142adys\u0142aw<\/p>\n<\/td>\n<\/tr>\n<tr style=\"height: 46px;\">\n<td style=\"width: 9.2869%; height: 46px;\" width=\"66\">\n<p>10.30<\/p>\n<\/td>\n<td style=\"width: 74.9585%; height: 46px;\" width=\"531\">\n<p>+ Czes\u0142aw Bal gr.17<\/p>\n<\/td>\n<\/tr>\n<tr style=\"height: 46px;\">\n<td style=\"width: 9.2869%; height: 46px;\" width=\"66\">\n<p>12.00<\/p>\n<\/td>\n<td style=\"width: 74.9585%; height: 46px;\" width=\"531\">\n<p>+ Franciszka (f) Sowa gr.26<\/p>\n<\/td>\n<\/tr>\n<tr style=\"height: 10px;\">\n<td style=\"width: 9.2869%; height: 10px;\" width=\"66\">\n<p>17.00<\/p>\n<\/td>\n<td style=\"width: 74.9585%; height: 10px;\" width=\"531\">\n<p>Za Parafian<\/p>\n<\/td>\n<\/tr>\n<\/tbody>\n<\/table>\n","protected":false},"excerpt":{"rendered":"<p>&nbsp; 29.11.2021r. Poniedzia\u0142ek 7.00 1. + Czes\u0142aw Bal gr.11 2. + Renata Makuch \u2013 z int. m\u0119\u017ca z dzie\u0107mi w dniu urodzin 3. + Maria Bere\u015b 18.00 1. + Franciszka (f) Sowa gr.20 2. + Jan Kazimierz Mak\u00f3wka \u2013 z int. najbli\u017cszej rodziny 30.11.2021r. Wtorek 7.00 1. + Czes\u0142aw Bal gr.12 2. ++ Zofia Klementyna, <a class=\"read-more\" href=\"https:\/\/parafiazalesie.org\/index.php\/2021\/11\/26\/intencje-mszalne-29-11-05-12-2021r\/\"><\/p>\n<p>Zobacz wi\u0119cej<\/a><\/p>\n","protected":false},"author":1,"featured_media":111,"comment_status":"closed","ping_status":"closed","sticky":false,"template":"","format":"standard","meta":{"ngg_post_thumbnail":0,"footnotes":""},"categories":[5],"tags":[],"class_list":["post-532","post","type-post","status-publish","format-standard","has-post-thumbnail","hentry","category-intencje"],"_links":{"self":[{"href":"https:\/\/parafiazalesie.org\/index.php\/wp-json\/wp\/v2\/posts\/532","targetHints":{"allow":["GET"]}}],"collection":[{"href":"https:\/\/parafiazalesie.org\/index.php\/wp-json\/wp\/v2\/posts"}],"about":[{"href":"https:\/\/parafiazalesie.org\/index.php\/wp-json\/wp\/v2\/types\/post"}],"author":[{"embeddable":true,"href":"https:\/\/parafiazalesie.org\/index.php\/wp-json\/wp\/v2\/users\/1"}],"replies":[{"embeddable":true,"href":"https:\/\/parafiazalesie.org\/index.php\/wp-json\/wp\/v2\/comments?post=532"}],"version-history":[{"count":0,"href":"https:\/\/parafiazalesie.org\/index.php\/wp-json\/wp\/v2\/posts\/532\/revisions"}],"wp:featuredmedia":[{"embeddable":true,"href":"https:\/\/parafiazalesie.org\/index.php\/wp-json\/wp\/v2\/media\/111"}],"wp:attachment":[{"href":"https:\/\/parafiazalesie.org\/index.php\/wp-json\/wp\/v2\/media?parent=532"}],"wp:term":[{"taxonomy":"category","embeddable":true,"href":"https:\/\/parafiazalesie.org\/index.php\/wp-json\/wp\/v2\/categories?post=532"},{"taxonomy":"post_tag","embeddable":true,"href":"https:\/\/parafiazalesie.org\/index.php\/wp-json\/wp\/v2\/tags?post=532"}],"curies":[{"name":"wp","href":"https:\/\/api.w.org\/{rel}","templated":true}]}}