{"id":517,"date":"2021-11-19T10:34:39","date_gmt":"2021-11-19T09:34:39","guid":{"rendered":"https:\/\/parafiazalesie.org\/?p=517"},"modified":"2021-11-16T10:35:56","modified_gmt":"2021-11-16T09:35:56","slug":"intencje-mszalne-22-28-11-2021r","status":"publish","type":"post","link":"https:\/\/parafiazalesie.org\/index.php\/2021\/11\/19\/intencje-mszalne-22-28-11-2021r\/","title":{"rendered":"INTENCJE MSZALNE 22 \u2013 28.11.2021r."},"content":{"rendered":"<table width=\"709\">\n<tbody>\n<tr>\n<td rowspan=\"2\" width=\"111\">\n<p>22.11.2021r.<\/p>\n<p>Poniedzia\u0142ek<\/p>\n<\/td>\n<td width=\"66\">\n<p>7.00<\/p>\n<\/td>\n<td width=\"531\">\n<p>Dzi\u0119kczynno \u2013 b\u0142agalna w intencji Cecylii<br \/>\n++ Stanis\u0142awa (f), Adam i ++ z rodziny<br \/>\n+ Edward Jaworski<\/p>\n<\/td>\n<\/tr>\n<tr>\n<td width=\"66\">\n<p>18.00<\/p>\n<\/td>\n<td width=\"531\">\n<p>+ Czes\u0142aw Bal gr.4<br \/>\n+ Franciszka (f) Sowa gr.13<\/p>\n<\/td>\n<\/tr>\n<tr>\n<td rowspan=\"2\" width=\"111\">\n<p>23.11.2021r.<\/p>\n<p>Wtorek<\/p>\n<\/td>\n<td width=\"66\">\n<p>7.00<\/p>\n<\/td>\n<td width=\"531\">\n<p>+ Franciszka (f) \u015anie\u017cek w dniu urodzin<br \/>\n++ Teofila (f), W\u0142adys\u0142awa (f) i Sylwester<br \/>\n++ Bronis\u0142aw Kalita i J\u00f3zefa (f) Machowska<\/p>\n<\/td>\n<\/tr>\n<tr>\n<td width=\"66\">\n<p>18.00<\/p>\n<\/td>\n<td width=\"531\">\n<p>+ Czes\u0142aw Bal gr.5<br \/>\n+ Franciszka (f) Sowa gr.14<\/p>\n<\/td>\n<\/tr>\n<tr>\n<td rowspan=\"2\" width=\"111\">\n<p>24.11.2021r.<\/p>\n<p>\u015aroda<\/p>\n<\/td>\n<td width=\"66\">\n<p>7.00<\/p>\n<\/td>\n<td width=\"531\">\n<p>O Bo\u017ce b\u0142ogos\u0142awie\u0144stwo, Dary Ducha \u015awi\u0119tego i potrzebne \u0142aski dla Ma\u0142gorzaty i Karola<br \/>\n+ Jan Nowak \u2013 z int. brata z \u017con\u0105 i rodzin\u0105<br \/>\n++ Piotr Machowski i Tadeusz Porada<\/p>\n<\/td>\n<\/tr>\n<tr>\n<td width=\"66\">\n<p>18.00<\/p>\n<\/td>\n<td width=\"531\">\n<p>+ Czes\u0142aw Bal gr.6<br \/>\n+ Franciszka (f) Sowa gr.15<\/p>\n<\/td>\n<\/tr>\n<tr>\n<td rowspan=\"2\" width=\"111\">\n<p>25.11.2021r.<\/p>\n<p>Czwartek<\/p>\n<\/td>\n<td width=\"66\">\n<p>7.00<\/p>\n<\/td>\n<td width=\"531\">\n<p>O nawr\u00f3cenie syna i powr\u00f3t do domu za przyczyn\u0105 Matki Bo\u017cej Zaleskiej<br \/>\n+ Henryk Siewierski \u2013 z int. emerytek kole\u017canek Jasi i Bogusi<br \/>\n+ Jan Krynicki \u2013 z int. \u017cony i c\u00f3rek<\/p>\n<\/td>\n<\/tr>\n<tr>\n<td width=\"66\">\n<p>18.00<\/p>\n<\/td>\n<td width=\"531\">\n<p>\u00a0+ Czes\u0142aw Bal gr.7<br \/>\n\u00a0+ Franciszka (f) Sowa gr.16<\/p>\n<\/td>\n<\/tr>\n<tr>\n<td rowspan=\"2\" width=\"111\">\n<p>26.11.2021r.<\/p>\n<p>Pi\u0105tek<\/p>\n<\/td>\n<td width=\"66\">\n<p>7.00<\/p>\n<\/td>\n<td width=\"531\">\n<p>++ Janina i W\u0142adys\u0142aw<br \/>\n+ W\u0142adys\u0142aw Osika w r. \u015bmierci i + Janina<br \/>\n+ Jan Krynicki \u2013 z int. \u017cony i c\u00f3rek<\/p>\n<\/td>\n<\/tr>\n<tr>\n<td width=\"66\">\n<p>18.00<\/p>\n<\/td>\n<td width=\"531\">\n<p>+ Czes\u0142aw Bal gr.8<br \/>\n+ Franciszka (f) Sowa gr.17<\/p>\n<\/td>\n<\/tr>\n<tr>\n<td rowspan=\"2\" width=\"111\">\n<p>27.11.2021r.<\/p>\n<p>Sobota<\/p>\n<\/td>\n<td width=\"66\">\n<p>7.00<\/p>\n<\/td>\n<td width=\"531\">\n<p>O Bo\u017ce b\u0142ogos\u0142awie\u0144stwo i opiek\u0119 Matki Bo\u017cej Zaleskiej dla kap\u0142an\u00f3w pracuj\u0105cych w naszej parafii<br \/>\n+ W\u0142adys\u0142aw w 22r. \u015bmierci i + Maria<br \/>\n++ Siostry z R\u00f3\u017cy Danuty Kubit<\/p>\n<\/td>\n<\/tr>\n<tr>\n<td width=\"66\">\n<p>18.00<\/p>\n<\/td>\n<td width=\"531\">\n<p>+ Czes\u0142aw Bal gr.9<br \/>\n+ Franciszka (f) Sowa gr.18<\/p>\n<\/td>\n<\/tr>\n<tr>\n<td rowspan=\"5\" width=\"111\">\n<p>28.11.2021r.<\/p>\n<p>Niedziela<\/p>\n<\/td>\n<td width=\"66\">\n<p>7.00<\/p>\n<\/td>\n<td width=\"531\">\n<p>+ Mieczys\u0142aw Zdaniewicz w 5r. \u015bmierci<\/p>\n<\/td>\n<\/tr>\n<tr>\n<td width=\"66\">\n<p>9.00<\/p>\n<\/td>\n<td width=\"531\">\n<p>+ Czes\u0142aw Bal gr.10<\/p>\n<\/td>\n<\/tr>\n<tr>\n<td width=\"66\">\n<p>10.30<\/p>\n<\/td>\n<td width=\"531\">\n<p>O Bo\u017ce b\u0142ogos\u0142awie\u0144stwo, opiek\u0119 Matki Bo\u017cej Zaleskiej i zdrowie dla ks. pra\u0142ata Zdzis\u0142awa Mazura z okazji imienin \u2013 z int. parafian<\/p>\n<p>+ Alicja Nawrot w r. \u015bmierci<\/p>\n<\/td>\n<\/tr>\n<tr>\n<td width=\"66\">\n<p>12.00<\/p>\n<\/td>\n<td width=\"531\">\n<p>Za Parafian<\/p>\n<\/td>\n<\/tr>\n<tr>\n<td width=\"66\">\n<p>17.00<\/p>\n<\/td>\n<td width=\"531\">\n<p>+ Franciszka (f) Sowa gr.19<\/p>\n<\/td>\n<\/tr>\n<\/tbody>\n<\/table>\n","protected":false},"excerpt":{"rendered":"<p>22.11.2021r. Poniedzia\u0142ek 7.00 Dzi\u0119kczynno \u2013 b\u0142agalna w intencji Cecylii ++ Stanis\u0142awa (f), Adam i ++ z rodziny + Edward Jaworski 18.00 + Czes\u0142aw Bal gr.4 + Franciszka (f) Sowa gr.13 23.11.2021r. Wtorek 7.00 + Franciszka (f) \u015anie\u017cek w dniu urodzin ++ Teofila (f), W\u0142adys\u0142awa (f) i Sylwester ++ Bronis\u0142aw Kalita i J\u00f3zefa (f) Machowska 18.00 <a class=\"read-more\" href=\"https:\/\/parafiazalesie.org\/index.php\/2021\/11\/19\/intencje-mszalne-22-28-11-2021r\/\"><\/p>\n<p>Zobacz wi\u0119cej<\/a><\/p>\n","protected":false},"author":1,"featured_media":111,"comment_status":"closed","ping_status":"closed","sticky":false,"template":"","format":"standard","meta":{"ngg_post_thumbnail":0,"footnotes":""},"categories":[5],"tags":[],"class_list":["post-517","post","type-post","status-publish","format-standard","has-post-thumbnail","hentry","category-intencje"],"_links":{"self":[{"href":"https:\/\/parafiazalesie.org\/index.php\/wp-json\/wp\/v2\/posts\/517","targetHints":{"allow":["GET"]}}],"collection":[{"href":"https:\/\/parafiazalesie.org\/index.php\/wp-json\/wp\/v2\/posts"}],"about":[{"href":"https:\/\/parafiazalesie.org\/index.php\/wp-json\/wp\/v2\/types\/post"}],"author":[{"embeddable":true,"href":"https:\/\/parafiazalesie.org\/index.php\/wp-json\/wp\/v2\/users\/1"}],"replies":[{"embeddable":true,"href":"https:\/\/parafiazalesie.org\/index.php\/wp-json\/wp\/v2\/comments?post=517"}],"version-history":[{"count":0,"href":"https:\/\/parafiazalesie.org\/index.php\/wp-json\/wp\/v2\/posts\/517\/revisions"}],"wp:featuredmedia":[{"embeddable":true,"href":"https:\/\/parafiazalesie.org\/index.php\/wp-json\/wp\/v2\/media\/111"}],"wp:attachment":[{"href":"https:\/\/parafiazalesie.org\/index.php\/wp-json\/wp\/v2\/media?parent=517"}],"wp:term":[{"taxonomy":"category","embeddable":true,"href":"https:\/\/parafiazalesie.org\/index.php\/wp-json\/wp\/v2\/categories?post=517"},{"taxonomy":"post_tag","embeddable":true,"href":"https:\/\/parafiazalesie.org\/index.php\/wp-json\/wp\/v2\/tags?post=517"}],"curies":[{"name":"wp","href":"https:\/\/api.w.org\/{rel}","templated":true}]}}