{"id":500,"date":"2021-11-07T07:57:18","date_gmt":"2021-11-07T06:57:18","guid":{"rendered":"https:\/\/parafiazalesie.org\/?p=500"},"modified":"2021-11-07T07:57:18","modified_gmt":"2021-11-07T06:57:18","slug":"ogloszenia-xxxii-niedziela-zwykla-7-11-2021-r","status":"publish","type":"post","link":"https:\/\/parafiazalesie.org\/index.php\/2021\/11\/07\/ogloszenia-xxxii-niedziela-zwykla-7-11-2021-r\/","title":{"rendered":"OG\u0141OSZENIA  XXXII Niedziela Zwyk\u0142a 7.11.2021 r."},"content":{"rendered":"<ol>\n<li>Przypominamy, \u017ce w miesi\u0105cu listopadzie mo\u017cemy osiem razy zyska\u0107 odpust zupe\u0142ny za zmar\u0142ych. Zwykle by\u0142o to mo\u017cliwe w\u00a0dniach od 1 do 8 listopada. Z\u00a0powodu trwaj\u0105cej pandemii, mo\u017cemy te dni dowolnie wybra\u0107 przez ca\u0142y miesi\u0105c listopad.<\/li>\n<li>Zapraszamy do modlitwy za zmar\u0142ych z wypominek codziennie po Mszy \u015bw. wieczornej, a w niedziel\u0119 na r\u00f3\u017caniec o godz. 16:30.<\/li>\n<li>Dzieci przygotowuj\u0105ce si\u0119 do Pierwszej Komunii \u015awi\u0119tej, zapraszamy na wr\u0119czenie po\u015bwi\u0119conych medalik\u00f3w, na wieczorn\u0105 Msz\u0119 \u015bw.:\n<ul>\n<li>w poniedzia\u0142ek \u2013 3A,<\/li>\n<li>we wtorek \u2013 3B,<\/li>\n<li>w \u015brod\u0119 \u2013 3C.<\/li>\n<\/ul>\n<\/li>\n<li><b>We wtorek <\/b>9 listopada:\n<ul>\n<li>\u015bwi\u0119to rocznicy po\u015bwi\u0119cenia Bazyliki Latera\u0144skiej.<\/li>\n<\/ul>\n<\/li>\n<li><b>W \u015brod\u0119 <\/b>10 listopada:\n<ul>\n<li>wspomnienie \u015bw. Leona Wielkiego, papie\u017ca, doktora Ko\u015bcio\u0142a,<\/li>\n<li>po Mszy \u015bw. Nowenna do Matki Bo\u017cej Nieustaj\u0105cej Pomocy, Pani Zaleskiej, a po niej adoracja Naj\u015bwi\u0119tszego Sakramentu do godz. 20:00.<\/li>\n<\/ul>\n<\/li>\n<li><b>W czwartek<\/b> 11 listopada:\n<ul>\n<li>Narodowe \u015awi\u0119to Niepodleg\u0142o\u015bci,<\/li>\n<li>wspomnienie \u015bw. Marcina z Tours, biskupa,<\/li>\n<li>imieniny Ks. Marcina, naszego wikariusza. \u017bycz\u0105c wszelkiej Bo\u017cej \u0142aski, prosimy o modlitw\u0119 w intencji solenizanta.<\/li>\n<\/ul>\n<\/li>\n<li><b>W pi\u0105tek <\/b>12 listopada:\n<ul>\n<li>wspomnienie \u015bw. Jozafata Kuncewicza, biskupa, m\u0119czennika,<\/li>\n<li>adoracja Naj\u015bwi\u0119tszego Sakramentu od godz. 17:00<\/li>\n<\/ul>\n<\/li>\n<li><b>W sobot\u0119 <\/b>13 listopada:\n<ul>\n<li>wspomnienie \u015bwi\u0119tych Benedykta, Jana, Mateusza, Izaaka i Krystyna, m\u0119czennik\u00f3w.<\/li>\n<\/ul>\n<\/li>\n<li><b>W niedziel\u0119<\/b> 14 listopada:\n<ul>\n<li>\u015awiatowy Dzie\u0144 Ubogich,<\/li>\n<li>R\u00f3\u017caniec poprowadzi R\u00f3\u017ca \u015bw. Faustyny Kowalskiej,<\/li>\n<li>o godz. 12:00 Msza \u015bw. z udzia\u0142em dzieci.<\/li>\n<\/ul>\n<\/li>\n<\/ol>\n<p><b>SPOTKANIA:<\/b><\/p>\n<ul>\n<li>Kandydaci do bierzmowania \u2013 poniedzia\u0142ek, wtorek, czwartek po Mszy \u015bw.<\/li>\n<li>Scholka dzieci\u0119ca \u2013 poniedzia\u0142ek 17:00<\/li>\n<li>DA \u201eGrota\u201d \u2013 poniedzia\u0142ek 19:00<\/li>\n<li>Ch\u00f3r \u201eCredo\u201d \u2013 wtorek 18:30<\/li>\n<li>Wsp\u00f3lnota Doros\u0142ych \u2013 wtorek po Mszy \u015bw.<\/li>\n<li>Ruch \u015awiat\u0142o &#8211; \u017bycie \u2013 pi\u0105tek po Mszy \u015bw.<\/li>\n<li>Caritas \u2013 pi\u0105tek po Mszy \u015bw.<\/li>\n<\/ul>\n<p>&nbsp;<\/p>\n","protected":false},"excerpt":{"rendered":"<p>Przypominamy, \u017ce w miesi\u0105cu listopadzie mo\u017cemy osiem razy zyska\u0107 odpust zupe\u0142ny za zmar\u0142ych. Zwykle by\u0142o to mo\u017cliwe w\u00a0dniach od 1 do 8 listopada. Z\u00a0powodu trwaj\u0105cej pandemii, mo\u017cemy te dni dowolnie wybra\u0107 przez ca\u0142y miesi\u0105c listopad. Zapraszamy do modlitwy za zmar\u0142ych z wypominek codziennie po Mszy \u015bw. wieczornej, a w niedziel\u0119 na r\u00f3\u017caniec o godz. 16:30. <a class=\"read-more\" href=\"https:\/\/parafiazalesie.org\/index.php\/2021\/11\/07\/ogloszenia-xxxii-niedziela-zwykla-7-11-2021-r\/\"><\/p>\n<p>Zobacz wi\u0119cej<\/a><\/p>\n","protected":false},"author":1,"featured_media":501,"comment_status":"closed","ping_status":"closed","sticky":false,"template":"","format":"standard","meta":{"ngg_post_thumbnail":0,"footnotes":""},"categories":[3],"tags":[],"class_list":["post-500","post","type-post","status-publish","format-standard","has-post-thumbnail","hentry","category-ogloszenia"],"_links":{"self":[{"href":"https:\/\/parafiazalesie.org\/index.php\/wp-json\/wp\/v2\/posts\/500","targetHints":{"allow":["GET"]}}],"collection":[{"href":"https:\/\/parafiazalesie.org\/index.php\/wp-json\/wp\/v2\/posts"}],"about":[{"href":"https:\/\/parafiazalesie.org\/index.php\/wp-json\/wp\/v2\/types\/post"}],"author":[{"embeddable":true,"href":"https:\/\/parafiazalesie.org\/index.php\/wp-json\/wp\/v2\/users\/1"}],"replies":[{"embeddable":true,"href":"https:\/\/parafiazalesie.org\/index.php\/wp-json\/wp\/v2\/comments?post=500"}],"version-history":[{"count":0,"href":"https:\/\/parafiazalesie.org\/index.php\/wp-json\/wp\/v2\/posts\/500\/revisions"}],"wp:featuredmedia":[{"embeddable":true,"href":"https:\/\/parafiazalesie.org\/index.php\/wp-json\/wp\/v2\/media\/501"}],"wp:attachment":[{"href":"https:\/\/parafiazalesie.org\/index.php\/wp-json\/wp\/v2\/media?parent=500"}],"wp:term":[{"taxonomy":"category","embeddable":true,"href":"https:\/\/parafiazalesie.org\/index.php\/wp-json\/wp\/v2\/categories?post=500"},{"taxonomy":"post_tag","embeddable":true,"href":"https:\/\/parafiazalesie.org\/index.php\/wp-json\/wp\/v2\/tags?post=500"}],"curies":[{"name":"wp","href":"https:\/\/api.w.org\/{rel}","templated":true}]}}