{"id":497,"date":"2021-11-02T14:14:07","date_gmt":"2021-11-02T13:14:07","guid":{"rendered":"https:\/\/parafiazalesie.org\/?p=497"},"modified":"2021-11-02T14:14:07","modified_gmt":"2021-11-02T13:14:07","slug":"pomoc-zmarlym","status":"publish","type":"post","link":"https:\/\/parafiazalesie.org\/index.php\/2021\/11\/02\/pomoc-zmarlym\/","title":{"rendered":"POMOC ZMAR\u0141YM"},"content":{"rendered":"<p>\u00a0Odpust zupe\u0142ny dla wiernych zmar\u0142ych mo\u017cna uzyska\u0107 przez ca\u0142y listopad. Penitencjaria Apostolska przed\u0142u\u017cy\u0142a zesz\u0142oroczny dekret wydany w zwi\u0105zku z pandemi\u0105 Covid-19.<\/p>\n<p>Oznacza to, \u017ce do ko\u0144ca tego miesi\u0105ca, b\u0119dzie mo\u017cna otrzyma\u0107 szczeg\u00f3lne dary duchowe dla os\u00f3b zmar\u0142ych, kt\u00f3re nadal potrzebuj\u0105 naszej modlitwy.<\/p>\n<p>Odpust zupe\u0142ny dla os\u00f3b nawiedzaj\u0105cych cmentarz i modl\u0105cych si\u0119 za zmar\u0142ych przez poszczeg\u00f3lne osiem dni, zwykle ustanowiony jedynie na dni od 1 do 8 listopada, dla po\u017cytku wiernych mo\u017ce by\u0107 przeniesiony na inne osiem dni listopada. Dni te, dowolnie wybrane przez poszczeg\u00f3lnych wiernych, mog\u0105 by\u0107 od siebie oddzielone.<\/p>\n<p>Warunki uzyskania odpustu zupe\u0142nego:<\/p>\n<ol>\n<li>Wzbudzi\u0107 intencj\u0119 jego otrzymania.<\/li>\n<li>By\u0107 w stanie \u0142aski u\u015bwi\u0119caj\u0105cej.<\/li>\n<li>Wyzby\u0107 si\u0119 przywi\u0105zania do jakiegokolwiek grzechu.<\/li>\n<li>Przyj\u0105\u0107 w tym dniu Komuni\u0119 \u015awi\u0119t\u0105.<\/li>\n<li>Modlitwa za zmar\u0142ych na cmentarzu.<\/li>\n<li>Odnowi\u0107 nasz\u0105 jedno\u015b\u0107 ze wsp\u00f3lnot\u0105 Ko\u015bcio\u0142a poprzez odm\u00f3wienie: \u201cOjcze nasz\u201d, \u201cWierz\u0119 w Boga\u201d oraz modlitwy w intencjach bliskich Ojcu \u015awi\u0119temu.<\/li>\n<\/ol>\n","protected":false},"excerpt":{"rendered":"<p>\u00a0Odpust zupe\u0142ny dla wiernych zmar\u0142ych mo\u017cna uzyska\u0107 przez ca\u0142y listopad. Penitencjaria Apostolska przed\u0142u\u017cy\u0142a zesz\u0142oroczny dekret wydany w zwi\u0105zku z pandemi\u0105 Covid-19. Oznacza to, \u017ce do ko\u0144ca tego miesi\u0105ca, b\u0119dzie mo\u017cna otrzyma\u0107 szczeg\u00f3lne dary duchowe dla os\u00f3b zmar\u0142ych, kt\u00f3re nadal potrzebuj\u0105 naszej modlitwy. Odpust zupe\u0142ny dla os\u00f3b nawiedzaj\u0105cych cmentarz i modl\u0105cych si\u0119 za zmar\u0142ych przez poszczeg\u00f3lne <a class=\"read-more\" href=\"https:\/\/parafiazalesie.org\/index.php\/2021\/11\/02\/pomoc-zmarlym\/\"><\/p>\n<p>Zobacz wi\u0119cej<\/a><\/p>\n","protected":false},"author":1,"featured_media":498,"comment_status":"closed","ping_status":"closed","sticky":false,"template":"","format":"standard","meta":{"ngg_post_thumbnail":0,"footnotes":""},"categories":[6],"tags":[],"class_list":["post-497","post","type-post","status-publish","format-standard","has-post-thumbnail","hentry","category-aktualnosci"],"_links":{"self":[{"href":"https:\/\/parafiazalesie.org\/index.php\/wp-json\/wp\/v2\/posts\/497","targetHints":{"allow":["GET"]}}],"collection":[{"href":"https:\/\/parafiazalesie.org\/index.php\/wp-json\/wp\/v2\/posts"}],"about":[{"href":"https:\/\/parafiazalesie.org\/index.php\/wp-json\/wp\/v2\/types\/post"}],"author":[{"embeddable":true,"href":"https:\/\/parafiazalesie.org\/index.php\/wp-json\/wp\/v2\/users\/1"}],"replies":[{"embeddable":true,"href":"https:\/\/parafiazalesie.org\/index.php\/wp-json\/wp\/v2\/comments?post=497"}],"version-history":[{"count":0,"href":"https:\/\/parafiazalesie.org\/index.php\/wp-json\/wp\/v2\/posts\/497\/revisions"}],"wp:featuredmedia":[{"embeddable":true,"href":"https:\/\/parafiazalesie.org\/index.php\/wp-json\/wp\/v2\/media\/498"}],"wp:attachment":[{"href":"https:\/\/parafiazalesie.org\/index.php\/wp-json\/wp\/v2\/media?parent=497"}],"wp:term":[{"taxonomy":"category","embeddable":true,"href":"https:\/\/parafiazalesie.org\/index.php\/wp-json\/wp\/v2\/categories?post=497"},{"taxonomy":"post_tag","embeddable":true,"href":"https:\/\/parafiazalesie.org\/index.php\/wp-json\/wp\/v2\/tags?post=497"}],"curies":[{"name":"wp","href":"https:\/\/api.w.org\/{rel}","templated":true}]}}