{"id":495,"date":"2021-11-05T10:25:58","date_gmt":"2021-11-05T09:25:58","guid":{"rendered":"https:\/\/parafiazalesie.org\/?p=495"},"modified":"2021-11-02T13:28:00","modified_gmt":"2021-11-02T12:28:00","slug":"intencje-mszalne-08-14-11-2021r","status":"publish","type":"post","link":"https:\/\/parafiazalesie.org\/index.php\/2021\/11\/05\/intencje-mszalne-08-14-11-2021r\/","title":{"rendered":"INTENCJE MSZALNE  08 \u2013 14.11.2021r."},"content":{"rendered":"<p>&nbsp;<\/p>\n<table style=\"width: 100%; height: 1213px;\" width=\"709\">\n<tbody>\n<tr style=\"height: 91px;\">\n<td style=\"width: 15.6784%; height: 182px;\" rowspan=\"2\" width=\"111\">\n<p>08.11.2021r.<\/p>\n<p>Poniedzia\u0142ek<\/p>\n<\/td>\n<td style=\"width: 9.34673%; height: 91px;\" width=\"66\">\n<p>7.00<\/p>\n<\/td>\n<td style=\"width: 74.8744%; height: 91px;\" width=\"531\">\n<p>1. + W\u0142adys\u0142aw Stec<br \/>\n2. ++ Maria, Bronis\u0142awa (f), Stanis\u0142aw<br \/>\n3. + Stanis\u0142aw Pociask w 11r. \u015bmierci<\/p>\n<\/td>\n<\/tr>\n<tr style=\"height: 91px;\">\n<td style=\"width: 9.34673%; height: 91px;\" width=\"66\">\n<p>18.00<\/p>\n<\/td>\n<td style=\"width: 74.8744%; height: 91px;\" width=\"531\">\n<p>1. + Tomasz Pado gr.20<br \/>\n2. + Rafa\u0142 Rybka gr.29<br \/>\n3. ++ Siostry Alicja Nawrot, Maria Rozumus i Krystyna Mazur z R\u00f3\u017cy Anny Czyrek<\/p>\n<\/td>\n<\/tr>\n<tr style=\"height: 91px;\">\n<td style=\"width: 15.6784%; height: 160px;\" rowspan=\"2\" width=\"111\">\n<p>09.11.2021r.<\/p>\n<p>Wtorek<\/p>\n<\/td>\n<td style=\"width: 9.34673%; height: 91px;\" width=\"66\">\n<p>7.00<\/p>\n<\/td>\n<td style=\"width: 74.8744%; height: 91px;\" width=\"531\">\n<p>1. ++ Zofia, J\u00f3zef, Stefania, Andrzej<br \/>\n2. ++ z rodziny Nowak\u00f3w i Pocisk\u00f3w<br \/>\n3. + J\u00f3zef Rejman w r. \u015bmierci<\/p>\n<\/td>\n<\/tr>\n<tr style=\"height: 69px;\">\n<td style=\"width: 9.34673%; height: 69px;\" width=\"66\">\n<p>18.00<\/p>\n<\/td>\n<td style=\"width: 74.8744%; height: 69px;\" width=\"531\">\n<p>1. + Tomasz Pado gr.21<br \/>\n2. + Rafa\u0142 Rybka gr.(zako\u0144czenie)<\/p>\n<\/td>\n<\/tr>\n<tr style=\"height: 114px;\">\n<td style=\"width: 15.6784%; height: 183px;\" rowspan=\"2\" width=\"111\">\n<p>10.11.2021r.<\/p>\n<p>\u015aroda<\/p>\n<\/td>\n<td style=\"width: 9.34673%; height: 114px;\" width=\"66\">\n<p>7.00<\/p>\n<\/td>\n<td style=\"width: 74.8744%; height: 114px;\" width=\"531\">\n<p>1. Dzi\u0119kczynna za dar \u017cycia w 30r. urodzin Kamila z pro\u015bb\u0105 o Bo\u017ce b\u0142ogos\u0142awie\u0144stwo i opiek\u0119 Matki Bo\u017cej dla niego i jego rodziny<br \/>\n<span style=\"font-size: 15px;\">2. + Franciszek Sowa gr.(rozpocz\u0119cie)<br \/>\n<\/span>3. + Franciszek Sowa<\/p>\n<\/td>\n<\/tr>\n<tr style=\"height: 69px;\">\n<td style=\"width: 9.34673%; height: 69px;\" width=\"66\">\n<p>18.00<\/p>\n<\/td>\n<td style=\"width: 74.8744%; height: 69px;\" width=\"531\">\n<p>1. + Tomasz Pado gr.22<br \/>\n2. + Stefania w 5r. \u015bmierci<\/p>\n<\/td>\n<\/tr>\n<tr style=\"height: 69px;\">\n<td style=\"width: 15.6784%; height: 138px;\" rowspan=\"2\" width=\"111\">\n<p>11.11.2021r.<\/p>\n<p>Czwartek<\/p>\n<\/td>\n<td style=\"width: 9.34673%; height: 69px;\" width=\"66\">\n<p>7.00<\/p>\n<\/td>\n<td style=\"width: 74.8744%; height: 69px;\" width=\"531\">\n<p>1. Dzi\u0119kczynna za dar \u017cycia z pro\u015bb\u0105 o Bo\u017ce b\u0142ogos\u0142awie\u0144stwo i \u0142ask\u0119 chrztu \u015bwi\u0119tego dla Emilka z okazji 1r. urodzin<br \/>\n2. + Franciszek Sowa gr.2<br \/>\n3. + Eugeniusz Weron \u2013 z int rodziny<\/p>\n<\/td>\n<\/tr>\n<tr style=\"height: 69px;\">\n<td style=\"width: 9.34673%; height: 69px;\" width=\"66\">\n<p>18.00<\/p>\n<\/td>\n<td style=\"width: 74.8744%; height: 69px;\" width=\"531\">\n<p>1. + Tomasz Pado gr.23<br \/>\n2. ++ Katarzyna i Jan Kopta<\/p>\n<\/td>\n<\/tr>\n<tr style=\"height: 91px;\">\n<td style=\"width: 15.6784%; height: 160px;\" rowspan=\"2\" width=\"111\">\n<p>12.11.2021r.<\/p>\n<p>Pi\u0105tek<\/p>\n<\/td>\n<td style=\"width: 9.34673%; height: 91px;\" width=\"66\">\n<p>7.00<\/p>\n<\/td>\n<td style=\"width: 74.8744%; height: 91px;\" width=\"531\">\n<p>1. + Franciszek Sowa gr.3<br \/>\n2. + Nestor Komarnicki<br \/>\n3. + Anna Marsza\u0142ek w 1r. \u015bmierci<\/p>\n<\/td>\n<\/tr>\n<tr style=\"height: 69px;\">\n<td style=\"width: 9.34673%; height: 69px;\" width=\"66\">\n<p>18.00<\/p>\n<\/td>\n<td style=\"width: 74.8744%; height: 69px;\" width=\"531\">\n<p>1. + Tomasz Pado gr.24<br \/>\n2. + Anna Zaborowska w 1r. \u015bmierci<\/p>\n<\/td>\n<\/tr>\n<tr style=\"height: 91px;\">\n<td style=\"width: 15.6784%; height: 160px;\" rowspan=\"2\" width=\"111\">\n<p>13.11.2021r.<\/p>\n<p>Sobota<\/p>\n<\/td>\n<td style=\"width: 9.34673%; height: 91px;\" width=\"66\">\n<p>7.00<\/p>\n<\/td>\n<td style=\"width: 74.8744%; height: 91px;\" width=\"531\">\n<p>1. O zdrowie i Bo\u017ce b\u0142ogos\u0142awie\u0144stwo dla Helenki, Marii, Patrycji, Kuby i Haliny<br \/>\n2. + Franciszek Sowa gr.4<br \/>\n3. + Leopold \u015alusarz<\/p>\n<\/td>\n<\/tr>\n<tr style=\"height: 69px;\">\n<td style=\"width: 9.34673%; height: 69px;\" width=\"66\">\n<p>18.00<\/p>\n<\/td>\n<td style=\"width: 74.8744%; height: 69px;\" width=\"531\">\n<p>1. + Tomasz Pado gr.25<br \/>\n2. + J\u00f3zef<\/p>\n<\/td>\n<\/tr>\n<tr style=\"height: 46px;\">\n<td style=\"width: 15.6784%; height: 230px;\" rowspan=\"5\" width=\"111\">\n<p>14.11.2021r.<\/p>\n<p>Niedziela<\/p>\n<\/td>\n<td style=\"width: 9.34673%; height: 46px;\" width=\"66\">\n<p>7.00<\/p>\n<\/td>\n<td style=\"width: 74.8744%; height: 46px;\" width=\"531\">\n<p>+ Franciszek Sowa gr.5<\/p>\n<\/td>\n<\/tr>\n<tr style=\"height: 46px;\">\n<td style=\"width: 9.34673%; height: 46px;\" width=\"66\">\n<p>9.00<\/p>\n<\/td>\n<td style=\"width: 74.8744%; height: 46px;\" width=\"531\">\n<p>++ Jadwiga i Adam w r. \u015bmierci<\/p>\n<\/td>\n<\/tr>\n<tr style=\"height: 46px;\">\n<td style=\"width: 9.34673%; height: 46px;\" width=\"66\">\n<p>10.30<\/p>\n<\/td>\n<td style=\"width: 74.8744%; height: 46px;\" width=\"531\">\n<p>++ Siostry z R\u00f3\u017cy Bronis\u0142awy Kalandyk<\/p>\n<\/td>\n<\/tr>\n<tr style=\"height: 46px;\">\n<td style=\"width: 9.34673%; height: 46px;\" width=\"66\">\n<p>12.00<\/p>\n<\/td>\n<td style=\"width: 74.8744%; height: 46px;\" width=\"531\">\n<p>+ Tomasz Pado gr.26<\/p>\n<\/td>\n<\/tr>\n<tr style=\"height: 46px;\">\n<td style=\"width: 9.34673%; height: 46px;\" width=\"66\">\n<p>17.00<\/p>\n<\/td>\n<td style=\"width: 74.8744%; height: 46px;\" width=\"531\">\n<p>Za Parafian<\/p>\n<\/td>\n<\/tr>\n<\/tbody>\n<\/table>\n<p>&nbsp;<\/p>\n","protected":false},"excerpt":{"rendered":"<p>&nbsp; 08.11.2021r. Poniedzia\u0142ek 7.00 1. + W\u0142adys\u0142aw Stec 2. ++ Maria, Bronis\u0142awa (f), Stanis\u0142aw 3. + Stanis\u0142aw Pociask w 11r. \u015bmierci 18.00 1. + Tomasz Pado gr.20 2. + Rafa\u0142 Rybka gr.29 3. ++ Siostry Alicja Nawrot, Maria Rozumus i Krystyna Mazur z R\u00f3\u017cy Anny Czyrek 09.11.2021r. Wtorek 7.00 1. ++ Zofia, J\u00f3zef, Stefania, Andrzej <a class=\"read-more\" href=\"https:\/\/parafiazalesie.org\/index.php\/2021\/11\/05\/intencje-mszalne-08-14-11-2021r\/\"><\/p>\n<p>Zobacz wi\u0119cej<\/a><\/p>\n","protected":false},"author":1,"featured_media":111,"comment_status":"closed","ping_status":"closed","sticky":false,"template":"","format":"standard","meta":{"ngg_post_thumbnail":0,"footnotes":""},"categories":[5],"tags":[],"class_list":["post-495","post","type-post","status-publish","format-standard","has-post-thumbnail","hentry","category-intencje"],"_links":{"self":[{"href":"https:\/\/parafiazalesie.org\/index.php\/wp-json\/wp\/v2\/posts\/495","targetHints":{"allow":["GET"]}}],"collection":[{"href":"https:\/\/parafiazalesie.org\/index.php\/wp-json\/wp\/v2\/posts"}],"about":[{"href":"https:\/\/parafiazalesie.org\/index.php\/wp-json\/wp\/v2\/types\/post"}],"author":[{"embeddable":true,"href":"https:\/\/parafiazalesie.org\/index.php\/wp-json\/wp\/v2\/users\/1"}],"replies":[{"embeddable":true,"href":"https:\/\/parafiazalesie.org\/index.php\/wp-json\/wp\/v2\/comments?post=495"}],"version-history":[{"count":0,"href":"https:\/\/parafiazalesie.org\/index.php\/wp-json\/wp\/v2\/posts\/495\/revisions"}],"wp:featuredmedia":[{"embeddable":true,"href":"https:\/\/parafiazalesie.org\/index.php\/wp-json\/wp\/v2\/media\/111"}],"wp:attachment":[{"href":"https:\/\/parafiazalesie.org\/index.php\/wp-json\/wp\/v2\/media?parent=495"}],"wp:term":[{"taxonomy":"category","embeddable":true,"href":"https:\/\/parafiazalesie.org\/index.php\/wp-json\/wp\/v2\/categories?post=495"},{"taxonomy":"post_tag","embeddable":true,"href":"https:\/\/parafiazalesie.org\/index.php\/wp-json\/wp\/v2\/tags?post=495"}],"curies":[{"name":"wp","href":"https:\/\/api.w.org\/{rel}","templated":true}]}}