{"id":446,"date":"2021-10-02T14:07:45","date_gmt":"2021-10-02T12:07:45","guid":{"rendered":"https:\/\/parafiazalesie.org\/?p=446"},"modified":"2021-09-30T14:21:32","modified_gmt":"2021-09-30T12:21:32","slug":"ogloszenia-xxvii-niedziela-zwykla-03-10-2021-r","status":"publish","type":"post","link":"https:\/\/parafiazalesie.org\/index.php\/2021\/10\/02\/ogloszenia-xxvii-niedziela-zwykla-03-10-2021-r\/","title":{"rendered":"OG\u0141OSZENIA XXVII Niedziela Zwyk\u0142a (03.10.2021 r.)"},"content":{"rendered":"<ol>\n<li style=\"font-weight: 400;\" aria-level=\"1\"><span style=\"font-weight: 400;\">Po zmianie tajemnic r\u00f3\u017ca\u0144cowych zapraszamy na spotkanie do Domu Parafialnego Zelator\u00f3w R\u00f3\u017c R\u00f3\u017ca\u0144cowych \u017ce\u0144skich i m\u0119skich.<\/span><\/li>\n<li style=\"font-weight: 400;\" aria-level=\"1\"><span style=\"font-weight: 400;\">W oczekiwaniu na relikwie \u015bw. Jana Paw\u0142a II pragniemy przez trzy niedziele pocz\u0105wszy od dzisiejszej, podj\u0105\u0107 refleksj\u0119 nad my\u015bl\u0105 Papie\u017ca z Polski. Dzi\u015b w rozwa\u017caniach towarzyszy nam temat \u201eJan Pawe\u0142 II przewodnikiem m\u0142odzie\u017cy\u201d. Za tydzie\u0144 \u201eJan Pawe\u0142 II przewodnikiem rodziny\u201d a 17 pa\u017adziernika \u201eJan Pawe\u0142 II przewodnikiem narodu polskiego\u201d.<\/span><\/li>\n<li style=\"font-weight: 400;\" aria-level=\"1\"><span style=\"font-weight: 400;\">Nabo\u017ce\u0144stwo r\u00f3\u017ca\u0144cowe codziennie po Mszy \u015bw. wieczornej.<\/span><\/li>\n<li style=\"font-weight: 400;\" aria-level=\"1\"><span style=\"font-weight: 400;\">Kandydat\u00f3w do bierzmowania zapraszamy w tym tygodniu na Msz\u0119 \u015bw. na godz. 18:00 a po niej spotkaj\u0105 si\u0119 w swojej grupie z kap\u0142anem prowadz\u0105cym. Spotkania odbywaj\u0105 si\u0119 w\u00a0poniedzia\u0142ek, wtorek i czwartek.<\/span><\/li>\n<li style=\"font-weight: 400;\" aria-level=\"1\"><b>W poniedzia\u0142ek<\/b><span style=\"font-weight: 400;\"> 4 pa\u017adziernika:<\/span>\n<ul>\n<li style=\"font-weight: 400;\" aria-level=\"1\"><span style=\"font-weight: 400;\">wspomnienie \u015bw. <\/span><span style=\"font-weight: 400;\">Franciszka z Asy\u017cu, zakonnika<\/span><span style=\"font-weight: 400;\">,<\/span><\/li>\n<li style=\"font-weight: 400;\" aria-level=\"1\"><span style=\"font-weight: 400;\">podczas wieczornej Mszy \u015bw. dzieci przygotowuj\u0105ce si\u0119 do I Komunii \u015awi\u0119tej otrzymaj\u0105 po\u015bwi\u0119cone r\u00f3\u017ca\u0144ce.<\/span><\/li>\n<\/ul>\n<\/li>\n<li style=\"font-weight: 400;\" aria-level=\"1\"><b>We wtorek<\/b><span style=\"font-weight: 400;\"> 5 pa\u017adziernika:<\/span>\n<ul>\n<li style=\"font-weight: 400;\" aria-level=\"1\"><span style=\"font-weight: 400;\">wspomnienie \u015bw. Faustyny Kowalskiej, dziewicy<\/span><span style=\"font-weight: 400;\">.<\/span><\/li>\n<\/ul>\n<\/li>\n<li style=\"font-weight: 400;\" aria-level=\"1\"><b>W \u015brod\u0119<\/b><span style=\"font-weight: 400;\"> 6 pa\u017adziernika:<\/span>\n<ul>\n<li style=\"font-weight: 400;\" aria-level=\"1\"><span style=\"font-weight: 400;\">po Mszy \u015bw. Nowenna do Matki Bo\u017cej Nieustaj\u0105cej Pomocy, Pani Zaleskiej, a po Niej nabo\u017ce\u0144stwo r\u00f3\u017ca\u0144cowe,<\/span><\/li>\n<li style=\"font-weight: 400;\" aria-level=\"1\"><span style=\"font-weight: 400;\">po nabo\u017ce\u0144stwie r\u00f3\u017ca\u0144cowym Adoracja Naj\u015bwi\u0119tszego Sakramentu do godz. 20:00.<\/span><\/li>\n<\/ul>\n<\/li>\n<li style=\"font-weight: 400;\" aria-level=\"1\"><b>W czwartek<\/b><span style=\"font-weight: 400;\"> 7 pa\u017adziernika:<\/span>\n<ul>\n<li style=\"font-weight: 400;\" aria-level=\"1\"><span style=\"font-weight: 400;\">wspomnienie Naj\u015bwi\u0119tszej Maryi Panny R\u00f3\u017ca\u0144cowej,<\/span><\/li>\n<li style=\"font-weight: 400;\" aria-level=\"1\"><b>pierwszy czwartek<\/b><span style=\"font-weight: 400;\"> miesi\u0105ca.<\/span><\/li>\n<\/ul>\n<\/li>\n<li style=\"font-weight: 400;\" aria-level=\"1\"><b>W pi\u0105tek<\/b><span style=\"font-weight: 400;\"> 8 pa\u017adziernika:<\/span>\n<ul>\n<li style=\"font-weight: 400;\" aria-level=\"1\"><span style=\"font-weight: 400;\">od godz. 17:00 Adoracja Naj\u015bwi\u0119tszego Sakramentu.<\/span><\/li>\n<\/ul>\n<\/li>\n<li style=\"font-weight: 400;\" aria-level=\"1\"><b>W niedziel\u0119<\/b><span style=\"font-weight: 400;\"> 10 pa\u017adziernika:<\/span>\n<ul>\n<li style=\"font-weight: 400;\" aria-level=\"1\"><span style=\"font-weight: 400;\">r\u00f3\u017caniec poprowadzi R\u00f3\u017ca Pani Bronis\u0142awy Kalandyk,<\/span><\/li>\n<li style=\"font-weight: 400;\" aria-level=\"1\"><span style=\"font-weight: 400;\">o godz. 12:00 na Msz\u0119 \u015bw. zapraszamy dzieci.<\/span><\/li>\n<\/ul>\n<\/li>\n<\/ol>\n<p><b>SPOTKANIA:<\/b><\/p>\n<ol>\n<li><b>W poniedzia\u0142ek <\/b>\n<ul>\n<li>\u00a0o godz. 17.00 o zapraszamy wszystkie dzieci, kt\u00f3re pragn\u0105 \u015bpiewa\u0107 Bogu w scholce dzieci\u0119cej na pr\u00f3b\u0119 do Domu Parafialnego<\/li>\n<\/ul>\n<\/li>\n<li><b style=\"font-family: inherit; font-style: inherit;\">We wtorek po Mszy \u015bw.:<\/b>\n<ul>\n<li>spotkanie Wsp\u00f3lnoty Doros\u0142ych<\/li>\n<\/ul>\n<\/li>\n<li><b style=\"font-family: inherit; font-style: inherit;\">W \u015brod\u0119<\/b><span style=\"font-weight: 400;\">:<\/span>\n<ul>\n<li>o godz. 17.00 <span style=\"font-weight: 400;\">spotkanie kandydat\u00f3w na ministrant\u00f3w<\/span><\/li>\n<li>po Mszy \u015bw.- zbi\u00f3rka LSO<\/li>\n<li>o godz. 18:45 pr\u00f3ba parafialnego ch\u00f3ru \u201eCredo\u201d<\/li>\n<\/ul>\n<\/li>\n<li><b style=\"font-family: inherit; font-style: inherit;\">W pi\u0105tek po Mszy \u015bw.:<\/b>\n<ul>\n<li>spotkanie Ruchu \u015awiat\u0142o &#8211; \u017bycie<\/li>\n<\/ul>\n<\/li>\n<\/ol>\n","protected":false},"excerpt":{"rendered":"<p>Po zmianie tajemnic r\u00f3\u017ca\u0144cowych zapraszamy na spotkanie do Domu Parafialnego Zelator\u00f3w R\u00f3\u017c R\u00f3\u017ca\u0144cowych \u017ce\u0144skich i m\u0119skich. W oczekiwaniu na relikwie \u015bw. Jana Paw\u0142a II pragniemy przez trzy niedziele pocz\u0105wszy od dzisiejszej, podj\u0105\u0107 refleksj\u0119 nad my\u015bl\u0105 Papie\u017ca z Polski. Dzi\u015b w rozwa\u017caniach towarzyszy nam temat \u201eJan Pawe\u0142 II przewodnikiem m\u0142odzie\u017cy\u201d. Za tydzie\u0144 \u201eJan Pawe\u0142 II przewodnikiem <a class=\"read-more\" href=\"https:\/\/parafiazalesie.org\/index.php\/2021\/10\/02\/ogloszenia-xxvii-niedziela-zwykla-03-10-2021-r\/\"><\/p>\n<p>Zobacz wi\u0119cej<\/a><\/p>\n","protected":false},"author":1,"featured_media":447,"comment_status":"closed","ping_status":"closed","sticky":false,"template":"","format":"standard","meta":{"ngg_post_thumbnail":0,"footnotes":""},"categories":[3],"tags":[],"class_list":["post-446","post","type-post","status-publish","format-standard","has-post-thumbnail","hentry","category-ogloszenia"],"_links":{"self":[{"href":"https:\/\/parafiazalesie.org\/index.php\/wp-json\/wp\/v2\/posts\/446","targetHints":{"allow":["GET"]}}],"collection":[{"href":"https:\/\/parafiazalesie.org\/index.php\/wp-json\/wp\/v2\/posts"}],"about":[{"href":"https:\/\/parafiazalesie.org\/index.php\/wp-json\/wp\/v2\/types\/post"}],"author":[{"embeddable":true,"href":"https:\/\/parafiazalesie.org\/index.php\/wp-json\/wp\/v2\/users\/1"}],"replies":[{"embeddable":true,"href":"https:\/\/parafiazalesie.org\/index.php\/wp-json\/wp\/v2\/comments?post=446"}],"version-history":[{"count":0,"href":"https:\/\/parafiazalesie.org\/index.php\/wp-json\/wp\/v2\/posts\/446\/revisions"}],"wp:featuredmedia":[{"embeddable":true,"href":"https:\/\/parafiazalesie.org\/index.php\/wp-json\/wp\/v2\/media\/447"}],"wp:attachment":[{"href":"https:\/\/parafiazalesie.org\/index.php\/wp-json\/wp\/v2\/media?parent=446"}],"wp:term":[{"taxonomy":"category","embeddable":true,"href":"https:\/\/parafiazalesie.org\/index.php\/wp-json\/wp\/v2\/categories?post=446"},{"taxonomy":"post_tag","embeddable":true,"href":"https:\/\/parafiazalesie.org\/index.php\/wp-json\/wp\/v2\/tags?post=446"}],"curies":[{"name":"wp","href":"https:\/\/api.w.org\/{rel}","templated":true}]}}