{"id":383,"date":"2021-08-23T08:22:25","date_gmt":"2021-08-23T06:22:25","guid":{"rendered":"https:\/\/parafiazalesie.org\/?p=383"},"modified":"2021-08-23T08:22:25","modified_gmt":"2021-08-23T06:22:25","slug":"ogloszenia-parafialne-xxi-niedziela-zwykla-22-08-2021-r","status":"publish","type":"post","link":"https:\/\/parafiazalesie.org\/index.php\/2021\/08\/23\/ogloszenia-parafialne-xxi-niedziela-zwykla-22-08-2021-r\/","title":{"rendered":"Og\u0142oszenia Parafialne XXI Niedziela zwyk\u0142a 22.08.2021 r."},"content":{"rendered":"<ol>\n<li>Jest dzi\u015b z nami Ks. \u0141ukasz Ch\u0142opek. Pami\u0119tamy, \u017ce jeszcze nie dawno odbywa\u0142 w naszej parafii praktyk\u0119 przed \u015bwi\u0119ceniami kap\u0142a\u0144skimi, a obecnie po kr\u00f3tkiej pracy na wikariacie jest w przededniu wyjazdu na prac\u0119 misyjn\u0105 do Kazachstanu. Jest ju\u017c w tym kraju jeden z kap\u0142an\u00f3w diecezji Rzeszowskiej. Teraz do\u0142\u0105cza do niego Ks. \u0141ukasz. Dzi\u015b przyjecha\u0142 do nas aby podzieli\u0107 si\u0119 niedzielnym s\u0142owem Bo\u017cym, wyg\u0142osi homili\u0119. Serdecznie Go witamy i otaczamy modlitw\u0105 na ten czekaj\u0105cy Go czas prowadzenia ludu Bo\u017cego do zbawienia.<\/li>\n<li>Dzi\u015b w naszej diecezji odb\u0119d\u0105 si\u0119 spotkania m\u0142odzie\u017cy zwi\u0105zane z Symbolami \u015awiatowych Dni M\u0142odzie\u017cy. W Rzeszowie spotkanie odb\u0119dzie si\u0119 w parafii \u015aw. Jadwigi, w ko\u015bciele akademickim przy ul. Rejtana. Rozpocznie si\u0119 o godz.19.30, pod przewodnictwem JE Ks. Bp. Jana W\u0105troby. Zapraszamy szczeg\u00f3lnie m\u0142odzie\u017c do udzia\u0142u w tym wydarzeniu.<\/li>\n<li>W tym tygodniu obchodzimy:\n<ul>\n<li>w poniedzia\u0142ek, 23.08 wspomnienie\u00a0 b\u0142. W\u0142adys\u0142awa Findysza,<\/li>\n<li>we wtorek, 24.08 \u015bwi\u0119to \u015bw. Bart\u0142omieja Aposto\u0142a,<\/li>\n<li>w czwartek, 26.08 Uroczysto\u015b\u0107 Naj\u015bwi\u0119tszej Maryi Panny Cz\u0119stochowskiej. Odpust u s\u0105siad\u00f3w na Drabiniance. Suma odpustowa o godz. 18.00,<\/li>\n<li>w pi\u0105tek, 27.08 wspomnienie \u015aw. Moniki,<\/li>\n<li>w sobot\u0119, 28.08 wspomnienie \u015aw. Augustyna, Biskupa, Doktora Ko\u015bcio\u0142a.<\/li>\n<\/ul>\n<\/li>\n<li>Po Mszy \u015aw. wieczornej w \u015brod\u0119 Nowenna do Matki Bo\u017cej Nieustaj\u0105cej Pomocy, Pani Zaleskiej. Po Nowennie adoracja Naj\u015bwi\u0119tszego Sakramentu do godz. 20.00.<\/li>\n<li>Adoracja Naj\u015bwi\u0119tszego Sakramentu w pi\u0105tek od godz. 17.00, prowadzona przez Wsp\u00f3lnot\u0119 Intronizacyjn\u0105.<\/li>\n<li>R\u00f3\u017caniec w przysz\u0142\u0105 niedziel\u0119 poprowadzi R\u00f3\u017ca Anny Czyrek.<\/li>\n<li>Po wakacyjnej przerwie wznawia swoj\u0105 dzia\u0142alno\u015b\u0107 parafialny ch\u00f3r \u201eCredo\u201d. Jest otwarty na nowych cz\u0142onk\u00f3w \u2013 \u015bpiewak\u00f3w. Wszystkich, kt\u00f3rzy czuj\u0105 si\u0119 na si\u0142ach i chcieliby sprawdzi\u0107 swoje mo\u017cliwo\u015bci g\u0142osowe, zar\u00f3wno panie jak i pan\u00f3w, zapraszamy na pierwsz\u0105 pr\u00f3b\u0119 w najbli\u017csz\u0105 \u015brod\u0119 na godz. 19.00 do Domu Parafialnego.<\/li>\n<li>Zach\u0119camy do zainteresowania pras\u0105 katolick\u0105. W tygodniku Niedziela znajdziemy artyku\u0142 \u201eCzy my wiemy, czym naprawd\u0119 jest oddanie si\u0119 Maryi?\u201d. Tygodnik Go\u015b\u0107 Niedzielny pisze o niezwyk\u0142ym \u017cyciu niezwyk\u0142ego cz\u0142owieka. Zmar\u0142 przed kilkoma dniami \u2013 Abp Henryk Hoser.<\/li>\n<li>Trwaj\u0105 zapisy do Przedszkola \u015aw. Rodziny z Nazaretu na nowy rok szkolny. Przedszkole mie\u015bci si\u0119 w Domu Parafialnym. Przedszkole zwraca uwag\u0119 na wychowanie w duchu warto\u015bci chrze\u015bcija\u0144skich. Polecamy rozwa\u017cenie bogatej oferty zaj\u0119\u0107 programowych i dodatkowych przedszkola. Szczeg\u00f3\u0142owe informacje w internecie zar\u00f3wno na stronie przedszkola jak i na parafialnej stronie i parafialnym facebooku.<\/li>\n<\/ol>\n","protected":false},"excerpt":{"rendered":"<p>Jest dzi\u015b z nami Ks. \u0141ukasz Ch\u0142opek. Pami\u0119tamy, \u017ce jeszcze nie dawno odbywa\u0142 w naszej parafii praktyk\u0119 przed \u015bwi\u0119ceniami kap\u0142a\u0144skimi, a obecnie po kr\u00f3tkiej pracy na wikariacie jest w przededniu wyjazdu na prac\u0119 misyjn\u0105 do Kazachstanu. Jest ju\u017c w tym kraju jeden z kap\u0142an\u00f3w diecezji Rzeszowskiej. Teraz do\u0142\u0105cza do niego Ks. \u0141ukasz. Dzi\u015b przyjecha\u0142 do <a class=\"read-more\" href=\"https:\/\/parafiazalesie.org\/index.php\/2021\/08\/23\/ogloszenia-parafialne-xxi-niedziela-zwykla-22-08-2021-r\/\"><\/p>\n<p>Zobacz wi\u0119cej<\/a><\/p>\n","protected":false},"author":1,"featured_media":384,"comment_status":"closed","ping_status":"closed","sticky":false,"template":"","format":"standard","meta":{"ngg_post_thumbnail":0,"footnotes":""},"categories":[3],"tags":[],"class_list":["post-383","post","type-post","status-publish","format-standard","has-post-thumbnail","hentry","category-ogloszenia"],"_links":{"self":[{"href":"https:\/\/parafiazalesie.org\/index.php\/wp-json\/wp\/v2\/posts\/383","targetHints":{"allow":["GET"]}}],"collection":[{"href":"https:\/\/parafiazalesie.org\/index.php\/wp-json\/wp\/v2\/posts"}],"about":[{"href":"https:\/\/parafiazalesie.org\/index.php\/wp-json\/wp\/v2\/types\/post"}],"author":[{"embeddable":true,"href":"https:\/\/parafiazalesie.org\/index.php\/wp-json\/wp\/v2\/users\/1"}],"replies":[{"embeddable":true,"href":"https:\/\/parafiazalesie.org\/index.php\/wp-json\/wp\/v2\/comments?post=383"}],"version-history":[{"count":0,"href":"https:\/\/parafiazalesie.org\/index.php\/wp-json\/wp\/v2\/posts\/383\/revisions"}],"wp:featuredmedia":[{"embeddable":true,"href":"https:\/\/parafiazalesie.org\/index.php\/wp-json\/wp\/v2\/media\/384"}],"wp:attachment":[{"href":"https:\/\/parafiazalesie.org\/index.php\/wp-json\/wp\/v2\/media?parent=383"}],"wp:term":[{"taxonomy":"category","embeddable":true,"href":"https:\/\/parafiazalesie.org\/index.php\/wp-json\/wp\/v2\/categories?post=383"},{"taxonomy":"post_tag","embeddable":true,"href":"https:\/\/parafiazalesie.org\/index.php\/wp-json\/wp\/v2\/tags?post=383"}],"curies":[{"name":"wp","href":"https:\/\/api.w.org\/{rel}","templated":true}]}}