{"id":381,"date":"2021-08-23T08:18:16","date_gmt":"2021-08-23T06:18:16","guid":{"rendered":"https:\/\/parafiazalesie.org\/?p=381"},"modified":"2021-08-23T08:18:16","modified_gmt":"2021-08-23T06:18:16","slug":"intencje-mszalne-23-29-08-2021r","status":"publish","type":"post","link":"https:\/\/parafiazalesie.org\/index.php\/2021\/08\/23\/intencje-mszalne-23-29-08-2021r\/","title":{"rendered":"INTENCJE MSZALNE 23 \u2013 29.08.2021r."},"content":{"rendered":"<table style=\"width: 100%; height: 845px;\" width=\"709\">\n<tbody>\n<tr style=\"height: 90px;\">\n<td style=\"height: 158px;\" rowspan=\"2\" width=\"111\">\n<p>23.08.2021r.<\/p>\n<p>Poniedzia\u0142ek<\/p>\n<\/td>\n<td style=\"height: 90px;\" width=\"66\">\n<p>7.00<\/p>\n<\/td>\n<td style=\"height: 90px;\" width=\"531\">\n<p>1. + Tadeusz Lisowicz gr.3<br \/>\n2. + Bogus\u0142awa (f) Dworak \u2013 z int. kuzyn\u00f3w i kuzynek z rodziny Wores\u00f3w<br \/>\n3. + Agnieszka Cymbalista<\/p>\n<\/td>\n<\/tr>\n<tr style=\"height: 68px;\">\n<td style=\"height: 68px;\" width=\"66\">\n<p>18.00<\/p>\n<\/td>\n<td style=\"height: 68px;\" width=\"531\">\n<p>1. + Stanis\u0142aw Skiba gr.13<br \/>\n2. + Tomasz Pado \u2013 z int. rodziny<\/p>\n<\/td>\n<\/tr>\n<tr style=\"height: 91px;\">\n<td style=\"height: 159px;\" rowspan=\"2\" width=\"111\">\n<p>24.08.2021r.<\/p>\n<p>Wtorek<\/p>\n<\/td>\n<td style=\"height: 91px;\" width=\"66\">\n<p>7.00<\/p>\n<\/td>\n<td style=\"height: 91px;\" width=\"531\">\n<p>1. Dzi\u0119kczynna w 25r. \u015blubu Ma\u0142gorzaty i Bogdana z pro\u015bb\u0105 o dalsze Bo\u017ce b\u0142ogos\u0142awie\u0144stwo i potrzebne \u0142aski dla ca\u0142ej rodziny<br \/>\n2. + Tadeusz Lisowicz gr.4<br \/>\n3. + Bogus\u0142awa (f) Dworak \u2013 z int. Doroty z rodzin\u0105<\/p>\n<\/td>\n<\/tr>\n<tr style=\"height: 68px;\">\n<td style=\"height: 68px;\" width=\"66\">\n<p>18.00<\/p>\n<\/td>\n<td style=\"height: 68px;\" width=\"531\">\n<p>1. + Stanis\u0142aw Skiba gr.14<br \/>\n2. + Ma\u0142gorzata Krawczyk w 26r. \u015bmierci<\/p>\n<\/td>\n<\/tr>\n<tr style=\"height: 91px;\">\n<td style=\"height: 101px;\" rowspan=\"2\" width=\"111\">\n<p>25.08.2021r.<\/p>\n<p>\u015aroda<\/p>\n<\/td>\n<td style=\"height: 91px;\" width=\"66\">\n<p>7.00<\/p>\n<\/td>\n<td style=\"height: 91px;\" width=\"531\">\n<p>1. + Tadeusz Lisowicz gr.5<br \/>\n2. + Bogus\u0142awa (f) Dworak \u2013 z int. rodziny Mi\u0105sik\u00f3w<br \/>\n3. + Jan Mak\u00f3wka \u2013 z int. rodziny Mi\u0105sik\u00f3w<\/p>\n<\/td>\n<\/tr>\n<tr style=\"height: 10px;\">\n<td style=\"height: 10px;\" width=\"66\">\n<p>18.00<\/p>\n<\/td>\n<td style=\"height: 10px;\" width=\"531\">\n<p>1. + Stanis\u0142aw Skiba gr.15<br \/>\n2. + W\u0142adys\u0142aw Ste<\/p>\n<\/td>\n<\/tr>\n<tr style=\"height: 91px;\">\n<td style=\"height: 101px;\" rowspan=\"2\" width=\"111\">\n<p>26.08.2021r.<\/p>\n<p>Czwartek<\/p>\n<\/td>\n<td style=\"height: 91px;\" width=\"66\">\n<p>7.00<\/p>\n<\/td>\n<td style=\"height: 91px;\" width=\"531\">\n<p>1. O Bo\u017ce b\u0142ogos\u0142awie\u0144stwo i opiek\u0119 Matki Bo\u017cej Zaleskiej dla Gabriela<br \/>\n2. O zdrowie i Bo\u017ce b\u0142ogos\u0142awie\u0144stwo dla Anny Sitek<br \/>\n3. + Tadeusz Lisowicz gr. 6<\/p>\n<\/td>\n<\/tr>\n<tr style=\"height: 10px;\">\n<td style=\"height: 10px;\" width=\"66\">\n<p>18.00<\/p>\n<\/td>\n<td style=\"height: 10px;\" width=\"531\">\n<p>1. Dzi\u0119kczynna za otrzymane \u0142aski z pro\u015bb\u0105 o Bo\u017ce b\u0142ogos\u0142awie\u0144stwo i opiek\u0119 Matki Bo\u017cej Zaleskiej dla Krystyny w 60r. urodzin<br \/>\n2. + Stanis\u0142aw Skiba gr.16<\/p>\n<\/td>\n<\/tr>\n<tr style=\"height: 72px;\">\n<td style=\"height: 82px;\" rowspan=\"2\" width=\"111\">\n<p>27.08.2021r.<\/p>\n<p>Pi\u0105tek<\/p>\n<\/td>\n<td style=\"height: 72px;\" width=\"66\">\n<p>7.00<\/p>\n<\/td>\n<td style=\"height: 72px;\" width=\"531\">\n<p>1. O zdrowie i Bo\u017ce b\u0142ogos\u0142awie\u0144stwo dla Anny Wi\u0119cek<br \/>\n2. + Tadeusz Lisowicz gr.7<br \/>\n3. + Krzysztof Korba<\/p>\n<\/td>\n<\/tr>\n<tr style=\"height: 10px;\">\n<td style=\"height: 10px;\" width=\"66\">\n<p>18.00<\/p>\n<\/td>\n<td style=\"height: 10px;\" width=\"531\">\n<p>1. + Stanis\u0142aw Skiba gr.17<br \/>\n2. ++ Monika Krawczyk i J\u00f3zef Kurzyd\u0142o<\/p>\n<\/td>\n<\/tr>\n<tr style=\"height: 112px;\">\n<td style=\"height: 180px;\" rowspan=\"2\" width=\"111\">\n<p>28.08.2021r.<\/p>\n<p>Sobota<\/p>\n<\/td>\n<td style=\"height: 112px;\" width=\"66\">\n<p>7.00<\/p>\n<\/td>\n<td style=\"height: 112px;\" width=\"531\">\n<p>1. Dzi\u0119kczynna za zdanie matury Dominiki i dostanie si\u0119 na studia z pro\u015bb\u0105 o Bo\u017ce b\u0142ogos\u0142awie\u0144stwo i opiek\u0119 Matki Bo\u017cej Zaleskiej<br \/>\n2. Dzi\u0119kczynna za dar sakramentu ma\u0142\u017ce\u0144stwa Aliny i Grzegorza z pro\u015bb\u0105 o Bo\u017ce b\u0142ogos\u0142awie\u0144stwo, opiek\u0119 Matki Bo\u017cej i \u015bw. J\u00f3zefa dla ma\u0142\u017conk\u00f3w i rodziny z okazji 41r. \u015blubu<br \/>\n3. + Tadeusz Lisowicz gr.8<\/p>\n<\/td>\n<\/tr>\n<tr style=\"height: 68px;\">\n<td style=\"height: 68px;\" width=\"66\">\n<p>18.00<\/p>\n<\/td>\n<td style=\"height: 68px;\" width=\"531\">\n<p>1. + Stanis\u0142aw Skiba gr.18<br \/>\n2. + Teofila (f) Sikora w 5r. \u015bmierci<\/p>\n<\/td>\n<\/tr>\n<tr style=\"height: 24px;\">\n<td style=\"height: 64px;\" rowspan=\"5\" width=\"111\">\n<p>29.08.2021r.<\/p>\n<p>Niedziel<\/p>\n<\/td>\n<td style=\"height: 24px;\" width=\"66\">\n<p>7.00<\/p>\n<\/td>\n<td style=\"height: 24px;\" width=\"531\">\n<p>1. Za Parafian\u00a0<br \/>\n2. + Julian Wnuk \u2013 z int. c\u00f3rki Wioletty z m\u0119\u017cem Mariuszem<\/p>\n<\/td>\n<\/tr>\n<tr style=\"height: 10px;\">\n<td style=\"height: 10px;\" width=\"66\">\n<p>9.00<\/p>\n<\/td>\n<td style=\"height: 10px;\" width=\"531\">\n<p>+ Tadeusz Lisowicz gr.9<\/p>\n<\/td>\n<\/tr>\n<tr style=\"height: 10px;\">\n<td style=\"height: 10px;\" width=\"66\">\n<p>10.30<\/p>\n<\/td>\n<td style=\"height: 10px;\" width=\"531\">\n<p>O zdrowie i Bo\u017ce b\u0142ogos\u0142awie\u0144stwo dla Sebastiana i Anny z dzie\u0107mi<\/p>\n<\/td>\n<\/tr>\n<tr style=\"height: 10px;\">\n<td style=\"height: 10px;\" width=\"66\">\n<p>12.00<\/p>\n<\/td>\n<td style=\"height: 10px;\" width=\"531\">\n<p>+ Stanis\u0142aw Skiba gr.19<\/p>\n<\/td>\n<\/tr>\n<tr style=\"height: 10px;\">\n<td style=\"height: 10px;\" width=\"66\">\n<p>17.00<\/p>\n<\/td>\n<td style=\"height: 10px;\" width=\"531\">\n<p>+ Rafa\u0142 Rybka<\/p>\n<\/td>\n<\/tr>\n<\/tbody>\n<\/table>\n","protected":false},"excerpt":{"rendered":"<p>23.08.2021r. Poniedzia\u0142ek 7.00 1. + Tadeusz Lisowicz gr.3 2. + Bogus\u0142awa (f) Dworak \u2013 z int. kuzyn\u00f3w i kuzynek z rodziny Wores\u00f3w 3. + Agnieszka Cymbalista 18.00 1. + Stanis\u0142aw Skiba gr.13 2. + Tomasz Pado \u2013 z int. rodziny 24.08.2021r. Wtorek 7.00 1. Dzi\u0119kczynna w 25r. \u015blubu Ma\u0142gorzaty i Bogdana z pro\u015bb\u0105 o dalsze <a class=\"read-more\" href=\"https:\/\/parafiazalesie.org\/index.php\/2021\/08\/23\/intencje-mszalne-23-29-08-2021r\/\"><\/p>\n<p>Zobacz wi\u0119cej<\/a><\/p>\n","protected":false},"author":1,"featured_media":111,"comment_status":"closed","ping_status":"closed","sticky":false,"template":"","format":"standard","meta":{"ngg_post_thumbnail":0,"footnotes":""},"categories":[5],"tags":[],"class_list":["post-381","post","type-post","status-publish","format-standard","has-post-thumbnail","hentry","category-intencje"],"_links":{"self":[{"href":"https:\/\/parafiazalesie.org\/index.php\/wp-json\/wp\/v2\/posts\/381","targetHints":{"allow":["GET"]}}],"collection":[{"href":"https:\/\/parafiazalesie.org\/index.php\/wp-json\/wp\/v2\/posts"}],"about":[{"href":"https:\/\/parafiazalesie.org\/index.php\/wp-json\/wp\/v2\/types\/post"}],"author":[{"embeddable":true,"href":"https:\/\/parafiazalesie.org\/index.php\/wp-json\/wp\/v2\/users\/1"}],"replies":[{"embeddable":true,"href":"https:\/\/parafiazalesie.org\/index.php\/wp-json\/wp\/v2\/comments?post=381"}],"version-history":[{"count":0,"href":"https:\/\/parafiazalesie.org\/index.php\/wp-json\/wp\/v2\/posts\/381\/revisions"}],"wp:featuredmedia":[{"embeddable":true,"href":"https:\/\/parafiazalesie.org\/index.php\/wp-json\/wp\/v2\/media\/111"}],"wp:attachment":[{"href":"https:\/\/parafiazalesie.org\/index.php\/wp-json\/wp\/v2\/media?parent=381"}],"wp:term":[{"taxonomy":"category","embeddable":true,"href":"https:\/\/parafiazalesie.org\/index.php\/wp-json\/wp\/v2\/categories?post=381"},{"taxonomy":"post_tag","embeddable":true,"href":"https:\/\/parafiazalesie.org\/index.php\/wp-json\/wp\/v2\/tags?post=381"}],"curies":[{"name":"wp","href":"https:\/\/api.w.org\/{rel}","templated":true}]}}