{"id":345,"date":"2021-07-03T13:23:24","date_gmt":"2021-07-03T11:23:24","guid":{"rendered":"https:\/\/parafiazalesie.org\/?p=345"},"modified":"2021-07-03T20:59:54","modified_gmt":"2021-07-03T18:59:54","slug":"ogloszenia-parafialne-14-niedziela-zwykla-04-07-2021-r","status":"publish","type":"post","link":"https:\/\/parafiazalesie.org\/index.php\/2021\/07\/03\/ogloszenia-parafialne-14-niedziela-zwykla-04-07-2021-r\/","title":{"rendered":"Og\u0142oszenia Parafialne 14 Niedziela zwyk\u0142a 04.07.2021 r."},"content":{"rendered":"<ol>\n<li>Po prymarii zmiana tajemnic r\u00f3\u017ca\u0144cowych.<\/li>\n<li>W tym tygodniu we wtorek obchodzimy wspomnienie B\u0142. Marii Teresy Led\u00f3chowskiej, dziewicy, w czwartek wsp. \u015aw. Jana z Dukli, kap\u0142ana.<\/li>\n<li>Nowenna do Matki Bo\u017cej Nieustaj\u0105cej Pomocy, Pani Zaleskiej w \u015brod\u0119 po Mszy \u015bw. wieczornej. Po Nowennie adoracja Naj\u015bwi\u0119tszego Sakramentu do godz. 20.00.<\/li>\n<li>Adoracja Naj\u015bwi\u0119tszego Sakramentu w pi\u0105tek od godz. 17.00. Prowadzi Grupa Intronizacyjna.<\/li>\n<li>R\u00f3\u017caniec w przysz\u0142\u0105 niedziel\u0119 poprowadzi R\u00f3\u017ca Pani Aliny \u015alusarz.<\/li>\n<li>Od dzisiejszej niedzieli odwo\u0142ana zosta\u0142a Msza \u015aw. o godz. 13.30, wprowadzona na czas pandemii.<\/li>\n<li>W przysz\u0142\u0105 niedziel\u0119 zbi\u00f3rka do puszek na pogorzelc\u00f3w w Nowej Bia\u0142ej ko\u0142o Nowego Targu (sp\u0142on\u0119\u0142o ponad 40 budynk\u00f3w). Przed rokiem inne diecezje pomaga\u0142y poszkodowanym w powodzi z naszego terenu. Teraz my mo\u017cemy okaza\u0107 solidarno\u015b\u0107 z ofiarami po\u017caru.<\/li>\n<li>Caritas naszej diecezji prosi o pomoc w sfinansowaniu turnus\u00f3w wakacyjnych dla dzieci. W zakrystii do nabycia cegie\u0142ki, przeznaczone na wsparcie tego celu. Sugerowana cena cegie\u0142ki 5 z\u0142. Ofiarodawcom sk\u0142adamy B\u00f3g zap\u0142a\u0107.<\/li>\n<li>Do ko\u0144ca lipca prosimy o zapisy w zakrystii lub kancelarii parafialnej uczni\u00f3w klas \u00f3smych, kandydat\u00f3w do sakramentu bierzmowania. Kandydaci spoza parafii, przynosz\u0105 na pi\u015bmie zgod\u0119 ksi\u0119dza proboszcza na przygotowanie do sakramentu, z parafii do kt\u00f3rej nale\u017c\u0105.<\/li>\n<li>Nasz parafianin otwiera w budynku Domu Parafialnego przedszkole pod patronatem \u015aw. Rodziny z Nazaretu. Oferuje wychowanie do warto\u015bci w duchu chrze\u015bcija\u0144skim i rodzinnym. Zapraszamy do zapis\u00f3w dzieci w wieku od 2,5 do 5 lat do nowego przedszkola, kt\u00f3re otwiera si\u0119 ju\u017c 2 sierpnia br. w miejscu obecnego przedszkola. Poza podstaw\u0105 programow\u0105 MEN, b\u0119dzie realizowana nauka j\u0119zyk\u00f3w obcych, edukacja podr\u00f3\u017cniczo-przyrodnicza, prowadzone b\u0119d\u0105 do\u015bwiadczenia i eksperymenty dostosowane do wieku przedszkolnego oraz warsztaty rozwojowe. R\u00f3wnocze\u015bnie zapraszamy tak\u017ce do zapis\u00f3w dzieci szkolnych na tzw. &#8222;p\u00f3\u0142kolonie&#8221;. Wi\u0119cej informacji mo\u017cna uzyska\u0107 pod numerem telefonu znajduj\u0105cym si\u0119 na banerze ko\u0142o ko\u015bcio\u0142a oraz na naszej stronie i parafialnym facebooku.<\/li>\n<li>Dla zainteresowanych Miejscem Piastowym, miejscem pielgrzymek do sanktuarium \u015aw. Micha\u0142a Archanio\u0142a, ksi\u0119dzem Markiewiczem i jego dzie\u0142em, proponujemy w Go\u015bciu Niedzielnym artyku\u0142 \u201eR\u0119ce pe\u0142ne roboty\u201d. Niedziela pisze o powodach, skali, zjawiskach apostazji. Zapraszamy do lektury.<\/li>\n<\/ol>\n","protected":false},"excerpt":{"rendered":"<p>Po prymarii zmiana tajemnic r\u00f3\u017ca\u0144cowych. W tym tygodniu we wtorek obchodzimy wspomnienie B\u0142. Marii Teresy Led\u00f3chowskiej, dziewicy, w czwartek wsp. \u015aw. Jana z Dukli, kap\u0142ana. Nowenna do Matki Bo\u017cej Nieustaj\u0105cej Pomocy, Pani Zaleskiej w \u015brod\u0119 po Mszy \u015bw. wieczornej. Po Nowennie adoracja Naj\u015bwi\u0119tszego Sakramentu do godz. 20.00. Adoracja Naj\u015bwi\u0119tszego Sakramentu w pi\u0105tek od godz. 17.00. <a class=\"read-more\" href=\"https:\/\/parafiazalesie.org\/index.php\/2021\/07\/03\/ogloszenia-parafialne-14-niedziela-zwykla-04-07-2021-r\/\"><\/p>\n<p>Zobacz wi\u0119cej<\/a><\/p>\n","protected":false},"author":1,"featured_media":346,"comment_status":"closed","ping_status":"closed","sticky":false,"template":"","format":"standard","meta":{"ngg_post_thumbnail":0,"footnotes":""},"categories":[3],"tags":[],"class_list":["post-345","post","type-post","status-publish","format-standard","has-post-thumbnail","hentry","category-ogloszenia"],"_links":{"self":[{"href":"https:\/\/parafiazalesie.org\/index.php\/wp-json\/wp\/v2\/posts\/345","targetHints":{"allow":["GET"]}}],"collection":[{"href":"https:\/\/parafiazalesie.org\/index.php\/wp-json\/wp\/v2\/posts"}],"about":[{"href":"https:\/\/parafiazalesie.org\/index.php\/wp-json\/wp\/v2\/types\/post"}],"author":[{"embeddable":true,"href":"https:\/\/parafiazalesie.org\/index.php\/wp-json\/wp\/v2\/users\/1"}],"replies":[{"embeddable":true,"href":"https:\/\/parafiazalesie.org\/index.php\/wp-json\/wp\/v2\/comments?post=345"}],"version-history":[{"count":0,"href":"https:\/\/parafiazalesie.org\/index.php\/wp-json\/wp\/v2\/posts\/345\/revisions"}],"wp:featuredmedia":[{"embeddable":true,"href":"https:\/\/parafiazalesie.org\/index.php\/wp-json\/wp\/v2\/media\/346"}],"wp:attachment":[{"href":"https:\/\/parafiazalesie.org\/index.php\/wp-json\/wp\/v2\/media?parent=345"}],"wp:term":[{"taxonomy":"category","embeddable":true,"href":"https:\/\/parafiazalesie.org\/index.php\/wp-json\/wp\/v2\/categories?post=345"},{"taxonomy":"post_tag","embeddable":true,"href":"https:\/\/parafiazalesie.org\/index.php\/wp-json\/wp\/v2\/tags?post=345"}],"curies":[{"name":"wp","href":"https:\/\/api.w.org\/{rel}","templated":true}]}}