{"id":313,"date":"2021-06-14T09:58:51","date_gmt":"2021-06-14T07:58:51","guid":{"rendered":"https:\/\/parafiazalesie.org\/?p=313"},"modified":"2021-06-14T09:58:51","modified_gmt":"2021-06-14T07:58:51","slug":"intencje-mszalne-14-20-06-2021","status":"publish","type":"post","link":"https:\/\/parafiazalesie.org\/index.php\/2021\/06\/14\/intencje-mszalne-14-20-06-2021\/","title":{"rendered":"INTENCJE MSZALNE 14 \u2013 20.06.2021"},"content":{"rendered":"<p><b>14 Czerwca\u2013 PONIEDZIA\u0141EK<br \/>\n<\/b>\u00a07:00\u00a0\u00a0\u00a0 \u00a0 O \u0142ask\u0119 zdrowia i Bo\u017ce b\u0142ogos\u0142awie\u0144stwo dla Dominiki i Niny<br \/>\n\u00a0\u00a0\u00a0\u00a0\u00a0\u00a0\u00a0\u00a0\u00a0\u00a0\u00a0\u00a0 + ks. Stanis\u0142aw P\u0142aza<br \/>\n\u00a0\u00a0\u00a0\u00a0\u00a0\u00a0\u00a0\u00a0\u00a0\u00a0\u00a0\u00a0 + Boles\u0142aw Szczygie\u0142 gr.4<br \/>\n18:00 \u00a0\u00a0 + Halina Paw\u0142owska gr.23<br \/>\n\u00a0 \u00a0 \u00a0 \u00a0 \u00a0 \u00a0 \u00a0 ++ J\u00f3zef, Rozalia, Janusz<br \/>\n<b>15 Czerwca \u2013 WTOREK<br \/>\n<\/b>\u00a07:00\u00a0\u00a0\u00a0 + Boles\u0142aw Szczygie\u0142 gr.5<br \/>\n\u00a0\u00a0\u00a0\u00a0\u00a0\u00a0\u00a0\u00a0\u00a0\u00a0\u00a0\u00a0 + Maria Bonikowska w 14r. \u015bmierci<br \/>\n\u00a0 \u00a0 \u00a0 \u00a0 \u00a0 ++ Michalina i Stanis\u0142aw \u2013 z int. dzieci<br \/>\n18:00\u00a0 + Halina Paw\u0142owska gr.24<br \/>\n\u00a0 \u00a0 \u00a0 \u00a0 \u00a0 \u00a0 \u00a0 + ks. Ryszard Do\u0142ek w 5r. \u015bmierci<br \/>\n\u00a0 \u00a0 \u00a0 \u00a0 \u00a0 \u00a0 \u00a0 + Maria Kalandyk \u2013 z int. And\u017celiki i Mateusza<br \/>\n<b>16 Czerwca <\/b><b>\u2013 \u015aRODA<br \/>\n<\/b>\u00a07:00\u00a0 + Boles\u0142aw Szczygie\u0142 gr.6<br \/>\n\u00a0 \u00a0 \u00a0 \u00a0 \u00a0 \u00a0 \u00a0 ++ Zofia, Leopold, Jan Makara<br \/>\n\u00a0 \u00a0 \u00a0 \u00a0 \u00a0 \u00a0 \u00a0 + Stanis\u0142aw<br \/>\n18:00\u00a0 + Halina Paw\u0142owska gr.25<br \/>\n\u00a0 \u00a0 \u00a0 \u00a0 \u00a0 \u00a0 \u00a0 \u00a0 + Tadeusz Wnuk<br \/>\n<b>17 Czerwca <\/b><b>\u2013 CZWARTEK <br \/>\n<\/b>\u00a07:00\u00a0 + Boles\u0142aw Szczygie\u0142 gr.7<br \/>\n\u00a0 \u00a0 \u00a0 \u00a0 \u00a0 \u00a0 + Mieczys\u0142aw Papuga w 26r. \u015bmierci<br \/>\n\u00a0 \u00a0 \u00a0 \u00a0 \u00a0 \u00a0 + Marian Doma\u0144ski<br \/>\n18:00\u00a0 + Halina Paw\u0142owska gr.26<br \/>\n\u00a0 \u00a0 \u00a0 \u00a0 \u00a0 \u00a0 + Mariusz Kusy\u00a0<br \/>\n<b>18 Czerwca &#8211; PI\u0104TEK<br \/>\n<\/b>\u00a07:00\u00a0 O Bo\u017ce b\u0142ogos\u0142awie\u0144stwo i opiek\u0119 Matki Bo\u017cej dla Ireneusza i rodzic\u00f3w chrzestnych<br \/>\n\u00a0 \u00a0 \u00a0 \u00a0 \u00a0 \u00a0 \u00a0 \u00a0 + Boles\u0142aw Szczygie\u0142 gr.8<br \/>\n\u00a0 \u00a0 \u00a0 \u00a0 \u00a0 \u00a0 \u00a0 + ks. Stanis\u0142aw Skorodecki<br \/>\n18:00\u00a0 + Halina Paw\u0142owska gr.27<br \/>\n\u00a0 \u00a0 \u00a0 \u00a0 \u00a0 \u00a0 + Mariusz w 11r. \u015bmierci\u00a0<br \/>\n<b>19 Czerwca <\/b><b>\u2013 SOBOTA <br \/>\n<\/b>\u00a07:00\u00a0 + Boles\u0142aw Szczygie\u0142 gr.9<br \/>\n\u00a0 \u00a0 \u00a0 \u00a0 \u00a0 \u00a0 \u00a0 \u00a0 ++ Maria, Helena, Stanis\u0142aw<br \/>\n\u00a0 \u00a0 \u00a0 \u00a0 \u00a0 \u00a0 ++ Wiktoria, Eugeniusz Jakubiec \u2013 z int. syn\u00f3w Janusza i Ryszarda<br \/>\n18:00\u00a0 + Halina Paw\u0142owska gr.28<br \/>\n\u00a0 \u00a0 \u00a0 \u00a0 \u00a0 \u00a0 ++ Jan, Stefania, Marian \u0141uka\u00a0<br \/>\n<b>20<\/b><b> Czerwca<\/b> <b>\u2013 NIEDZIELA <br \/>\n<\/b>\u00a07:00\u00a0 Za Parafian<br \/>\n\u00a09:00\u00a0 + Halina Paw\u0142owska gr.29\u00a0<br \/>\n10:30\u00a0 + Boles\u0142aw Szczygie\u0142 gr.10\u00a0<br \/>\n12:00\u00a0 + Julian Cyrek w 2r. \u015bmierci\u00a0<br \/>\n13:30\u00a0 + Maria Gordon\u00a0<br \/>\n17:00\u00a0 O \u015bwiat\u0142o Ducha \u015awi\u0119tego w \u017cyciowych wyborach dla Tomasza<\/p>\n","protected":false},"excerpt":{"rendered":"<p>14 Czerwca\u2013 PONIEDZIA\u0141EK \u00a07:00\u00a0\u00a0\u00a0 \u00a0 O \u0142ask\u0119 zdrowia i Bo\u017ce b\u0142ogos\u0142awie\u0144stwo dla Dominiki i Niny \u00a0\u00a0\u00a0\u00a0\u00a0\u00a0\u00a0\u00a0\u00a0\u00a0\u00a0\u00a0 + ks. Stanis\u0142aw P\u0142aza \u00a0\u00a0\u00a0\u00a0\u00a0\u00a0\u00a0\u00a0\u00a0\u00a0\u00a0\u00a0 + Boles\u0142aw Szczygie\u0142 gr.4 18:00 \u00a0\u00a0 + Halina Paw\u0142owska gr.23 \u00a0 \u00a0 \u00a0 \u00a0 \u00a0 \u00a0 \u00a0 ++ J\u00f3zef, Rozalia, Janusz 15 Czerwca \u2013 WTOREK \u00a07:00\u00a0\u00a0\u00a0 + Boles\u0142aw Szczygie\u0142 gr.5 \u00a0\u00a0\u00a0\u00a0\u00a0\u00a0\u00a0\u00a0\u00a0\u00a0\u00a0\u00a0 + Maria Bonikowska <a class=\"read-more\" href=\"https:\/\/parafiazalesie.org\/index.php\/2021\/06\/14\/intencje-mszalne-14-20-06-2021\/\"><\/p>\n<p>Zobacz wi\u0119cej<\/a><\/p>\n","protected":false},"author":1,"featured_media":111,"comment_status":"closed","ping_status":"closed","sticky":false,"template":"","format":"standard","meta":{"ngg_post_thumbnail":0,"footnotes":""},"categories":[5],"tags":[],"class_list":["post-313","post","type-post","status-publish","format-standard","has-post-thumbnail","hentry","category-intencje"],"_links":{"self":[{"href":"https:\/\/parafiazalesie.org\/index.php\/wp-json\/wp\/v2\/posts\/313","targetHints":{"allow":["GET"]}}],"collection":[{"href":"https:\/\/parafiazalesie.org\/index.php\/wp-json\/wp\/v2\/posts"}],"about":[{"href":"https:\/\/parafiazalesie.org\/index.php\/wp-json\/wp\/v2\/types\/post"}],"author":[{"embeddable":true,"href":"https:\/\/parafiazalesie.org\/index.php\/wp-json\/wp\/v2\/users\/1"}],"replies":[{"embeddable":true,"href":"https:\/\/parafiazalesie.org\/index.php\/wp-json\/wp\/v2\/comments?post=313"}],"version-history":[{"count":0,"href":"https:\/\/parafiazalesie.org\/index.php\/wp-json\/wp\/v2\/posts\/313\/revisions"}],"wp:featuredmedia":[{"embeddable":true,"href":"https:\/\/parafiazalesie.org\/index.php\/wp-json\/wp\/v2\/media\/111"}],"wp:attachment":[{"href":"https:\/\/parafiazalesie.org\/index.php\/wp-json\/wp\/v2\/media?parent=313"}],"wp:term":[{"taxonomy":"category","embeddable":true,"href":"https:\/\/parafiazalesie.org\/index.php\/wp-json\/wp\/v2\/categories?post=313"},{"taxonomy":"post_tag","embeddable":true,"href":"https:\/\/parafiazalesie.org\/index.php\/wp-json\/wp\/v2\/tags?post=313"}],"curies":[{"name":"wp","href":"https:\/\/api.w.org\/{rel}","templated":true}]}}