{"id":296,"date":"2021-06-06T07:07:08","date_gmt":"2021-06-06T05:07:08","guid":{"rendered":"https:\/\/parafiazalesie.org\/?p=296"},"modified":"2021-06-06T07:07:08","modified_gmt":"2021-06-06T05:07:08","slug":"ogloszenia-x-niedziela-zwykla-6-06-2021-r","status":"publish","type":"post","link":"https:\/\/parafiazalesie.org\/index.php\/2021\/06\/06\/ogloszenia-x-niedziela-zwykla-6-06-2021-r\/","title":{"rendered":"OG\u0141OSZENIA X Niedziela Zwyk\u0142a (6.06.2021 r.)"},"content":{"rendered":"<ol>\n<li>W tym tygodniu dzieci z klas\u0105 4 prze\u017cywaj\u0105 <strong>rocznic\u0119 I Komunii \u015awi\u0119tej<\/strong> i tak: <strong>w poniedzia\u0142ek 4a, we wtorek 4b i w \u015brod\u0119 4c.<\/strong> Dzieci b\u0119d\u0105 mia\u0142y zarezerwowane \u015brodkowe \u0142awki tak jak w czasie I Komunii. Prosimy rodzic\u00f3w o dopilnowanie, \u017ceby dziecko &#8211; je\u015bli nie<br \/>\nby\u0142o do spowiedzi &#8211; przyst\u0105pi\u0142o do niej przed rocznic\u0105.<br \/>\nDzieci pe\u0142ni\u0105ce funkcje prosimy, by przysz\u0142y w dniu rocznicy o godz. 17:20 na kr\u00f3tk\u0105 pr\u00f3b\u0119.<\/li>\n<li><strong>Do czwartku<\/strong> trwa\u0107 b\u0119dzie <strong>oktawa Bo\u017cego Cia\u0142a<\/strong>. Po Mszy \u015bw. wieczornej b\u0119dziemy urz\u0105dza\u0107 procesj\u0119 eucharystyczn\u0105. Prosimy dzieci z rodzicami do trzepania kwiat\u00f3w i dzwonienia dzwonkami..<\/li>\n<li><strong>We wtorek<\/strong> 8 czerwca:\n<ul>\n<li>wspomnienie \u015bw. Jadwigi, kr\u00f3lowej,<\/li>\n<li>po Mszy \u015bw. spotkanie Wsp\u00f3lnoty Doros\u0142ych oraz Akcji Katolickiej.<\/li>\n<\/ul>\n<\/li>\n<li><strong>W \u015brod\u0119<\/strong> 9 czerwca:\n<ul>\n<li>po Mszy \u015bw. Nowenna do Matki Bo\u017cej Nieustaj\u0105cej Pomocy, Pani Zaleskiej, zach\u0119camy do pisania na kartkach podzi\u0119kowa\u0144 i pr\u00f3\u015bb,<\/li>\n<li>po Nowennie Adoracja Naj\u015bwi\u0119tszego Sakramentu do godz. 20:00.<\/li>\n<\/ul>\n<\/li>\n<li><strong>W czwartek<\/strong> 10 czerwca:\n<ul>\n<li>zako\u0144czenie oktawy Bo\u017cego Cia\u0142a. B\u0142ogos\u0142awie\u0144stwo dzieci, wiank\u00f3w i zi\u00f3\u0142,<\/li>\n<li>na godz. 17:00 zapraszamy wszystkich ch\u0142opc\u00f3w pragn\u0105cych zosta\u0107 ministrantami. Spotkanie odb\u0119dzie si\u0119 w salce w domu parafialnym. Prosimy rodzic\u00f3w, byzach\u0119cali i wspierali w decyzji zastania ministrantem swoich syn\u00f3w,<\/li>\n<li>po Mszy \u015bw. wieczornej w ko\u015bciele zbi\u00f3rka Liturgicznej S\u0142u\u017cby O\u0142tarza.<\/li>\n<\/ul>\n<\/li>\n<li><strong>W pi\u0105tek<\/strong> 11 czerwca:\n<ul>\n<li>uroczysto\u015b\u0107 Naj\u015bwi\u0119tszego Serca Pana Jezusa \u2013 odpust w Katedrze,<\/li>\n<li>od godz. 17:00 adoracja Naj\u015bwi\u0119tszego Sakramentu. Zapraszamy wszystkich pragn\u0105cych sp\u0119dzi\u0107 czas przed Jezusem Eucharystycznym,<\/li>\n<li>po wieczornej Mszy \u015bw. zapraszamy dzieci i m\u0142odzie\u017c na spotkanie Oazy.<\/li>\n<\/ul>\n<\/li>\n<li><strong>W sobot\u0119<\/strong> 12 czerwca:\n<ul>\n<li>wspomnienie Niepokalanego Serca Naj\u015bwi\u0119tszej Maryi Panny,<\/li>\n<\/ul>\n<\/li>\n<li><strong>W niedziel\u0119<\/strong> 13 czerwca:\n<ul>\n<li>r\u00f3\u017caniec poprowadzi R\u00f3\u017ca Pani Anny Czyrek.,<\/li>\n<\/ul>\n<\/li>\n<\/ol>\n","protected":false},"excerpt":{"rendered":"<p>W tym tygodniu dzieci z klas\u0105 4 prze\u017cywaj\u0105 rocznic\u0119 I Komunii \u015awi\u0119tej i tak: w poniedzia\u0142ek 4a, we wtorek 4b i w \u015brod\u0119 4c. Dzieci b\u0119d\u0105 mia\u0142y zarezerwowane \u015brodkowe \u0142awki tak jak w czasie I Komunii. Prosimy rodzic\u00f3w o dopilnowanie, \u017ceby dziecko &#8211; je\u015bli nie by\u0142o do spowiedzi &#8211; przyst\u0105pi\u0142o do niej przed rocznic\u0105. Dzieci <a class=\"read-more\" href=\"https:\/\/parafiazalesie.org\/index.php\/2021\/06\/06\/ogloszenia-x-niedziela-zwykla-6-06-2021-r\/\"><\/p>\n<p>Zobacz wi\u0119cej<\/a><\/p>\n","protected":false},"author":1,"featured_media":297,"comment_status":"closed","ping_status":"closed","sticky":false,"template":"","format":"standard","meta":{"ngg_post_thumbnail":0,"footnotes":""},"categories":[3],"tags":[],"class_list":["post-296","post","type-post","status-publish","format-standard","has-post-thumbnail","hentry","category-ogloszenia"],"_links":{"self":[{"href":"https:\/\/parafiazalesie.org\/index.php\/wp-json\/wp\/v2\/posts\/296","targetHints":{"allow":["GET"]}}],"collection":[{"href":"https:\/\/parafiazalesie.org\/index.php\/wp-json\/wp\/v2\/posts"}],"about":[{"href":"https:\/\/parafiazalesie.org\/index.php\/wp-json\/wp\/v2\/types\/post"}],"author":[{"embeddable":true,"href":"https:\/\/parafiazalesie.org\/index.php\/wp-json\/wp\/v2\/users\/1"}],"replies":[{"embeddable":true,"href":"https:\/\/parafiazalesie.org\/index.php\/wp-json\/wp\/v2\/comments?post=296"}],"version-history":[{"count":0,"href":"https:\/\/parafiazalesie.org\/index.php\/wp-json\/wp\/v2\/posts\/296\/revisions"}],"wp:featuredmedia":[{"embeddable":true,"href":"https:\/\/parafiazalesie.org\/index.php\/wp-json\/wp\/v2\/media\/297"}],"wp:attachment":[{"href":"https:\/\/parafiazalesie.org\/index.php\/wp-json\/wp\/v2\/media?parent=296"}],"wp:term":[{"taxonomy":"category","embeddable":true,"href":"https:\/\/parafiazalesie.org\/index.php\/wp-json\/wp\/v2\/categories?post=296"},{"taxonomy":"post_tag","embeddable":true,"href":"https:\/\/parafiazalesie.org\/index.php\/wp-json\/wp\/v2\/tags?post=296"}],"curies":[{"name":"wp","href":"https:\/\/api.w.org\/{rel}","templated":true}]}}