{"id":2556,"date":"2026-05-01T07:00:37","date_gmt":"2026-05-01T05:00:37","guid":{"rendered":"https:\/\/parafiazalesie.org\/?p=2556"},"modified":"2026-04-29T09:02:07","modified_gmt":"2026-04-29T07:02:07","slug":"intencje-mszalne-04-10-v-2026","status":"publish","type":"post","link":"https:\/\/parafiazalesie.org\/index.php\/2026\/05\/01\/intencje-mszalne-04-10-v-2026\/","title":{"rendered":"INTENCJE MSZALNE  04 &#8211; 10 V 2026"},"content":{"rendered":"<p><style>\n    body {\n      font-family: Arial, Helvetica, sans-serif;\n      font-size: 16px;\n      line-height: 1.5;\n      color: #222;\n      max-width: 1000px;\n      margin: 0 auto;\n      padding: 24px;\n      background: #fff;\n    }\n    h1, h2, h3, h4, h5, h6 {\n      margin: 1.2em 0 .5em;\n      line-height: 1.25;\n    }\n    p {\n      margin: 0 0 1em;\n    }\n    table {\n      width: 100%;\n      border-collapse: collapse;\n      margin: 1.2em 0;\n    }\n    table, th, td {\n      border: 1px solid #bfc5cc;\n    }\n    th, td {\n      padding: 8px 10px;\n      vertical-align: top;\n    }\n    td p:last-child, th p:last-child {\n      margin-bottom: 0;\n    }\n  <\/style>\n<\/p>\n<p>&nbsp;<\/p>\n<table style=\"width: 100%; height: 1384px;\">\n<tbody>\n<tr style=\"height: 92px;\">\n<td style=\"height: 92px;\" rowspan=\"2\">\n<p>Poniedzia\u0142ek<\/p>\n<p>04.V.2026<\/p>\n<p>&nbsp;<\/p>\n<\/td>\n<td style=\"height: 92px;\">\n<p>7.00<\/p>\n<\/td>\n<td style=\"height: 92px;\">\n<p>+ Joanna Bem \u2013 greg.<\/p>\n<p>+ Janina Chmiel<\/p>\n<\/td>\n<\/tr>\n<tr style=\"height: 92px;\">\n<td style=\"height: 92px;\">\n<p>18.00<\/p>\n<\/td>\n<td style=\"height: 92px;\">\n<p>O \u0142aski Ducha \u015awi\u0119tego dla Mi\u0142osza w egzaminach maturalnych<\/p>\n<p>+ Barbara Oleksiewicz \u2013 od Marii i Jana Pazgan z rodzin\u0105<\/p>\n<\/td>\n<\/tr>\n<tr style=\"height: 92px;\">\n<td style=\"height: 92px;\" rowspan=\"2\">\n<p>Wtorek<\/p>\n<p>05.V.2026<\/p>\n<p>&nbsp;<\/p>\n<\/td>\n<td style=\"height: 92px;\">\n<p>7.00<\/p>\n<\/td>\n<td style=\"height: 92px;\">\n<p>O zdrowie i Bo\u017ce b\u0142ogos\u0142awie\u0144stwo dla Tomasza z podzi\u0119kowaniem za dotychczasowe \u0142aski<\/p>\n<p>+ Joanna Bem \u2013 greg.<\/p>\n<\/td>\n<\/tr>\n<tr style=\"height: 92px;\">\n<td style=\"height: 92px;\">\n<p>18.00<\/p>\n<\/td>\n<td style=\"height: 92px;\">\n<p>O Bo\u017ce b\u0142ogos\u0142awie\u0144stwo dla si\u00f3str z R\u00f3\u017cy \u015bw. Barbary i ich rodzin<\/p>\n<p>+ Barbara Oleksiewicz \u2013 od te\u015bcia<\/p>\n<\/td>\n<\/tr>\n<tr style=\"height: 92px;\">\n<td style=\"height: 92px;\" rowspan=\"2\">\n<p>\u015aroda<\/p>\n<p>06.V.2026<\/p>\n<p>&nbsp;<\/p>\n<\/td>\n<td style=\"height: 92px;\">\n<p>7.00<\/p>\n<\/td>\n<td style=\"height: 92px;\">\n<p>O Bo\u017ce b\u0142ogos\u0142awie\u0144stwo dla si\u00f3str z R\u00f3\u017cy \u015bw. Kr\u00f3lowej Jadwigi i \u017cycie wieczne dla zmar\u0142ych<\/p>\n<p>+ Joanna Bem \u2013 greg.<\/p>\n<\/td>\n<\/tr>\n<tr style=\"height: 92px;\">\n<td style=\"height: 92px;\">\n<p>18.00<\/p>\n<\/td>\n<td style=\"height: 92px;\">\n<p>O Bo\u017ce b\u0142ogos\u0142awie\u0144stwo dla si\u00f3str z R\u00f3\u017cy b\u0142. Marii Teresy Led\u00f3chowskiej<\/p>\n<p>O zdrowie i Bo\u017ce b\u0142ogos\u0142awie\u0144stwo dla si\u00f3str z R\u00f3\u017cy \u015bw. Urszuli Led\u00f3chowskiej<\/p>\n<\/td>\n<\/tr>\n<tr style=\"height: 92px;\">\n<td style=\"height: 92px;\" rowspan=\"2\">\n<p>Czwartek<\/p>\n<p>07.V.2026<\/p>\n<p>&nbsp;<\/p>\n<\/td>\n<td style=\"height: 92px;\">\n<p>7.00<\/p>\n<\/td>\n<td style=\"height: 92px;\">\n<p>O zdrowie i b\u0142ogos\u0142awie\u0144stwo Bo\u017ce dla Marii i Edwarda z podzi\u0119kowaniem za dotychczasowe \u0142aski<\/p>\n<p>+ Joanna Bem \u2013 greg.<\/p>\n<\/td>\n<\/tr>\n<tr style=\"height: 92px;\">\n<td style=\"height: 92px;\">\n<p>18.00<\/p>\n<\/td>\n<td style=\"height: 92px;\">\n<p>O dar m\u0105dro\u015bci, m\u0119stwa i \u015bwi\u0119to\u015b\u0107 dla kap\u0142an\u00f3w, oraz o nowe powo\u0142ania do s\u0142u\u017cby Panu<\/p>\n<p>+ Barbara Oleksiewicz<\/p>\n<\/td>\n<\/tr>\n<tr style=\"height: 92px;\">\n<td style=\"height: 92px;\" rowspan=\"2\">\n<p>Pi\u0105tek08.V.2026<\/p>\n<p>&nbsp;<\/p>\n<\/td>\n<td style=\"height: 92px;\">\n<p>7.00<\/p>\n<\/td>\n<td style=\"height: 92px;\">\n<p>+ Joanna Bem \u2013 greg.<\/p>\n<p>+ Boles\u0142aw Barci\u0144ski &#8211; w 3 rocznic\u0119 \u015bmierci<\/p>\n<\/td>\n<\/tr>\n<tr style=\"height: 92px;\">\n<td style=\"height: 92px;\">\n<p>18.00<\/p>\n<\/td>\n<td style=\"height: 92px;\">\n<p>Wynagradzaj\u0105ca Naj\u015bwi\u0119tszemu Sercu Pana Jezusa i o intronizacj\u0119 w sercach ludzkich, oraz za adoruj\u0105cych Pana Jezusa &#8211; intencja od Wsp\u00f3lnoty Intronizacyjnej<\/p>\n<p>+ Jakub Le\u015bniak &#8211; w 3 rocznic\u0119 \u015bmierci<\/p>\n<\/td>\n<\/tr>\n<tr style=\"height: 92px;\">\n<td style=\"height: 92px;\" rowspan=\"2\">\n<p>Sobota<\/p>\n<p>09.V.2026<\/p>\n<p>&nbsp;<\/p>\n<\/td>\n<td style=\"height: 92px;\">\n<p>7.00<\/p>\n<\/td>\n<td style=\"height: 92px;\">\n<p>O zdrowie i b\u0142ogos\u0142awie\u0144stwo Bo\u017ce dla Agaty i Marcina z podzi\u0119kowaniem za dotychczasowe \u0142aski<\/p>\n<p>+ Joanna Bem \u2013 greg.<\/p>\n<\/td>\n<\/tr>\n<tr style=\"height: 92px;\">\n<td style=\"height: 92px;\">\n<p>18.00<\/p>\n<\/td>\n<td style=\"height: 92px;\">\n<p>O Bo\u017ce b\u0142ogos\u0142awie\u0144stwo dla cz\u0142onk\u00f3w Apostolstwa Dobrej \u015amierci i rado\u015b\u0107 \u017cycia wiecznego dla zmar\u0142ych cz\u0142onk\u00f3w<\/p>\n<p>+ O rado\u015b\u0107 nieba dla rodzic\u00f3w chrzestnych Zofii i Mariana<\/p>\n<\/td>\n<\/tr>\n<tr style=\"height: 92px;\">\n<td style=\"height: 92px;\" rowspan=\"5\">\n<p>Niedziela<\/p>\n<p>10.V.2026<\/p>\n<p>&nbsp;<\/p>\n<p>&nbsp;<\/p>\n<p>&nbsp;<\/p>\n<p>&nbsp;<\/p>\n<\/td>\n<td style=\"height: 92px;\">\n<p>7.00<\/p>\n<\/td>\n<td style=\"height: 92px;\">\n<p>+ Sylwia Podkulska &#8211; intencja od narzeczonego Grzegorza<\/p>\n<p>+ Barbara Oleksiewicz \u2013 od szwagierki<\/p>\n<\/td>\n<\/tr>\n<tr style=\"height: 47px;\">\n<td style=\"height: 47px;\">\n<p>9.00<\/p>\n<\/td>\n<td style=\"height: 47px;\">\n<p>+ Joanna Bem \u2013 greg.<\/p>\n<\/td>\n<\/tr>\n<tr style=\"height: 47px;\">\n<td style=\"height: 47px;\">\n<p>10.30<\/p>\n<\/td>\n<td style=\"height: 47px;\">\n<p>W intencji m\u0142odzie\u017cy bierzmowanej o Bo\u017ce b\u0142ogos\u0142awie\u0144stwo, wsp\u00f3\u0142prac\u0119 z darami Ducha \u015awi\u0119tego, potrzebne \u0142aski na czas egzamin\u00f3w ko\u0144cowych i dobry wyb\u00f3r szk\u00f3\u0142 \u015brednich<\/p>\n<\/td>\n<\/tr>\n<tr style=\"height: 47px;\">\n<td style=\"height: 47px;\">\n<p>12.00<\/p>\n<\/td>\n<td style=\"height: 47px;\">\n<p>Z R\u00f3\u017cy \u015bw. Kingi o Bo\u017ce b\u0142ogos\u0142awie\u0144stwo opiek\u0119 Matki Bo\u017cej dla cz\u0142onki\u0144 R\u00f3\u017cy<\/p>\n<\/td>\n<\/tr>\n<tr style=\"height: 47px;\">\n<td style=\"height: 47px;\">\n<p>17.00<\/p>\n<\/td>\n<td style=\"height: 47px;\">\n<p>+ Dariusz Ziaja \u2013 w 1 rocznic\u0119 \u015bmierci<\/p>\n<\/td>\n<\/tr>\n<\/tbody>\n<\/table>\n<p>SPOWIED\u0179<\/p>\n<p>W tygodniu &#8211; przed Msz\u0105 \u015bw. (nie ma spowiedzi w czasie Eucharystii)<\/p>\n<p>W niedziel\u0119 &#8211; w czasie Mszy \u015bw.<\/p>\n","protected":false},"excerpt":{"rendered":"<p>&nbsp; Poniedzia\u0142ek 04.V.2026 &nbsp; 7.00 + Joanna Bem \u2013 greg. + Janina Chmiel 18.00 O \u0142aski Ducha \u015awi\u0119tego dla Mi\u0142osza w egzaminach maturalnych + Barbara Oleksiewicz \u2013 od Marii i Jana Pazgan z rodzin\u0105 Wtorek 05.V.2026 &nbsp; 7.00 O zdrowie i Bo\u017ce b\u0142ogos\u0142awie\u0144stwo dla Tomasza z podzi\u0119kowaniem za dotychczasowe \u0142aski + Joanna Bem \u2013 greg. <a class=\"read-more\" href=\"https:\/\/parafiazalesie.org\/index.php\/2026\/05\/01\/intencje-mszalne-04-10-v-2026\/\"><\/p>\n<p>Zobacz wi\u0119cej<\/a><\/p>\n","protected":false},"author":1,"featured_media":111,"comment_status":"closed","ping_status":"closed","sticky":false,"template":"","format":"standard","meta":{"ngg_post_thumbnail":0,"footnotes":""},"categories":[5],"tags":[],"class_list":["post-2556","post","type-post","status-publish","format-standard","has-post-thumbnail","hentry","category-intencje"],"_links":{"self":[{"href":"https:\/\/parafiazalesie.org\/index.php\/wp-json\/wp\/v2\/posts\/2556","targetHints":{"allow":["GET"]}}],"collection":[{"href":"https:\/\/parafiazalesie.org\/index.php\/wp-json\/wp\/v2\/posts"}],"about":[{"href":"https:\/\/parafiazalesie.org\/index.php\/wp-json\/wp\/v2\/types\/post"}],"author":[{"embeddable":true,"href":"https:\/\/parafiazalesie.org\/index.php\/wp-json\/wp\/v2\/users\/1"}],"replies":[{"embeddable":true,"href":"https:\/\/parafiazalesie.org\/index.php\/wp-json\/wp\/v2\/comments?post=2556"}],"version-history":[{"count":2,"href":"https:\/\/parafiazalesie.org\/index.php\/wp-json\/wp\/v2\/posts\/2556\/revisions"}],"predecessor-version":[{"id":2558,"href":"https:\/\/parafiazalesie.org\/index.php\/wp-json\/wp\/v2\/posts\/2556\/revisions\/2558"}],"wp:featuredmedia":[{"embeddable":true,"href":"https:\/\/parafiazalesie.org\/index.php\/wp-json\/wp\/v2\/media\/111"}],"wp:attachment":[{"href":"https:\/\/parafiazalesie.org\/index.php\/wp-json\/wp\/v2\/media?parent=2556"}],"wp:term":[{"taxonomy":"category","embeddable":true,"href":"https:\/\/parafiazalesie.org\/index.php\/wp-json\/wp\/v2\/categories?post=2556"},{"taxonomy":"post_tag","embeddable":true,"href":"https:\/\/parafiazalesie.org\/index.php\/wp-json\/wp\/v2\/tags?post=2556"}],"curies":[{"name":"wp","href":"https:\/\/api.w.org\/{rel}","templated":true}]}}