{"id":2553,"date":"2026-05-02T07:01:19","date_gmt":"2026-05-02T05:01:19","guid":{"rendered":"https:\/\/parafiazalesie.org\/?p=2553"},"modified":"2026-04-29T07:59:23","modified_gmt":"2026-04-29T05:59:23","slug":"ogloszenia-parafialne-v-niedziela-wielkanocna-3-maja-2026-r","status":"publish","type":"post","link":"https:\/\/parafiazalesie.org\/index.php\/2026\/05\/02\/ogloszenia-parafialne-v-niedziela-wielkanocna-3-maja-2026-r\/","title":{"rendered":"Og\u0142oszenia parafialne  V Niedziela Wielkanocna \u2013 3 maja 2026 r."},"content":{"rendered":"<h2>Og\u0142oszenia parafialne<\/h2>\n<p><strong>V Niedziela Wielkanocna \u2013 3 maja 2026 r.<\/strong><\/p>\n<ol>\n<li>Rozpocz\u0119li\u015bmy miesi\u0105c maj, a wraz z nim nabo\u017ce\u0144stwa majowe. Ka\u017cdy z nas ma mo\u017cliwo\u015b\u0107 odnowienia i pog\u0142\u0119bienia swojej relacji z Matk\u0105 Bo\u017c\u0105 poprzez udzia\u0142 w nabo\u017ce\u0144stwach majowych w ko\u015bciele oraz przy kapliczkach znajduj\u0105cych si\u0119 w r\u00f3\u017cnych miejscach naszej parafii. Zadbajmy o to, aby kapliczki zosta\u0142y przyozdobione, ale przede wszystkim, aby zaprosi\u0107 rodzin\u0119 i s\u0105siad\u00f3w do wsp\u00f3lnej modlitwy. <br \/>\n<strong>Nabo\u017ce\u0144stwa majowe w ko\u015bciele po Mszy \u015bw. wieczornej.<\/strong><\/li>\n<li>Dzi\u015b po Mszy \u015bw. o godz. <strong>7:00<\/strong> \u2013 zmiana tajemnic r\u00f3\u017ca\u0144cowych.<\/li>\n<li><strong>W \u015brod\u0119 6 maja:<\/strong>\n<ul>\n<li>\u015bwi\u0119to Aposto\u0142\u00f3w Filipa i Jakuba,<\/li>\n<li>po Mszy \u015bw. Nowenna do Matki Bo\u017cej Nieustaj\u0105cej Pomocy \u2013 Pani Zaleskiej, z podzi\u0119kowaniami i pro\u015bbami,<\/li>\n<li>po Nowennie adoracja Naj\u015bwi\u0119tszego Sakramentu do godz. <strong>20:00<\/strong>.<\/li>\n<\/ul>\n<\/li>\n<li><strong>W czwartek 7 maja:<\/strong>\n<ul>\n<li>przypada pierwszy czwartek miesi\u0105ca.<\/li>\n<\/ul>\n<\/li>\n<li><strong>W pi\u0105tek 8 maja:<\/strong>\n<ul>\n<li>uroczysto\u015b\u0107 \u015bw. Stanis\u0142awa, biskupa i m\u0119czennika, patrona Polski,<\/li>\n<li>pierwsza rocznica wyboru Ojca \u015awi\u0119tego Leona XIV na Stolic\u0119 Piotrow\u0105 \u2013 polecajmy Papie\u017ca w modlitwie,<\/li>\n<li>od godz. <strong>17:00 do 18:00<\/strong> adoracja Naj\u015bwi\u0119tszego Sakramentu, prowadzona przez Wsp\u00f3lnot\u0119 Intronizacyjn\u0105.<\/li>\n<\/ul>\n<\/li>\n<li><strong>W sobot\u0119 9 maja:<\/strong>\n<ul>\n<li>o godz. <strong>17:30<\/strong> Apostolstwo Dobrej \u015amierci zaprasza swoich cz\u0142onk\u00f3w oraz wszystkich ch\u0119tnych na Koronk\u0119 do Siedmiu Bole\u015bci Matki Bo\u017cej, a nast\u0119pnie na Eucharysti\u0119 w intencji cz\u0142onk\u00f3w ADS oraz o \u017cycie wieczne dla zmar\u0142ych cz\u0142onk\u00f3w.<\/li>\n<\/ul>\n<\/li>\n<li><strong>W niedziel\u0119 10 maja:<\/strong>\n<ul>\n<li>R\u00f3\u017caniec poprowadzi R\u00f3\u017ca b\u0142. El\u017cbiety R\u00f3\u017cy Czackiej.<\/li>\n<\/ul>\n<\/li>\n<li>Nasze przygotowanie do Misji \u015awi\u0119tych, kt\u00f3re odb\u0119d\u0105 si\u0119 w parafii w dniach <strong>14\u201319 czerwca<\/strong>, wymaga zaplanowania czasu, aby\u015bmy mogli w nich uczestniczy\u0107 na miar\u0119 naszych mo\u017cliwo\u015bci. Pragniemy tak\u017ce wspiera\u0107 to przygotowanie modlitw\u0105, wypraszaj\u0105c potrzebne \u0142aski do odnowienia relacji z Bogiem i umocnienia \u017cycia moralnego. <br \/>\nNa czas przygotowa\u0144 wprowadzamy <strong>dodatkow\u0105 adoracj\u0119 Naj\u015bwi\u0119tszego Sakramentu w ka\u017cdy poniedzia\u0142ek po Mszy \u015bw. wieczornej<\/strong>.<\/li>\n<li>Czytajmy i rozwa\u017cajmy S\u0142owo Bo\u017ce. Pod ch\u00f3rem dost\u0119pna jest nowa prasa katolicka \u2013 si\u0119gajmy po ni\u0105, aby lepiej pozna\u0107 \u017cycie Ko\u015bcio\u0142a, do kt\u00f3rego nale\u017cymy od chwili chrztu \u015bwi\u0119tego.<\/li>\n<\/ol>\n<h3>Spotkania<\/h3>\n<ul>\n<li>Ch\u00f3r \u201eCredo\u201d \u2013 wtorek, godz. <strong>18:00<\/strong><\/li>\n<li>Wsp\u00f3lnota Biblijna Doros\u0142ych \u2013 wtorek po Mszy \u015bw. (Dom Parafialny)<\/li>\n<li>LSO \u2013 \u015broda po Mszy \u015bw.<\/li>\n<li>Ruch \u015awiat\u0142o\u2013\u017bycie \u2013 pi\u0105tek po Mszy \u015bw.<\/li>\n<\/ul>\n","protected":false},"excerpt":{"rendered":"<p>Og\u0142oszenia parafialne V Niedziela Wielkanocna \u2013 3 maja 2026 r. Rozpocz\u0119li\u015bmy miesi\u0105c maj, a wraz z nim nabo\u017ce\u0144stwa majowe. Ka\u017cdy z nas ma mo\u017cliwo\u015b\u0107 odnowienia i pog\u0142\u0119bienia swojej relacji z Matk\u0105 Bo\u017c\u0105 poprzez udzia\u0142 w nabo\u017ce\u0144stwach majowych w ko\u015bciele oraz przy kapliczkach znajduj\u0105cych si\u0119 w r\u00f3\u017cnych miejscach naszej parafii. Zadbajmy o to, aby kapliczki zosta\u0142y <a class=\"read-more\" href=\"https:\/\/parafiazalesie.org\/index.php\/2026\/05\/02\/ogloszenia-parafialne-v-niedziela-wielkanocna-3-maja-2026-r\/\"><\/p>\n<p>Zobacz wi\u0119cej<\/a><\/p>\n","protected":false},"author":1,"featured_media":2554,"comment_status":"closed","ping_status":"closed","sticky":false,"template":"","format":"standard","meta":{"ngg_post_thumbnail":0,"footnotes":""},"categories":[3],"tags":[],"class_list":["post-2553","post","type-post","status-publish","format-standard","has-post-thumbnail","hentry","category-ogloszenia"],"_links":{"self":[{"href":"https:\/\/parafiazalesie.org\/index.php\/wp-json\/wp\/v2\/posts\/2553","targetHints":{"allow":["GET"]}}],"collection":[{"href":"https:\/\/parafiazalesie.org\/index.php\/wp-json\/wp\/v2\/posts"}],"about":[{"href":"https:\/\/parafiazalesie.org\/index.php\/wp-json\/wp\/v2\/types\/post"}],"author":[{"embeddable":true,"href":"https:\/\/parafiazalesie.org\/index.php\/wp-json\/wp\/v2\/users\/1"}],"replies":[{"embeddable":true,"href":"https:\/\/parafiazalesie.org\/index.php\/wp-json\/wp\/v2\/comments?post=2553"}],"version-history":[{"count":1,"href":"https:\/\/parafiazalesie.org\/index.php\/wp-json\/wp\/v2\/posts\/2553\/revisions"}],"predecessor-version":[{"id":2555,"href":"https:\/\/parafiazalesie.org\/index.php\/wp-json\/wp\/v2\/posts\/2553\/revisions\/2555"}],"wp:featuredmedia":[{"embeddable":true,"href":"https:\/\/parafiazalesie.org\/index.php\/wp-json\/wp\/v2\/media\/2554"}],"wp:attachment":[{"href":"https:\/\/parafiazalesie.org\/index.php\/wp-json\/wp\/v2\/media?parent=2553"}],"wp:term":[{"taxonomy":"category","embeddable":true,"href":"https:\/\/parafiazalesie.org\/index.php\/wp-json\/wp\/v2\/categories?post=2553"},{"taxonomy":"post_tag","embeddable":true,"href":"https:\/\/parafiazalesie.org\/index.php\/wp-json\/wp\/v2\/tags?post=2553"}],"curies":[{"name":"wp","href":"https:\/\/api.w.org\/{rel}","templated":true}]}}